{"id":1957,"date":"2017-07-30T20:37:40","date_gmt":"2017-07-30T20:37:40","guid":{"rendered":"http:\/\/jessel.de\/365-tage-sylt\/?p=1957"},"modified":"2017-07-30T20:49:16","modified_gmt":"2017-07-30T20:49:16","slug":"beruflich-unterwegs","status":"publish","type":"post","link":"https:\/\/jessel.de\/365-tage-sylt\/beruflich-unterwegs\/","title":{"rendered":"Beruflich unterwegs&#8230;"},"content":{"rendered":"<p>Der Foto- und Syltfreund als solcher meint \u00fcberwiegend, das Leben eines Inselfotografen sei grunds\u00e4tzlich erfreulich. Haha, stimmt im Prinzip auch &#8211; allerdings nicht immer.<\/p>\n<p>So galt es heute, einige Locations zu checken, die eher nicht zu meinen Herzensangelegenheiten geh\u00f6ren&#8230; das neue Porsche(!) &#8211; Zentrum in Tinnum zum Beispiel. W\u00fcrg. Das Schlimmste: Ich hoffte, den idealen Zeitpunkt f\u00fcr Aufnahmen getroffen zu haben, was aber mitnichten der Fall war. Also muss ich nochmaaal hin. Bitte f\u00fchlt mit mir!<\/p>\n<p>Eine andere Geschichte lief besser: F\u00fcr eine Serie &#8222;Sylt &#8211; fr\u00fcher und heute&#8220; gilt es, aktuelle Bilder anzufertigen von Objekten\/Landschaften, die vor 100 Jahren und mehr aus gleicher Position fotografiert wurden. Heute stand die Rantum Inge aufm Programm:<\/p>\n<p><img loading=\"lazy\" decoding=\"async\" class=\"alignnone size-full wp-image-1961\" src=\"http:\/\/jessel.de\/365-tage-sylt\/wp-content\/uploads\/2017\/07\/L1006210.jpg\" alt=\"\" width=\"1258\" height=\"800\" srcset=\"https:\/\/jessel.de\/365-tage-sylt\/wp-content\/uploads\/2017\/07\/L1006210.jpg 1258w, https:\/\/jessel.de\/365-tage-sylt\/wp-content\/uploads\/2017\/07\/L1006210-300x191.jpg 300w, https:\/\/jessel.de\/365-tage-sylt\/wp-content\/uploads\/2017\/07\/L1006210-768x488.jpg 768w, https:\/\/jessel.de\/365-tage-sylt\/wp-content\/uploads\/2017\/07\/L1006210-1024x651.jpg 1024w\" sizes=\"auto, (max-width: 1258px) 100vw, 1258px\" \/><\/p>\n<p>Ich werde versuchen, morgen das antike Pendant nach zu liefern, damit Ihr den Reiz des Vergeichs erkennt,<\/p>\n<p>F\u00fcr heute muss es erstmal reichen&#8230;<\/p>\n","protected":false},"excerpt":{"rendered":"<p>Der Foto- und Syltfreund als solcher meint \u00fcberwiegend, das Leben eines Inselfotografen sei grunds\u00e4tzlich erfreulich. Haha, stimmt im Prinzip auch &#8211; allerdings nicht immer. So galt es heute, einige Locations zu checken, die eher nicht zu meinen Herzensangelegenheiten geh\u00f6ren&#8230; das neue Porsche(!) &#8211; Zentrum in Tinnum zum Beispiel. W\u00fcrg. Das Schlimmste: Ich hoffte, den idealen Zeitpunkt f\u00fcr Aufnahmen getroffen zu haben, was aber mitnichten der Fall war. Also muss ich&hellip;<\/p>\n","protected":false},"author":2,"featured_media":1960,"comment_status":"open","ping_status":"open","sticky":false,"template":"","format":"standard","meta":{"footnotes":""},"categories":[27,39,28,1,46,31,2,29],"tags":[],"class_list":["post-1957","post","type-post","status-publish","format-standard","has-post-thumbnail","hentry","category-alle-bilder","category-arbeit","category-haeuser","category-uncategorized","category-sommer","category-tinnum","category-tourismus","category-verkehr"],"jetpack_featured_media_url":"https:\/\/jessel.de\/365-tage-sylt\/wp-content\/uploads\/2017\/07\/L1006193.jpg","_links":{"self":[{"href":"https:\/\/jessel.de\/365-tage-sylt\/wp-json\/wp\/v2\/posts\/1957","targetHints":{"allow":["GET"]}}],"collection":[{"href":"https:\/\/jessel.de\/365-tage-sylt\/wp-json\/wp\/v2\/posts"}],"about":[{"href":"https:\/\/jessel.de\/365-tage-sylt\/wp-json\/wp\/v2\/types\/post"}],"author":[{"embeddable":true,"href":"https:\/\/jessel.de\/365-tage-sylt\/wp-json\/wp\/v2\/users\/2"}],"replies":[{"embeddable":true,"href":"https:\/\/jessel.de\/365-tage-sylt\/wp-json\/wp\/v2\/comments?post=1957"}],"version-history":[{"count":4,"href":"https:\/\/jessel.de\/365-tage-sylt\/wp-json\/wp\/v2\/posts\/1957\/revisions"}],"predecessor-version":[{"id":1963,"href":"https:\/\/jessel.de\/365-tage-sylt\/wp-json\/wp\/v2\/posts\/1957\/revisions\/1963"}],"wp:featuredmedia":[{"embeddable":true,"href":"https:\/\/jessel.de\/365-tage-sylt\/wp-json\/wp\/v2\/media\/1960"}],"wp:attachment":[{"href":"https:\/\/jessel.de\/365-tage-sylt\/wp-json\/wp\/v2\/media?parent=1957"}],"wp:term":[{"taxonomy":"category","embeddable":true,"href":"https:\/\/jessel.de\/365-tage-sylt\/wp-json\/wp\/v2\/categories?post=1957"},{"taxonomy":"post_tag","embeddable":true,"href":"https:\/\/jessel.de\/365-tage-sylt\/wp-json\/wp\/v2\/tags?post=1957"}],"curies":[{"name":"wp","href":"https:\/\/api.w.org\/{rel}","templated":true}]}}