{"id":1982,"date":"2017-08-01T18:07:42","date_gmt":"2017-08-01T18:07:42","guid":{"rendered":"http:\/\/jessel.de\/365-tage-sylt\/?p=1982"},"modified":"2017-08-01T18:43:09","modified_gmt":"2017-08-01T18:43:09","slug":"ein-mittagessen-in-der-sansibar","status":"publish","type":"post","link":"https:\/\/jessel.de\/365-tage-sylt\/ein-mittagessen-in-der-sansibar\/","title":{"rendered":"Ein Mittagessen in der Sansibar"},"content":{"rendered":"<p>Ein Blog-Leser der ersten Stunde l\u00e4dt mich in die Sansibar ein. Darf ich erinnern? Hochsaison! Sch\u00f6\u00f6\u00f6nes Wetter! Mittags! Menschenmassen! Ohne Hans normalerweise &#8211; aber ich dr\u00fccke ein Auge zu. Nein, beide:<\/p>\n<p><img loading=\"lazy\" decoding=\"async\" class=\"alignnone size-full wp-image-1991\" src=\"http:\/\/jessel.de\/365-tage-sylt\/wp-content\/uploads\/2017\/08\/IMG_1169.jpg\" alt=\"\" width=\"1421\" height=\"852\" srcset=\"https:\/\/jessel.de\/365-tage-sylt\/wp-content\/uploads\/2017\/08\/IMG_1169.jpg 1421w, https:\/\/jessel.de\/365-tage-sylt\/wp-content\/uploads\/2017\/08\/IMG_1169-300x180.jpg 300w, https:\/\/jessel.de\/365-tage-sylt\/wp-content\/uploads\/2017\/08\/IMG_1169-768x460.jpg 768w, https:\/\/jessel.de\/365-tage-sylt\/wp-content\/uploads\/2017\/08\/IMG_1169-1024x614.jpg 1024w\" sizes=\"auto, (max-width: 1421px) 100vw, 1421px\" \/><\/p>\n<p>Das Bild des Tages liefern die Kinder auf dem Spielplatz nebenan:<\/p>\n<p><img loading=\"lazy\" decoding=\"async\" class=\"alignnone size-full wp-image-1983\" src=\"http:\/\/jessel.de\/365-tage-sylt\/wp-content\/uploads\/2017\/08\/IMG_1161.jpg\" alt=\"\" width=\"1421\" height=\"848\" srcset=\"https:\/\/jessel.de\/365-tage-sylt\/wp-content\/uploads\/2017\/08\/IMG_1161.jpg 1421w, https:\/\/jessel.de\/365-tage-sylt\/wp-content\/uploads\/2017\/08\/IMG_1161-300x179.jpg 300w, https:\/\/jessel.de\/365-tage-sylt\/wp-content\/uploads\/2017\/08\/IMG_1161-768x458.jpg 768w, https:\/\/jessel.de\/365-tage-sylt\/wp-content\/uploads\/2017\/08\/IMG_1161-1024x611.jpg 1024w\" sizes=\"auto, (max-width: 1421px) 100vw, 1421px\" \/><\/p>\n<p>Wir also rein und zweimal Fischfondue bestellt. Auf dem Foto (Ausschnitt) fehlt noch das Knoblauchbrot, sorry \u261d\ufe0f&#x1f609;:<\/p>\n<p><img loading=\"lazy\" decoding=\"async\" class=\"alignnone size-full wp-image-1984\" src=\"http:\/\/jessel.de\/365-tage-sylt\/wp-content\/uploads\/2017\/08\/IMG_1162.jpg\" alt=\"\" width=\"1421\" height=\"773\" srcset=\"https:\/\/jessel.de\/365-tage-sylt\/wp-content\/uploads\/2017\/08\/IMG_1162.jpg 1421w, https:\/\/jessel.de\/365-tage-sylt\/wp-content\/uploads\/2017\/08\/IMG_1162-300x163.jpg 300w, https:\/\/jessel.de\/365-tage-sylt\/wp-content\/uploads\/2017\/08\/IMG_1162-768x418.jpg 768w, https:\/\/jessel.de\/365-tage-sylt\/wp-content\/uploads\/2017\/08\/IMG_1162-1024x557.jpg 1024w\" sizes=\"auto, (max-width: 1421px) 100vw, 1421px\" \/><\/p>\n<p>SO gl\u00fccklich sieht im \u00dcbrigen ein Blog-Leser aus, der mich zum Essen einl\u00e4dt &#8211; nur zur Info &#x1f602;:<\/p>\n<p><img loading=\"lazy\" decoding=\"async\" class=\"alignnone size-full wp-image-1986\" src=\"http:\/\/jessel.de\/365-tage-sylt\/wp-content\/uploads\/2017\/08\/IMG_1164.jpg\" alt=\"\" width=\"1421\" height=\"964\" srcset=\"https:\/\/jessel.de\/365-tage-sylt\/wp-content\/uploads\/2017\/08\/IMG_1164.jpg 1421w, https:\/\/jessel.de\/365-tage-sylt\/wp-content\/uploads\/2017\/08\/IMG_1164-300x204.jpg 300w, https:\/\/jessel.de\/365-tage-sylt\/wp-content\/uploads\/2017\/08\/IMG_1164-768x521.jpg 768w, https:\/\/jessel.de\/365-tage-sylt\/wp-content\/uploads\/2017\/08\/IMG_1164-1024x695.jpg 1024w\" sizes=\"auto, (max-width: 1421px) 100vw, 1421px\" \/><\/p>\n<p>Gr\u00f6\u00dftes Kino der Wein: Einem proven\u00e7alischen Wei\u00dfen von der Domaine Ott folgt ein Nahe-Riesling vom Weingut D\u00f6nnhoff. M\u00f6nsch kann das Leben sch\u00f6n sein&#8230; dann, zum Nachtisch, ein Eiswein(!) vom Gr\u00fcnen Veltliner vom Weingut T\u00fcrk &#8211; zugegeben ein Neuling auf meiner Zunge. Da kann auch mein Gegen\u00fcber nur begeistert blicken:<\/p>\n<p><img loading=\"lazy\" decoding=\"async\" class=\"alignnone size-full wp-image-1988\" src=\"http:\/\/jessel.de\/365-tage-sylt\/wp-content\/uploads\/2017\/08\/IMG_1166.jpg\" alt=\"\" width=\"1421\" height=\"2527\" srcset=\"https:\/\/jessel.de\/365-tage-sylt\/wp-content\/uploads\/2017\/08\/IMG_1166.jpg 1421w, https:\/\/jessel.de\/365-tage-sylt\/wp-content\/uploads\/2017\/08\/IMG_1166-169x300.jpg 169w, https:\/\/jessel.de\/365-tage-sylt\/wp-content\/uploads\/2017\/08\/IMG_1166-768x1366.jpg 768w, https:\/\/jessel.de\/365-tage-sylt\/wp-content\/uploads\/2017\/08\/IMG_1166-576x1024.jpg 576w\" sizes=\"auto, (max-width: 1421px) 100vw, 1421px\" \/><\/p>\n<p>Und der Kaiserschmarrn des Hauses ist sowieso legend\u00e4r.<\/p>\n<p>Schon nach vier Stunden (kurz nach 17 Uhr) sind wir fertig. Zum Abschluss a little rainshower an der Bushalte:<\/p>\n<p><img loading=\"lazy\" decoding=\"async\" class=\"alignnone size-full wp-image-1989\" src=\"http:\/\/jessel.de\/365-tage-sylt\/wp-content\/uploads\/2017\/08\/IMG_1167.jpg\" alt=\"\" width=\"1421\" height=\"929\" srcset=\"https:\/\/jessel.de\/365-tage-sylt\/wp-content\/uploads\/2017\/08\/IMG_1167.jpg 1421w, https:\/\/jessel.de\/365-tage-sylt\/wp-content\/uploads\/2017\/08\/IMG_1167-300x196.jpg 300w, https:\/\/jessel.de\/365-tage-sylt\/wp-content\/uploads\/2017\/08\/IMG_1167-768x502.jpg 768w, https:\/\/jessel.de\/365-tage-sylt\/wp-content\/uploads\/2017\/08\/IMG_1167-1024x669.jpg 1024w\" sizes=\"auto, (max-width: 1421px) 100vw, 1421px\" \/><\/p>\n<p>Und damit nicht der Verdacht aufkommt, ich w\u00fcrde keine sch\u00f6\u00f6\u00f6nen Syltfotos mehr fabrizieren, hier nur Eines vom heutigen Vormittag:<\/p>\n<p><img loading=\"lazy\" decoding=\"async\" class=\"alignnone size-full wp-image-1990\" src=\"http:\/\/jessel.de\/365-tage-sylt\/wp-content\/uploads\/2017\/08\/IMG_1168.jpg\" alt=\"\" width=\"1421\" height=\"803\" srcset=\"https:\/\/jessel.de\/365-tage-sylt\/wp-content\/uploads\/2017\/08\/IMG_1168.jpg 1421w, https:\/\/jessel.de\/365-tage-sylt\/wp-content\/uploads\/2017\/08\/IMG_1168-300x170.jpg 300w, https:\/\/jessel.de\/365-tage-sylt\/wp-content\/uploads\/2017\/08\/IMG_1168-768x434.jpg 768w, https:\/\/jessel.de\/365-tage-sylt\/wp-content\/uploads\/2017\/08\/IMG_1168-1024x579.jpg 1024w\" sizes=\"auto, (max-width: 1421px) 100vw, 1421px\" \/><\/p>\n<p>Es geht also weiter in diesem Theater.<\/p>\n","protected":false},"excerpt":{"rendered":"<p>Ein Blog-Leser der ersten Stunde l\u00e4dt mich in die Sansibar ein. Darf ich erinnern? Hochsaison! Sch\u00f6\u00f6\u00f6nes Wetter! Mittags! Menschenmassen! Ohne Hans normalerweise &#8211; aber ich dr\u00fccke ein Auge zu. Nein, beide: Das Bild des Tages liefern die Kinder auf dem Spielplatz nebenan: Wir also rein und zweimal Fischfondue bestellt. Auf dem Foto (Ausschnitt) fehlt noch das Knoblauchbrot, sorry \u261d\ufe0f&#x1f609;: SO gl\u00fccklich sieht im \u00dcbrigen ein Blog-Leser aus, der mich zum&hellip;<\/p>\n","protected":false},"author":2,"featured_media":1985,"comment_status":"open","ping_status":"open","sticky":false,"template":"","format":"standard","meta":{"footnotes":""},"categories":[27,39,28,1,43,46,2,30],"tags":[],"class_list":["post-1982","post","type-post","status-publish","format-standard","has-post-thumbnail","hentry","category-alle-bilder","category-arbeit","category-haeuser","category-uncategorized","category-kulinarik","category-sommer","category-tourismus","category-tradition"],"jetpack_featured_media_url":"https:\/\/jessel.de\/365-tage-sylt\/wp-content\/uploads\/2017\/08\/IMG_1163.jpg","_links":{"self":[{"href":"https:\/\/jessel.de\/365-tage-sylt\/wp-json\/wp\/v2\/posts\/1982","targetHints":{"allow":["GET"]}}],"collection":[{"href":"https:\/\/jessel.de\/365-tage-sylt\/wp-json\/wp\/v2\/posts"}],"about":[{"href":"https:\/\/jessel.de\/365-tage-sylt\/wp-json\/wp\/v2\/types\/post"}],"author":[{"embeddable":true,"href":"https:\/\/jessel.de\/365-tage-sylt\/wp-json\/wp\/v2\/users\/2"}],"replies":[{"embeddable":true,"href":"https:\/\/jessel.de\/365-tage-sylt\/wp-json\/wp\/v2\/comments?post=1982"}],"version-history":[{"count":6,"href":"https:\/\/jessel.de\/365-tage-sylt\/wp-json\/wp\/v2\/posts\/1982\/revisions"}],"predecessor-version":[{"id":1997,"href":"https:\/\/jessel.de\/365-tage-sylt\/wp-json\/wp\/v2\/posts\/1982\/revisions\/1997"}],"wp:featuredmedia":[{"embeddable":true,"href":"https:\/\/jessel.de\/365-tage-sylt\/wp-json\/wp\/v2\/media\/1985"}],"wp:attachment":[{"href":"https:\/\/jessel.de\/365-tage-sylt\/wp-json\/wp\/v2\/media?parent=1982"}],"wp:term":[{"taxonomy":"category","embeddable":true,"href":"https:\/\/jessel.de\/365-tage-sylt\/wp-json\/wp\/v2\/categories?post=1982"},{"taxonomy":"post_tag","embeddable":true,"href":"https:\/\/jessel.de\/365-tage-sylt\/wp-json\/wp\/v2\/tags?post=1982"}],"curies":[{"name":"wp","href":"https:\/\/api.w.org\/{rel}","templated":true}]}}