{"id":19863,"date":"2025-02-09T05:38:15","date_gmt":"2025-02-09T05:38:15","guid":{"rendered":"https:\/\/jessel.de\/365-tage-sylt\/?p=19863"},"modified":"2025-02-09T06:00:12","modified_gmt":"2025-02-09T06:00:12","slug":"8-februar-grosse-aufregung-im-huehnerstall","status":"publish","type":"post","link":"https:\/\/jessel.de\/365-tage-sylt\/8-februar-grosse-aufregung-im-huehnerstall\/","title":{"rendered":"8. Februar: Grosse Aufregung im H\u00fchnerstall"},"content":{"rendered":"<p>Die H\u00fchner sind ausser Rand und Band: Seit einigen Tagen schaut ein SPERBER-M\u00e4nnchen im Stundentakt in unserem Garten vorbei. Er sitzt entweder auf einem Ast der Eiche direkt neben dem Stall oder auf dem nahen Flechtzaun und zeigt sich sehr an den H\u00fchnern interessiert. Vor einigen Abenden hockte er sogar auf dem Rasen neben(!) den H\u00fchnern, keine 1,5 Meter entfernt. Und vorgestern schlug er eine Amsel\u2026 und rupfte diese vor deren Augen. Da wurde ihnen (und mir) klar, dass Gefahr im Verzug ist, denn sehr viel gr\u00f6\u00dfer als eine Amsel sind unsere beiden \u201eZwergi\u2018s\u201c auch nicht.<\/p>\n<p>Gestern nachmittag sa\u00df pl\u00f6tzlich das deutlich gr\u00f6\u00dfere Sperber-Weibchen auf dem Flechtzaun. Und lie\u00df sich von mir, im Gegensatz zu ihrem scheueren Gatten, erst verscheuchen, als ich herausgesprintet kam. Und kaum war ich im Haus, flog es Scheinangriffe auf die H\u00fchner, im Zickzackkurs und affenartigen Tempo immer \u00fcber deren K\u00f6pfe hinweg. Underdog fl\u00fcchtete sich bereits in den \u201eIsolierk\u00e4fig\u201c:<\/p>\n<p><img loading=\"lazy\" decoding=\"async\" class=\"size-full wp-image-19866\" src=\"https:\/\/jessel.de\/365-tage-sylt\/wp-content\/uploads\/2025\/02\/IMG_1243-scaled.jpeg\" alt=\"\" width=\"2560\" height=\"1707\" srcset=\"https:\/\/jessel.de\/365-tage-sylt\/wp-content\/uploads\/2025\/02\/IMG_1243-scaled.jpeg 2560w, https:\/\/jessel.de\/365-tage-sylt\/wp-content\/uploads\/2025\/02\/IMG_1243-300x200.jpeg 300w, https:\/\/jessel.de\/365-tage-sylt\/wp-content\/uploads\/2025\/02\/IMG_1243-1024x683.jpeg 1024w, https:\/\/jessel.de\/365-tage-sylt\/wp-content\/uploads\/2025\/02\/IMG_1243-768x512.jpeg 768w, https:\/\/jessel.de\/365-tage-sylt\/wp-content\/uploads\/2025\/02\/IMG_1243-1536x1024.jpeg 1536w, https:\/\/jessel.de\/365-tage-sylt\/wp-content\/uploads\/2025\/02\/IMG_1243-2048x1365.jpeg 2048w\" sizes=\"auto, (max-width: 2560px) 100vw, 2560px\" \/><\/p>\n<p>Bis zum Einbruch der Dunkelheit war ich zwei Stunden als Hahn und H\u00fchnerverteidiger besch\u00e4ftigt! Bin mal gespannt, wie das heute weitergeht\u2026<\/p>\n<p>Dabei k\u00f6nnte alles so sch\u00f6n sein: Silke ist auf Lesereise und schickt mir dieses Gedicht von Eugen Roth\u2026:<\/p>\n<p><img loading=\"lazy\" decoding=\"async\" class=\"alignnone size-full wp-image-19864\" src=\"https:\/\/jessel.de\/365-tage-sylt\/wp-content\/uploads\/2025\/02\/IMG_1245.jpeg\" alt=\"\" width=\"958\" height=\"1437\" srcset=\"https:\/\/jessel.de\/365-tage-sylt\/wp-content\/uploads\/2025\/02\/IMG_1245.jpeg 958w, https:\/\/jessel.de\/365-tage-sylt\/wp-content\/uploads\/2025\/02\/IMG_1245-200x300.jpeg 200w, https:\/\/jessel.de\/365-tage-sylt\/wp-content\/uploads\/2025\/02\/IMG_1245-683x1024.jpeg 683w, https:\/\/jessel.de\/365-tage-sylt\/wp-content\/uploads\/2025\/02\/IMG_1245-768x1152.jpeg 768w\" sizes=\"auto, (max-width: 958px) 100vw, 958px\" \/><\/p>\n<p>,,,das den Nagel auf den Kopf trifft, kann ich doch bei allerbester Verpflegung (von Caf\u00e9 Wien) eeendlich mal in Ruhe die neuesten Schweiz-Filme inhalieren:<\/p>\n<p><img loading=\"lazy\" decoding=\"async\" class=\"alignnone size-full wp-image-19865\" src=\"https:\/\/jessel.de\/365-tage-sylt\/wp-content\/uploads\/2025\/02\/IMG_1244-scaled.jpeg\" alt=\"\" width=\"1706\" height=\"2560\" srcset=\"https:\/\/jessel.de\/365-tage-sylt\/wp-content\/uploads\/2025\/02\/IMG_1244-scaled.jpeg 1706w, https:\/\/jessel.de\/365-tage-sylt\/wp-content\/uploads\/2025\/02\/IMG_1244-200x300.jpeg 200w, https:\/\/jessel.de\/365-tage-sylt\/wp-content\/uploads\/2025\/02\/IMG_1244-683x1024.jpeg 683w, https:\/\/jessel.de\/365-tage-sylt\/wp-content\/uploads\/2025\/02\/IMG_1244-768x1152.jpeg 768w, https:\/\/jessel.de\/365-tage-sylt\/wp-content\/uploads\/2025\/02\/IMG_1244-1024x1536.jpeg 1024w, https:\/\/jessel.de\/365-tage-sylt\/wp-content\/uploads\/2025\/02\/IMG_1244-1365x2048.jpeg 1365w\" sizes=\"auto, (max-width: 1706px) 100vw, 1706px\" \/><\/p>\n<p>Immerhin war ich die letzten beiden Jahre in diesen Tagen im dortigen Winterwonderland Oberengadin. Ihr erinnert Euch sicherlich an meinen Aufenthalt auf dem h\u00f6chstgelegenen Campingplatz Europas &#8211; in meterhohem Schnee? Hach &#8211; war das sch\u00f6n!<\/p>\n","protected":false},"excerpt":{"rendered":"<p>Die H\u00fchner sind ausser Rand und Band: Seit einigen Tagen schaut ein SPERBER-M\u00e4nnchen im Stundentakt in unserem Garten vorbei. Er sitzt entweder auf einem Ast der Eiche direkt neben dem Stall oder auf dem nahen Flechtzaun und zeigt sich sehr an den H\u00fchnern interessiert. Vor einigen Abenden hockte er sogar auf dem Rasen neben(!) den H\u00fchnern, keine 1,5 Meter entfernt. Und vorgestern schlug er eine Amsel\u2026 und rupfte diese vor&hellip;<\/p>\n","protected":false},"author":2,"featured_media":19869,"comment_status":"open","ping_status":"open","sticky":false,"template":"","format":"standard","meta":{"footnotes":""},"categories":[27,39,35,40,7,23],"tags":[],"class_list":["post-19863","post","type-post","status-publish","format-standard","has-post-thumbnail","hentry","category-alle-bilder","category-arbeit","category-schlechtes-wetter","category-tiere","category-westerland","category-winter"],"jetpack_featured_media_url":"https:\/\/jessel.de\/365-tage-sylt\/wp-content\/uploads\/2025\/02\/IMG_1242-scaled.jpeg","_links":{"self":[{"href":"https:\/\/jessel.de\/365-tage-sylt\/wp-json\/wp\/v2\/posts\/19863","targetHints":{"allow":["GET"]}}],"collection":[{"href":"https:\/\/jessel.de\/365-tage-sylt\/wp-json\/wp\/v2\/posts"}],"about":[{"href":"https:\/\/jessel.de\/365-tage-sylt\/wp-json\/wp\/v2\/types\/post"}],"author":[{"embeddable":true,"href":"https:\/\/jessel.de\/365-tage-sylt\/wp-json\/wp\/v2\/users\/2"}],"replies":[{"embeddable":true,"href":"https:\/\/jessel.de\/365-tage-sylt\/wp-json\/wp\/v2\/comments?post=19863"}],"version-history":[{"count":7,"href":"https:\/\/jessel.de\/365-tage-sylt\/wp-json\/wp\/v2\/posts\/19863\/revisions"}],"predecessor-version":[{"id":19876,"href":"https:\/\/jessel.de\/365-tage-sylt\/wp-json\/wp\/v2\/posts\/19863\/revisions\/19876"}],"wp:featuredmedia":[{"embeddable":true,"href":"https:\/\/jessel.de\/365-tage-sylt\/wp-json\/wp\/v2\/media\/19869"}],"wp:attachment":[{"href":"https:\/\/jessel.de\/365-tage-sylt\/wp-json\/wp\/v2\/media?parent=19863"}],"wp:term":[{"taxonomy":"category","embeddable":true,"href":"https:\/\/jessel.de\/365-tage-sylt\/wp-json\/wp\/v2\/categories?post=19863"},{"taxonomy":"post_tag","embeddable":true,"href":"https:\/\/jessel.de\/365-tage-sylt\/wp-json\/wp\/v2\/tags?post=19863"}],"curies":[{"name":"wp","href":"https:\/\/api.w.org\/{rel}","templated":true}]}}