{"id":19877,"date":"2025-02-09T20:31:21","date_gmt":"2025-02-09T20:31:21","guid":{"rendered":"https:\/\/jessel.de\/365-tage-sylt\/?p=19877"},"modified":"2025-02-09T20:34:10","modified_gmt":"2025-02-09T20:34:10","slug":"9-februar-wo-bin-ich-wohl","status":"publish","type":"post","link":"https:\/\/jessel.de\/365-tage-sylt\/9-februar-wo-bin-ich-wohl\/","title":{"rendered":"9. Februar: Wo bin ich wohl!?"},"content":{"rendered":"<p>Genau: Nach l\u00e4ngerem Strandspaziergang habe ich in der fortgeschrittenen D\u00e4mmerung den Rantumer Haupt\u00fcbergang erklommen\u2026<\/p>\n<p>Vorher war ich unten am superbreiten Niedrigwasserstrand\u2026:<\/p>\n<p><img loading=\"lazy\" decoding=\"async\" class=\"alignnone size-full wp-image-19879\" src=\"https:\/\/jessel.de\/365-tage-sylt\/wp-content\/uploads\/2025\/02\/IMG_1251.jpeg\" alt=\"\" width=\"1500\" height=\"679\" srcset=\"https:\/\/jessel.de\/365-tage-sylt\/wp-content\/uploads\/2025\/02\/IMG_1251.jpeg 1500w, https:\/\/jessel.de\/365-tage-sylt\/wp-content\/uploads\/2025\/02\/IMG_1251-300x136.jpeg 300w, https:\/\/jessel.de\/365-tage-sylt\/wp-content\/uploads\/2025\/02\/IMG_1251-1024x464.jpeg 1024w, https:\/\/jessel.de\/365-tage-sylt\/wp-content\/uploads\/2025\/02\/IMG_1251-768x348.jpeg 768w\" sizes=\"auto, (max-width: 1500px) 100vw, 1500px\" \/><\/p>\n<p>\u2026 wo &#8211; unter anderem &#8211; die \u00dcberreste einer Alten Holzpfahlbuhne (Baujahr 1899) zur Zeit recht gut zu sehen sind:<\/p>\n<p><img loading=\"lazy\" decoding=\"async\" class=\"alignnone size-full wp-image-19881\" src=\"https:\/\/jessel.de\/365-tage-sylt\/wp-content\/uploads\/2025\/02\/IMG_1249.jpeg\" alt=\"\" width=\"1204\" height=\"800\" srcset=\"https:\/\/jessel.de\/365-tage-sylt\/wp-content\/uploads\/2025\/02\/IMG_1249.jpeg 1204w, https:\/\/jessel.de\/365-tage-sylt\/wp-content\/uploads\/2025\/02\/IMG_1249-300x199.jpeg 300w, https:\/\/jessel.de\/365-tage-sylt\/wp-content\/uploads\/2025\/02\/IMG_1249-1024x680.jpeg 1024w, https:\/\/jessel.de\/365-tage-sylt\/wp-content\/uploads\/2025\/02\/IMG_1249-768x510.jpeg 768w\" sizes=\"auto, (max-width: 1204px) 100vw, 1204px\" \/><\/p>\n<p>Das fehlende Mittelteil ist \u00fcbrigens Planierraupen zum Opfer gefallen, die w\u00e4hrend einer Sandvorsp\u00fclung keine R\u00fccksicht nahmen\u2026 aber ich hatte mir ja vorgenommen, mich heute nicht (wieder) aufzuregen.<\/p>\n<p>Nach Einbruch der D\u00e4mmerung bin ich alleine am Strand\u2026 bis zur Sansibar kein Mensch:<\/p>\n<p><img loading=\"lazy\" decoding=\"async\" class=\"alignnone size-full wp-image-19880\" src=\"https:\/\/jessel.de\/365-tage-sylt\/wp-content\/uploads\/2025\/02\/IMG_1250.jpeg\" alt=\"\" width=\"1500\" height=\"662\" srcset=\"https:\/\/jessel.de\/365-tage-sylt\/wp-content\/uploads\/2025\/02\/IMG_1250.jpeg 1500w, https:\/\/jessel.de\/365-tage-sylt\/wp-content\/uploads\/2025\/02\/IMG_1250-300x132.jpeg 300w, https:\/\/jessel.de\/365-tage-sylt\/wp-content\/uploads\/2025\/02\/IMG_1250-1024x452.jpeg 1024w, https:\/\/jessel.de\/365-tage-sylt\/wp-content\/uploads\/2025\/02\/IMG_1250-768x339.jpeg 768w\" sizes=\"auto, (max-width: 1500px) 100vw, 1500px\" \/><\/p>\n<p>So l\u00e4sst sich\u2018s aushalten, auch wenn sich die Sonne mal wieder nicht zeigte\u2026 und f\u00fcr morgen das Gleiche angek\u00fcndigt ist.<\/p>\n<p>Ach ja, total viele junge Schwertmuscheln zur Zeit im Sp\u00fclsaum. Hier liegen sie in einer gut 5 Zentimeter dicken Schicht:<\/p>\n<p><img loading=\"lazy\" decoding=\"async\" class=\"alignnone size-full wp-image-19882\" src=\"https:\/\/jessel.de\/365-tage-sylt\/wp-content\/uploads\/2025\/02\/IMG_1248.jpeg\" alt=\"\" width=\"1204\" height=\"800\" srcset=\"https:\/\/jessel.de\/365-tage-sylt\/wp-content\/uploads\/2025\/02\/IMG_1248.jpeg 1204w, https:\/\/jessel.de\/365-tage-sylt\/wp-content\/uploads\/2025\/02\/IMG_1248-300x199.jpeg 300w, https:\/\/jessel.de\/365-tage-sylt\/wp-content\/uploads\/2025\/02\/IMG_1248-1024x680.jpeg 1024w, https:\/\/jessel.de\/365-tage-sylt\/wp-content\/uploads\/2025\/02\/IMG_1248-768x510.jpeg 768w\" sizes=\"auto, (max-width: 1204px) 100vw, 1204px\" \/><\/p>\n<p>Das war\u2019s dann f\u00fcr heute. Mit\u2018m Bus geht\u2019s zur\u00fcck nach Westerland:<br \/>\n<img loading=\"lazy\" decoding=\"async\" class=\"alignnone size-full wp-image-19884\" src=\"https:\/\/jessel.de\/365-tage-sylt\/wp-content\/uploads\/2025\/02\/IMG_1246.jpeg\" alt=\"\" width=\"1204\" height=\"800\" srcset=\"https:\/\/jessel.de\/365-tage-sylt\/wp-content\/uploads\/2025\/02\/IMG_1246.jpeg 1204w, https:\/\/jessel.de\/365-tage-sylt\/wp-content\/uploads\/2025\/02\/IMG_1246-300x199.jpeg 300w, https:\/\/jessel.de\/365-tage-sylt\/wp-content\/uploads\/2025\/02\/IMG_1246-1024x680.jpeg 1024w, https:\/\/jessel.de\/365-tage-sylt\/wp-content\/uploads\/2025\/02\/IMG_1246-768x510.jpeg 768w\" sizes=\"auto, (max-width: 1204px) 100vw, 1204px\" \/><\/p>\n<p>Den Rantumer Bloglesern ist sicherlich aufgefallen, dass ich beim Titelbild und dem Strandpanorama vorm S\u00f6lring Hof etwas ver\u00e4ndert habe, oderrr?<\/p>\n","protected":false},"excerpt":{"rendered":"<p>Genau: Nach l\u00e4ngerem Strandspaziergang habe ich in der fortgeschrittenen D\u00e4mmerung den Rantumer Haupt\u00fcbergang erklommen\u2026 Vorher war ich unten am superbreiten Niedrigwasserstrand\u2026: \u2026 wo &#8211; unter anderem &#8211; die \u00dcberreste einer Alten Holzpfahlbuhne (Baujahr 1899) zur Zeit recht gut zu sehen sind: Das fehlende Mittelteil ist \u00fcbrigens Planierraupen zum Opfer gefallen, die w\u00e4hrend einer Sandvorsp\u00fclung keine R\u00fccksicht nahmen\u2026 aber ich hatte mir ja vorgenommen, mich heute nicht (wieder) aufzuregen. Nach Einbruch&hellip;<\/p>\n","protected":false},"author":2,"featured_media":19878,"comment_status":"open","ping_status":"open","sticky":false,"template":"","format":"standard","meta":{"footnotes":""},"categories":[27,39,28,34,35,2,23],"tags":[],"class_list":["post-19877","post","type-post","status-publish","format-standard","has-post-thumbnail","hentry","category-alle-bilder","category-arbeit","category-haeuser","category-rantum","category-schlechtes-wetter","category-tourismus","category-winter"],"jetpack_featured_media_url":"https:\/\/jessel.de\/365-tage-sylt\/wp-content\/uploads\/2025\/02\/IMG_1252.jpeg","_links":{"self":[{"href":"https:\/\/jessel.de\/365-tage-sylt\/wp-json\/wp\/v2\/posts\/19877","targetHints":{"allow":["GET"]}}],"collection":[{"href":"https:\/\/jessel.de\/365-tage-sylt\/wp-json\/wp\/v2\/posts"}],"about":[{"href":"https:\/\/jessel.de\/365-tage-sylt\/wp-json\/wp\/v2\/types\/post"}],"author":[{"embeddable":true,"href":"https:\/\/jessel.de\/365-tage-sylt\/wp-json\/wp\/v2\/users\/2"}],"replies":[{"embeddable":true,"href":"https:\/\/jessel.de\/365-tage-sylt\/wp-json\/wp\/v2\/comments?post=19877"}],"version-history":[{"count":3,"href":"https:\/\/jessel.de\/365-tage-sylt\/wp-json\/wp\/v2\/posts\/19877\/revisions"}],"predecessor-version":[{"id":19887,"href":"https:\/\/jessel.de\/365-tage-sylt\/wp-json\/wp\/v2\/posts\/19877\/revisions\/19887"}],"wp:featuredmedia":[{"embeddable":true,"href":"https:\/\/jessel.de\/365-tage-sylt\/wp-json\/wp\/v2\/media\/19878"}],"wp:attachment":[{"href":"https:\/\/jessel.de\/365-tage-sylt\/wp-json\/wp\/v2\/media?parent=19877"}],"wp:term":[{"taxonomy":"category","embeddable":true,"href":"https:\/\/jessel.de\/365-tage-sylt\/wp-json\/wp\/v2\/categories?post=19877"},{"taxonomy":"post_tag","embeddable":true,"href":"https:\/\/jessel.de\/365-tage-sylt\/wp-json\/wp\/v2\/tags?post=19877"}],"curies":[{"name":"wp","href":"https:\/\/api.w.org\/{rel}","templated":true}]}}