{"id":20064,"date":"2025-03-03T05:38:09","date_gmt":"2025-03-03T05:38:09","guid":{"rendered":"https:\/\/jessel.de\/365-tage-sylt\/?p=20064"},"modified":"2025-03-03T05:39:56","modified_gmt":"2025-03-03T05:39:56","slug":"1-2-maerz-gruesse-aus-meinem-hamburger-wohnzimmer","status":"publish","type":"post","link":"https:\/\/jessel.de\/365-tage-sylt\/1-2-maerz-gruesse-aus-meinem-hamburger-wohnzimmer\/","title":{"rendered":"1.\/2. M\u00e4rz: Gr\u00fc\u00dfe aus meinem Hamburger Wohnzimmer!"},"content":{"rendered":"<p>Bin mal kurz in Hamburg und geniesse das Dasein als Tourist. Lasse mich bedienen von morgens\u2026:<\/p>\n<p><img loading=\"lazy\" decoding=\"async\" class=\"alignnone size-full wp-image-20068\" src=\"https:\/\/jessel.de\/365-tage-sylt\/wp-content\/uploads\/2025\/03\/IMG_1446.jpeg\" alt=\"\" width=\"800\" height=\"1100\" srcset=\"https:\/\/jessel.de\/365-tage-sylt\/wp-content\/uploads\/2025\/03\/IMG_1446.jpeg 800w, https:\/\/jessel.de\/365-tage-sylt\/wp-content\/uploads\/2025\/03\/IMG_1446-218x300.jpeg 218w, https:\/\/jessel.de\/365-tage-sylt\/wp-content\/uploads\/2025\/03\/IMG_1446-745x1024.jpeg 745w, https:\/\/jessel.de\/365-tage-sylt\/wp-content\/uploads\/2025\/03\/IMG_1446-768x1056.jpeg 768w\" sizes=\"auto, (max-width: 800px) 100vw, 800px\" \/><\/p>\n<p>\u2026 bis abends\u2026:<\/p>\n<p><img loading=\"lazy\" decoding=\"async\" class=\"size-full wp-image-20066\" src=\"https:\/\/jessel.de\/365-tage-sylt\/wp-content\/uploads\/2025\/03\/IMG_1448.jpeg\" alt=\"\" width=\"800\" height=\"1100\" srcset=\"https:\/\/jessel.de\/365-tage-sylt\/wp-content\/uploads\/2025\/03\/IMG_1448.jpeg 800w, https:\/\/jessel.de\/365-tage-sylt\/wp-content\/uploads\/2025\/03\/IMG_1448-218x300.jpeg 218w, https:\/\/jessel.de\/365-tage-sylt\/wp-content\/uploads\/2025\/03\/IMG_1448-745x1024.jpeg 745w, https:\/\/jessel.de\/365-tage-sylt\/wp-content\/uploads\/2025\/03\/IMG_1448-768x1056.jpeg 768w\" sizes=\"auto, (max-width: 800px) 100vw, 800px\" \/><\/p>\n<p>\u2026 gehe shoppen ohne Ende\u2026 es gibt Paella bei Freunden:<\/p>\n<p><img loading=\"lazy\" decoding=\"async\" class=\"size-full wp-image-20067\" src=\"https:\/\/jessel.de\/365-tage-sylt\/wp-content\/uploads\/2025\/03\/IMG_1447.jpeg\" alt=\"\" width=\"800\" height=\"1100\" srcset=\"https:\/\/jessel.de\/365-tage-sylt\/wp-content\/uploads\/2025\/03\/IMG_1447.jpeg 800w, https:\/\/jessel.de\/365-tage-sylt\/wp-content\/uploads\/2025\/03\/IMG_1447-218x300.jpeg 218w, https:\/\/jessel.de\/365-tage-sylt\/wp-content\/uploads\/2025\/03\/IMG_1447-745x1024.jpeg 745w, https:\/\/jessel.de\/365-tage-sylt\/wp-content\/uploads\/2025\/03\/IMG_1447-768x1056.jpeg 768w\" sizes=\"auto, (max-width: 800px) 100vw, 800px\" \/><\/p>\n<p>\u2026 und erlebe die Endphase der Hamburg-Wahl, die &#8211; nicht zuletzt aufgrund der qualifizierten Werbung\u2026:<\/p>\n<p><img loading=\"lazy\" decoding=\"async\" class=\"alignnone size-full wp-image-20065\" src=\"https:\/\/jessel.de\/365-tage-sylt\/wp-content\/uploads\/2025\/03\/IMG_1449.jpeg\" alt=\"\" width=\"1100\" height=\"800\" srcset=\"https:\/\/jessel.de\/365-tage-sylt\/wp-content\/uploads\/2025\/03\/IMG_1449.jpeg 1100w, https:\/\/jessel.de\/365-tage-sylt\/wp-content\/uploads\/2025\/03\/IMG_1449-300x218.jpeg 300w, https:\/\/jessel.de\/365-tage-sylt\/wp-content\/uploads\/2025\/03\/IMG_1449-1024x745.jpeg 1024w, https:\/\/jessel.de\/365-tage-sylt\/wp-content\/uploads\/2025\/03\/IMG_1449-768x559.jpeg 768w\" sizes=\"auto, (max-width: 1100px) 100vw, 1100px\" \/><\/p>\n<p>\u2026 dann ja auch im Ergebnis eher Zustimmung zu erzeugen vermag als die Resultate auf Bundesebene am Sonntag zuvor.<\/p>\n","protected":false},"excerpt":{"rendered":"<p>Bin mal kurz in Hamburg und geniesse das Dasein als Tourist. Lasse mich bedienen von morgens\u2026: \u2026 bis abends\u2026: \u2026 gehe shoppen ohne Ende\u2026 es gibt Paella bei Freunden: \u2026 und erlebe die Endphase der Hamburg-Wahl, die &#8211; nicht zuletzt aufgrund der qualifizierten Werbung\u2026: \u2026 dann ja auch im Ergebnis eher Zustimmung zu erzeugen vermag als die Resultate auf Bundesebene am Sonntag zuvor.<\/p>\n","protected":false},"author":2,"featured_media":20069,"comment_status":"open","ping_status":"open","sticky":false,"template":"","format":"standard","meta":{"footnotes":""},"categories":[27,45,28,4,2,29,23,33],"tags":[],"class_list":["post-20064","post","type-post","status-publish","format-standard","has-post-thumbnail","hentry","category-alle-bilder","category-fake-news","category-haeuser","category-spuren","category-tourismus","category-verkehr","category-winter","category-woanders"],"jetpack_featured_media_url":"https:\/\/jessel.de\/365-tage-sylt\/wp-content\/uploads\/2025\/03\/IMG_1445.jpeg","_links":{"self":[{"href":"https:\/\/jessel.de\/365-tage-sylt\/wp-json\/wp\/v2\/posts\/20064","targetHints":{"allow":["GET"]}}],"collection":[{"href":"https:\/\/jessel.de\/365-tage-sylt\/wp-json\/wp\/v2\/posts"}],"about":[{"href":"https:\/\/jessel.de\/365-tage-sylt\/wp-json\/wp\/v2\/types\/post"}],"author":[{"embeddable":true,"href":"https:\/\/jessel.de\/365-tage-sylt\/wp-json\/wp\/v2\/users\/2"}],"replies":[{"embeddable":true,"href":"https:\/\/jessel.de\/365-tage-sylt\/wp-json\/wp\/v2\/comments?post=20064"}],"version-history":[{"count":3,"href":"https:\/\/jessel.de\/365-tage-sylt\/wp-json\/wp\/v2\/posts\/20064\/revisions"}],"predecessor-version":[{"id":20072,"href":"https:\/\/jessel.de\/365-tage-sylt\/wp-json\/wp\/v2\/posts\/20064\/revisions\/20072"}],"wp:featuredmedia":[{"embeddable":true,"href":"https:\/\/jessel.de\/365-tage-sylt\/wp-json\/wp\/v2\/media\/20069"}],"wp:attachment":[{"href":"https:\/\/jessel.de\/365-tage-sylt\/wp-json\/wp\/v2\/media?parent=20064"}],"wp:term":[{"taxonomy":"category","embeddable":true,"href":"https:\/\/jessel.de\/365-tage-sylt\/wp-json\/wp\/v2\/categories?post=20064"},{"taxonomy":"post_tag","embeddable":true,"href":"https:\/\/jessel.de\/365-tage-sylt\/wp-json\/wp\/v2\/tags?post=20064"}],"curies":[{"name":"wp","href":"https:\/\/api.w.org\/{rel}","templated":true}]}}