{"id":20073,"date":"2025-03-05T05:44:54","date_gmt":"2025-03-05T05:44:54","guid":{"rendered":"https:\/\/jessel.de\/365-tage-sylt\/?p=20073"},"modified":"2025-03-05T05:57:37","modified_gmt":"2025-03-05T05:57:37","slug":"4-maerz-gruesse-vom-schoensten-strand-der-welt","status":"publish","type":"post","link":"https:\/\/jessel.de\/365-tage-sylt\/4-maerz-gruesse-vom-schoensten-strand-der-welt\/","title":{"rendered":"4. M\u00e4rz: Gr\u00fc\u00dfe vom sch\u00f6nsten Strand der Welt!"},"content":{"rendered":"<p>Eine Reihe sonniger Tage k\u00fcndigt sich an, verbunden mit einem Hauch von Fr\u00fchling, der sogar den n\u00f6rdlichsten Strand der Republik erreichen soll. Mir soll\u2019s recht sein, auch wenn sich der Himmel heute noch ziemlich diesig pr\u00e4sentiert:<\/p>\n<p><img loading=\"lazy\" decoding=\"async\" class=\"alignnone size-full wp-image-20078\" src=\"https:\/\/jessel.de\/365-tage-sylt\/wp-content\/uploads\/2025\/03\/IMG_1451.jpeg\" alt=\"\" width=\"1205\" height=\"800\" srcset=\"https:\/\/jessel.de\/365-tage-sylt\/wp-content\/uploads\/2025\/03\/IMG_1451.jpeg 1205w, https:\/\/jessel.de\/365-tage-sylt\/wp-content\/uploads\/2025\/03\/IMG_1451-300x199.jpeg 300w, https:\/\/jessel.de\/365-tage-sylt\/wp-content\/uploads\/2025\/03\/IMG_1451-1024x680.jpeg 1024w, https:\/\/jessel.de\/365-tage-sylt\/wp-content\/uploads\/2025\/03\/IMG_1451-768x510.jpeg 768w\" sizes=\"auto, (max-width: 1205px) 100vw, 1205px\" \/><\/p>\n<p>Beste Gelegenheit, mal wieder \u00fcber meinen Lieblings-Strand\u00fcbergang in H\u00f6he Blidselbucht zu stiefeln\u2026:<\/p>\n<p><img loading=\"lazy\" decoding=\"async\" class=\"alignnone size-full wp-image-20077\" src=\"https:\/\/jessel.de\/365-tage-sylt\/wp-content\/uploads\/2025\/03\/IMG_1452.jpeg\" alt=\"\" width=\"1500\" height=\"781\" srcset=\"https:\/\/jessel.de\/365-tage-sylt\/wp-content\/uploads\/2025\/03\/IMG_1452.jpeg 1500w, https:\/\/jessel.de\/365-tage-sylt\/wp-content\/uploads\/2025\/03\/IMG_1452-300x156.jpeg 300w, https:\/\/jessel.de\/365-tage-sylt\/wp-content\/uploads\/2025\/03\/IMG_1452-1024x533.jpeg 1024w, https:\/\/jessel.de\/365-tage-sylt\/wp-content\/uploads\/2025\/03\/IMG_1452-768x400.jpeg 768w\" sizes=\"auto, (max-width: 1500px) 100vw, 1500px\" \/><\/p>\n<p>\u2026 und von dort nach Norden zu laufen. Das war eigentlich anders geplant, aber der Wind aus S\u00fcdwest ist wirklich noch eiskalt &#8211; kein Wunder, bei Wassertemperaturen von 4 Grad:<\/p>\n<p><img loading=\"lazy\" decoding=\"async\" class=\"alignnone size-full wp-image-20075\" src=\"https:\/\/jessel.de\/365-tage-sylt\/wp-content\/uploads\/2025\/03\/IMG_1454.jpeg\" alt=\"\" width=\"1205\" height=\"800\" srcset=\"https:\/\/jessel.de\/365-tage-sylt\/wp-content\/uploads\/2025\/03\/IMG_1454.jpeg 1205w, https:\/\/jessel.de\/365-tage-sylt\/wp-content\/uploads\/2025\/03\/IMG_1454-300x199.jpeg 300w, https:\/\/jessel.de\/365-tage-sylt\/wp-content\/uploads\/2025\/03\/IMG_1454-1024x680.jpeg 1024w, https:\/\/jessel.de\/365-tage-sylt\/wp-content\/uploads\/2025\/03\/IMG_1454-768x510.jpeg 768w\" sizes=\"auto, (max-width: 1205px) 100vw, 1205px\" \/><\/p>\n<p>So lasse ich mich gem\u00fctlich nach Norden treiben. Bin seeehr froh \u00fcber meine winddichte Kapuze, und blicke, wegen des frischen Windes, mich auch nur wenige Male um:<\/p>\n<p><img loading=\"lazy\" decoding=\"async\" class=\"alignnone size-full wp-image-20076\" src=\"https:\/\/jessel.de\/365-tage-sylt\/wp-content\/uploads\/2025\/03\/IMG_1453.jpeg\" alt=\"\" width=\"1205\" height=\"800\" srcset=\"https:\/\/jessel.de\/365-tage-sylt\/wp-content\/uploads\/2025\/03\/IMG_1453.jpeg 1205w, https:\/\/jessel.de\/365-tage-sylt\/wp-content\/uploads\/2025\/03\/IMG_1453-300x199.jpeg 300w, https:\/\/jessel.de\/365-tage-sylt\/wp-content\/uploads\/2025\/03\/IMG_1453-1024x680.jpeg 1024w, https:\/\/jessel.de\/365-tage-sylt\/wp-content\/uploads\/2025\/03\/IMG_1453-768x510.jpeg 768w\" sizes=\"auto, (max-width: 1205px) 100vw, 1205px\" \/><\/p>\n<p>Herrlich! Bei dem tiefen Wasserstand zur Niedrigwasserzeit sind weite Sandb\u00e4nke trockengefallen. Zugegebenerma\u00dfen habe ich die sch\u00f6nsten Str\u00e4nde der Welt auf den Seychellen und Fuerteventura gesehen, aber das, was mir die Natur hier und heute pr\u00e4sentiert, macht diesen durchaus Konkurrenz\u2026:<br \/>\n<img loading=\"lazy\" decoding=\"async\" class=\"alignnone size-full wp-image-20079\" src=\"https:\/\/jessel.de\/365-tage-sylt\/wp-content\/uploads\/2025\/03\/IMG_1450.jpeg\" alt=\"\" width=\"1205\" height=\"800\" srcset=\"https:\/\/jessel.de\/365-tage-sylt\/wp-content\/uploads\/2025\/03\/IMG_1450.jpeg 1205w, https:\/\/jessel.de\/365-tage-sylt\/wp-content\/uploads\/2025\/03\/IMG_1450-300x199.jpeg 300w, https:\/\/jessel.de\/365-tage-sylt\/wp-content\/uploads\/2025\/03\/IMG_1450-1024x680.jpeg 1024w, https:\/\/jessel.de\/365-tage-sylt\/wp-content\/uploads\/2025\/03\/IMG_1450-768x510.jpeg 768w\" sizes=\"auto, (max-width: 1205px) 100vw, 1205px\" \/><\/p>\n<p>\u2026 wenn auch bei Temperaturen, die 20 bis 30 Grad niedriger liegen. \ud83d\ude09<\/p>\n","protected":false},"excerpt":{"rendered":"<p>Eine Reihe sonniger Tage k\u00fcndigt sich an, verbunden mit einem Hauch von Fr\u00fchling, der sogar den n\u00f6rdlichsten Strand der Republik erreichen soll. Mir soll\u2019s recht sein, auch wenn sich der Himmel heute noch ziemlich diesig pr\u00e4sentiert: Beste Gelegenheit, mal wieder \u00fcber meinen Lieblings-Strand\u00fcbergang in H\u00f6he Blidselbucht zu stiefeln\u2026: \u2026 und von dort nach Norden zu laufen. Das war eigentlich anders geplant, aber der Wind aus S\u00fcdwest ist wirklich noch eiskalt&hellip;<\/p>\n","protected":false},"author":2,"featured_media":20074,"comment_status":"open","ping_status":"open","sticky":false,"template":"","format":"standard","meta":{"footnotes":""},"categories":[27,39,24,3,4,26,23],"tags":[],"class_list":["post-20073","post","type-post","status-publish","format-standard","has-post-thumbnail","hentry","category-alle-bilder","category-arbeit","category-duenen","category-menschen","category-spuren","category-strand","category-winter"],"jetpack_featured_media_url":"https:\/\/jessel.de\/365-tage-sylt\/wp-content\/uploads\/2025\/03\/IMG_1455.jpeg","_links":{"self":[{"href":"https:\/\/jessel.de\/365-tage-sylt\/wp-json\/wp\/v2\/posts\/20073","targetHints":{"allow":["GET"]}}],"collection":[{"href":"https:\/\/jessel.de\/365-tage-sylt\/wp-json\/wp\/v2\/posts"}],"about":[{"href":"https:\/\/jessel.de\/365-tage-sylt\/wp-json\/wp\/v2\/types\/post"}],"author":[{"embeddable":true,"href":"https:\/\/jessel.de\/365-tage-sylt\/wp-json\/wp\/v2\/users\/2"}],"replies":[{"embeddable":true,"href":"https:\/\/jessel.de\/365-tage-sylt\/wp-json\/wp\/v2\/comments?post=20073"}],"version-history":[{"count":4,"href":"https:\/\/jessel.de\/365-tage-sylt\/wp-json\/wp\/v2\/posts\/20073\/revisions"}],"predecessor-version":[{"id":20083,"href":"https:\/\/jessel.de\/365-tage-sylt\/wp-json\/wp\/v2\/posts\/20073\/revisions\/20083"}],"wp:featuredmedia":[{"embeddable":true,"href":"https:\/\/jessel.de\/365-tage-sylt\/wp-json\/wp\/v2\/media\/20074"}],"wp:attachment":[{"href":"https:\/\/jessel.de\/365-tage-sylt\/wp-json\/wp\/v2\/media?parent=20073"}],"wp:term":[{"taxonomy":"category","embeddable":true,"href":"https:\/\/jessel.de\/365-tage-sylt\/wp-json\/wp\/v2\/categories?post=20073"},{"taxonomy":"post_tag","embeddable":true,"href":"https:\/\/jessel.de\/365-tage-sylt\/wp-json\/wp\/v2\/tags?post=20073"}],"curies":[{"name":"wp","href":"https:\/\/api.w.org\/{rel}","templated":true}]}}