{"id":20093,"date":"2025-03-06T20:18:16","date_gmt":"2025-03-06T20:18:16","guid":{"rendered":"https:\/\/jessel.de\/365-tage-sylt\/?p=20093"},"modified":"2025-03-06T20:19:53","modified_gmt":"2025-03-06T20:19:53","slug":"6-maerz-am-anderen-ende-der-insel","status":"publish","type":"post","link":"https:\/\/jessel.de\/365-tage-sylt\/6-maerz-am-anderen-ende-der-insel\/","title":{"rendered":"6. M\u00e4rz: Am anderen Ende der Insel"},"content":{"rendered":"<p>An diesem &#8211; gef\u00fchlten &#8211; Fr\u00fchlingstag starte ich in H\u00f6rnum zu einer gr\u00f6\u00dferen Wanderung Richtung Norden, muss aber bald einsehen, dass die Flut schneller kommt als vermutet, und die herrlich \u201ewanderbaren\u201c Sandb\u00e4nke bereits wieder vom Meer eingenommen werden:<\/p>\n<p><img loading=\"lazy\" decoding=\"async\" class=\"alignnone size-full wp-image-20097\" src=\"https:\/\/jessel.de\/365-tage-sylt\/wp-content\/uploads\/2025\/03\/IMG_1467.jpeg\" alt=\"\" width=\"1205\" height=\"800\" srcset=\"https:\/\/jessel.de\/365-tage-sylt\/wp-content\/uploads\/2025\/03\/IMG_1467.jpeg 1205w, https:\/\/jessel.de\/365-tage-sylt\/wp-content\/uploads\/2025\/03\/IMG_1467-300x199.jpeg 300w, https:\/\/jessel.de\/365-tage-sylt\/wp-content\/uploads\/2025\/03\/IMG_1467-1024x680.jpeg 1024w, https:\/\/jessel.de\/365-tage-sylt\/wp-content\/uploads\/2025\/03\/IMG_1467-768x510.jpeg 768w\" sizes=\"auto, (max-width: 1205px) 100vw, 1205px\" \/><\/p>\n<p><span style=\"-webkit-tap-highlight-color: rgba(0, 0, 0, 0);\">So bleibt nur der schr\u00e4ge und meist weiche Strand zum laufen, eine schnell erm\u00fcdende Angelegenheit:<\/span><\/p>\n<p><img loading=\"lazy\" decoding=\"async\" class=\"alignnone size-full wp-image-20094\" src=\"https:\/\/jessel.de\/365-tage-sylt\/wp-content\/uploads\/2025\/03\/IMG_1470.jpeg\" alt=\"\" width=\"1701\" height=\"800\" srcset=\"https:\/\/jessel.de\/365-tage-sylt\/wp-content\/uploads\/2025\/03\/IMG_1470.jpeg 1701w, https:\/\/jessel.de\/365-tage-sylt\/wp-content\/uploads\/2025\/03\/IMG_1470-300x141.jpeg 300w, https:\/\/jessel.de\/365-tage-sylt\/wp-content\/uploads\/2025\/03\/IMG_1470-1024x482.jpeg 1024w, https:\/\/jessel.de\/365-tage-sylt\/wp-content\/uploads\/2025\/03\/IMG_1470-768x361.jpeg 768w, https:\/\/jessel.de\/365-tage-sylt\/wp-content\/uploads\/2025\/03\/IMG_1470-1536x722.jpeg 1536w\" sizes=\"auto, (max-width: 1701px) 100vw, 1701px\" \/><\/p>\n<p>Tja, da m\u00f6chte man eine M\u00f6we sein\u2026:<\/p>\n<p><img loading=\"lazy\" decoding=\"async\" class=\"alignnone size-full wp-image-20096\" src=\"https:\/\/jessel.de\/365-tage-sylt\/wp-content\/uploads\/2025\/03\/IMG_1468.jpeg\" alt=\"\" width=\"1277\" height=\"800\" srcset=\"https:\/\/jessel.de\/365-tage-sylt\/wp-content\/uploads\/2025\/03\/IMG_1468.jpeg 1277w, https:\/\/jessel.de\/365-tage-sylt\/wp-content\/uploads\/2025\/03\/IMG_1468-300x188.jpeg 300w, https:\/\/jessel.de\/365-tage-sylt\/wp-content\/uploads\/2025\/03\/IMG_1468-1024x642.jpeg 1024w, https:\/\/jessel.de\/365-tage-sylt\/wp-content\/uploads\/2025\/03\/IMG_1468-768x481.jpeg 768w\" sizes=\"auto, (max-width: 1277px) 100vw, 1277px\" \/><\/p>\n<p>Ist \u201eman\u201c aber nicht, weshalb ich die Tour beim \u201eBunker Hill\u201c abbreche und mit dem Bus nach Hause fahre.<\/p>\n","protected":false},"excerpt":{"rendered":"<p>An diesem &#8211; gef\u00fchlten &#8211; Fr\u00fchlingstag starte ich in H\u00f6rnum zu einer gr\u00f6\u00dferen Wanderung Richtung Norden, muss aber bald einsehen, dass die Flut schneller kommt als vermutet, und die herrlich \u201ewanderbaren\u201c Sandb\u00e4nke bereits wieder vom Meer eingenommen werden: So bleibt nur der schr\u00e4ge und meist weiche Strand zum laufen, eine schnell erm\u00fcdende Angelegenheit: Tja, da m\u00f6chte man eine M\u00f6we sein\u2026: Ist \u201eman\u201c aber nicht, weshalb ich die Tour beim \u201eBunker&hellip;<\/p>\n","protected":false},"author":2,"featured_media":20098,"comment_status":"open","ping_status":"open","sticky":false,"template":"","format":"standard","meta":{"footnotes":""},"categories":[27,39,1,40,23],"tags":[],"class_list":["post-20093","post","type-post","status-publish","format-standard","has-post-thumbnail","hentry","category-alle-bilder","category-arbeit","category-uncategorized","category-tiere","category-winter"],"jetpack_featured_media_url":"https:\/\/jessel.de\/365-tage-sylt\/wp-content\/uploads\/2025\/03\/IMG_1466.jpeg","_links":{"self":[{"href":"https:\/\/jessel.de\/365-tage-sylt\/wp-json\/wp\/v2\/posts\/20093","targetHints":{"allow":["GET"]}}],"collection":[{"href":"https:\/\/jessel.de\/365-tage-sylt\/wp-json\/wp\/v2\/posts"}],"about":[{"href":"https:\/\/jessel.de\/365-tage-sylt\/wp-json\/wp\/v2\/types\/post"}],"author":[{"embeddable":true,"href":"https:\/\/jessel.de\/365-tage-sylt\/wp-json\/wp\/v2\/users\/2"}],"replies":[{"embeddable":true,"href":"https:\/\/jessel.de\/365-tage-sylt\/wp-json\/wp\/v2\/comments?post=20093"}],"version-history":[{"count":3,"href":"https:\/\/jessel.de\/365-tage-sylt\/wp-json\/wp\/v2\/posts\/20093\/revisions"}],"predecessor-version":[{"id":20101,"href":"https:\/\/jessel.de\/365-tage-sylt\/wp-json\/wp\/v2\/posts\/20093\/revisions\/20101"}],"wp:featuredmedia":[{"embeddable":true,"href":"https:\/\/jessel.de\/365-tage-sylt\/wp-json\/wp\/v2\/media\/20098"}],"wp:attachment":[{"href":"https:\/\/jessel.de\/365-tage-sylt\/wp-json\/wp\/v2\/media?parent=20093"}],"wp:term":[{"taxonomy":"category","embeddable":true,"href":"https:\/\/jessel.de\/365-tage-sylt\/wp-json\/wp\/v2\/categories?post=20093"},{"taxonomy":"post_tag","embeddable":true,"href":"https:\/\/jessel.de\/365-tage-sylt\/wp-json\/wp\/v2\/tags?post=20093"}],"curies":[{"name":"wp","href":"https:\/\/api.w.org\/{rel}","templated":true}]}}