{"id":20102,"date":"2025-03-07T21:07:50","date_gmt":"2025-03-07T21:07:50","guid":{"rendered":"https:\/\/jessel.de\/365-tage-sylt\/?p=20102"},"modified":"2025-03-08T14:47:44","modified_gmt":"2025-03-08T14:47:44","slug":"7-maerz-heute-abend-am-rantum-becken","status":"publish","type":"post","link":"https:\/\/jessel.de\/365-tage-sylt\/7-maerz-heute-abend-am-rantum-becken\/","title":{"rendered":"7. M\u00e4rz: Heute Abend &#8211; am Rantum Becken"},"content":{"rendered":"<p>Der Fr\u00fc\u00fc\u00fchling naht! Und ich bin, zum ersten Mal seit Mooonaten, ohne Handschuhe mit\u2018m Fahrrad unterwegs, traraaah! *Quietsch\/brems* \u00a0am Rantumer Hafen, wo einige Pfeiler erneuert werden m\u00fcssen &#8211; erheblich einfacher gesagt als getan: Die \u201eRauszieh-Maschine\u201c wurde bereits herangeschippert, sie kann allerdings nur in der Stunde um das Hochwasser bis zum Delinquenten herangezogen werden. Und bald kommen die ersten Segler, die hier ihren Liegeplatz haben &#8211; es pressiert also etwas:<\/p>\n<p><img loading=\"lazy\" decoding=\"async\" class=\"alignnone size-full wp-image-20106\" src=\"https:\/\/jessel.de\/365-tage-sylt\/wp-content\/uploads\/2025\/03\/IMG_1471.jpeg\" alt=\"\" width=\"1205\" height=\"800\" srcset=\"https:\/\/jessel.de\/365-tage-sylt\/wp-content\/uploads\/2025\/03\/IMG_1471.jpeg 1205w, https:\/\/jessel.de\/365-tage-sylt\/wp-content\/uploads\/2025\/03\/IMG_1471-300x199.jpeg 300w, https:\/\/jessel.de\/365-tage-sylt\/wp-content\/uploads\/2025\/03\/IMG_1471-1024x680.jpeg 1024w, https:\/\/jessel.de\/365-tage-sylt\/wp-content\/uploads\/2025\/03\/IMG_1471-768x510.jpeg 768w\" sizes=\"auto, (max-width: 1205px) 100vw, 1205px\" \/><\/p>\n<p>Aaaach, wie sch\u00f6n ruhig hier drau\u00dfen auf dem Rantum-Damm. Nur die Wei\u00dfwangeng\u00e4nse (siehe heutiger Titel) schnattern vergn\u00fcgt vor sich hin &#8211; und das ist schlie\u00dflich Balsam f\u00fcr die Seele:<\/p>\n<p><img loading=\"lazy\" decoding=\"async\" class=\"alignnone size-full wp-image-20104\" src=\"https:\/\/jessel.de\/365-tage-sylt\/wp-content\/uploads\/2025\/03\/IMG_1473.jpeg\" alt=\"\" width=\"1968\" height=\"800\" srcset=\"https:\/\/jessel.de\/365-tage-sylt\/wp-content\/uploads\/2025\/03\/IMG_1473.jpeg 1968w, https:\/\/jessel.de\/365-tage-sylt\/wp-content\/uploads\/2025\/03\/IMG_1473-300x122.jpeg 300w, https:\/\/jessel.de\/365-tage-sylt\/wp-content\/uploads\/2025\/03\/IMG_1473-1024x416.jpeg 1024w, https:\/\/jessel.de\/365-tage-sylt\/wp-content\/uploads\/2025\/03\/IMG_1473-768x312.jpeg 768w, https:\/\/jessel.de\/365-tage-sylt\/wp-content\/uploads\/2025\/03\/IMG_1473-1536x624.jpeg 1536w\" sizes=\"auto, (max-width: 1968px) 100vw, 1968px\" \/><\/p>\n<p>Dann noch flugs vorbei an St. Severin\u2026.:<\/p>\n<p><img loading=\"lazy\" decoding=\"async\" class=\"alignnone size-full wp-image-20103\" src=\"https:\/\/jessel.de\/365-tage-sylt\/wp-content\/uploads\/2025\/03\/IMG_1474.jpeg\" alt=\"\" width=\"1205\" height=\"800\" srcset=\"https:\/\/jessel.de\/365-tage-sylt\/wp-content\/uploads\/2025\/03\/IMG_1474.jpeg 1205w, https:\/\/jessel.de\/365-tage-sylt\/wp-content\/uploads\/2025\/03\/IMG_1474-300x199.jpeg 300w, https:\/\/jessel.de\/365-tage-sylt\/wp-content\/uploads\/2025\/03\/IMG_1474-1024x680.jpeg 1024w, https:\/\/jessel.de\/365-tage-sylt\/wp-content\/uploads\/2025\/03\/IMG_1474-768x510.jpeg 768w\" sizes=\"auto, (max-width: 1205px) 100vw, 1205px\" \/><\/p>\n<p>\u2026 und die Vorfreude auf den morgigen Tagesstart beginnt.<\/p>\n","protected":false},"excerpt":{"rendered":"<p>Der Fr\u00fc\u00fc\u00fchling naht! Und ich bin, zum ersten Mal seit Mooonaten, ohne Handschuhe mit\u2018m Fahrrad unterwegs, traraaah! *Quietsch\/brems* \u00a0am Rantumer Hafen, wo einige Pfeiler erneuert werden m\u00fcssen &#8211; erheblich einfacher gesagt als getan: Die \u201eRauszieh-Maschine\u201c wurde bereits herangeschippert, sie kann allerdings nur in der Stunde um das Hochwasser bis zum Delinquenten herangezogen werden. Und bald kommen die ersten Segler, die hier ihren Liegeplatz haben &#8211; es pressiert also etwas: Aaaach,&hellip;<\/p>\n","protected":false},"author":2,"featured_media":20105,"comment_status":"open","ping_status":"open","sticky":false,"template":"","format":"standard","meta":{"footnotes":""},"categories":[27,39,28,34,40,23],"tags":[],"class_list":["post-20102","post","type-post","status-publish","format-standard","has-post-thumbnail","hentry","category-alle-bilder","category-arbeit","category-haeuser","category-rantum","category-tiere","category-winter"],"jetpack_featured_media_url":"https:\/\/jessel.de\/365-tage-sylt\/wp-content\/uploads\/2025\/03\/IMG_1472.jpeg","_links":{"self":[{"href":"https:\/\/jessel.de\/365-tage-sylt\/wp-json\/wp\/v2\/posts\/20102","targetHints":{"allow":["GET"]}}],"collection":[{"href":"https:\/\/jessel.de\/365-tage-sylt\/wp-json\/wp\/v2\/posts"}],"about":[{"href":"https:\/\/jessel.de\/365-tage-sylt\/wp-json\/wp\/v2\/types\/post"}],"author":[{"embeddable":true,"href":"https:\/\/jessel.de\/365-tage-sylt\/wp-json\/wp\/v2\/users\/2"}],"replies":[{"embeddable":true,"href":"https:\/\/jessel.de\/365-tage-sylt\/wp-json\/wp\/v2\/comments?post=20102"}],"version-history":[{"count":5,"href":"https:\/\/jessel.de\/365-tage-sylt\/wp-json\/wp\/v2\/posts\/20102\/revisions"}],"predecessor-version":[{"id":20111,"href":"https:\/\/jessel.de\/365-tage-sylt\/wp-json\/wp\/v2\/posts\/20102\/revisions\/20111"}],"wp:featuredmedia":[{"embeddable":true,"href":"https:\/\/jessel.de\/365-tage-sylt\/wp-json\/wp\/v2\/media\/20105"}],"wp:attachment":[{"href":"https:\/\/jessel.de\/365-tage-sylt\/wp-json\/wp\/v2\/media?parent=20102"}],"wp:term":[{"taxonomy":"category","embeddable":true,"href":"https:\/\/jessel.de\/365-tage-sylt\/wp-json\/wp\/v2\/categories?post=20102"},{"taxonomy":"post_tag","embeddable":true,"href":"https:\/\/jessel.de\/365-tage-sylt\/wp-json\/wp\/v2\/tags?post=20102"}],"curies":[{"name":"wp","href":"https:\/\/api.w.org\/{rel}","templated":true}]}}