{"id":2015,"date":"2017-08-04T14:53:43","date_gmt":"2017-08-04T14:53:43","guid":{"rendered":"http:\/\/jessel.de\/365-tage-sylt\/?p=2015"},"modified":"2017-08-04T15:09:27","modified_gmt":"2017-08-04T15:09:27","slug":"stormy-friday","status":"publish","type":"post","link":"https:\/\/jessel.de\/365-tage-sylt\/stormy-friday\/","title":{"rendered":"Stormy friday"},"content":{"rendered":"<p>Was f\u00fcr ein Regen in der Nacht! Bis zum Mittag bleibt es bedeckt und zunehmend st\u00fcrmisch. Gute Gelegenheit, sich auf ein ayurvedisches Mittagsmahl zu konzentrieren. Es gibt: Gebackene S\u00fc\u00dfkartoffeln mit Avocado-Paprika-Cr\u00e8me. Dazu einen Schoppen Sylter Leitungswasser, lauwarm:<\/p>\n<p><img loading=\"lazy\" decoding=\"async\" class=\"alignnone size-full wp-image-2016\" src=\"http:\/\/jessel.de\/365-tage-sylt\/wp-content\/uploads\/2017\/08\/20170804_133402.jpg\" alt=\"\" width=\"450\" height=\"800\" srcset=\"https:\/\/jessel.de\/365-tage-sylt\/wp-content\/uploads\/2017\/08\/20170804_133402.jpg 450w, https:\/\/jessel.de\/365-tage-sylt\/wp-content\/uploads\/2017\/08\/20170804_133402-169x300.jpg 169w\" sizes=\"auto, (max-width: 450px) 100vw, 450px\" \/><\/p>\n<p>Sehr gelungene Vorstellung, f\u00fcr die ich &#8211; v\u00f6llig berechtigt &#8211; ein Lob einheimse.<\/p>\n<p>Zur ung\u00fcnstigsten Sendezeit l\u00e4sst sich die Sonne sehen. Ich komme zumindest dazu, einen kleinen Rundgang \u00fcber die Promenade und am Strand zu machen. Bei sieben Windst\u00e4rken, in B\u00f6en bis 9, haben sich die Akteure der ab heute angek\u00fcndigten Catamaran-Regatta noch gar nicht sehen lassen, daf\u00fcr nutzt ein junger Kiter die Chance, vor gro\u00dfem Publikum zu zeigen, was er drauf hat:<\/p>\n<p><img loading=\"lazy\" decoding=\"async\" class=\"alignnone size-full wp-image-2019\" src=\"http:\/\/jessel.de\/365-tage-sylt\/wp-content\/uploads\/2017\/08\/L1006304.jpg\" alt=\"\" width=\"1200\" height=\"800\" srcset=\"https:\/\/jessel.de\/365-tage-sylt\/wp-content\/uploads\/2017\/08\/L1006304.jpg 1200w, https:\/\/jessel.de\/365-tage-sylt\/wp-content\/uploads\/2017\/08\/L1006304-300x200.jpg 300w, https:\/\/jessel.de\/365-tage-sylt\/wp-content\/uploads\/2017\/08\/L1006304-768x512.jpg 768w, https:\/\/jessel.de\/365-tage-sylt\/wp-content\/uploads\/2017\/08\/L1006304-1024x683.jpg 1024w\" sizes=\"auto, (max-width: 1200px) 100vw, 1200px\" \/><\/p>\n<p>Ob das gro\u00dfe Publikum an seiner Vorstellung Interesse hat, sei mal dahin gestellt.<\/p>\n<p>Auch in den Strassen ist&#8217;s ziemlich pustig. Meine Kassiererin im Edeka Markt berichtet, dass sie zunehmend die schlechte Laune der G\u00e4ste abwettern muss.<\/p>\n<p><img loading=\"lazy\" decoding=\"async\" class=\"alignnone size-full wp-image-2020\" src=\"http:\/\/jessel.de\/365-tage-sylt\/wp-content\/uploads\/2017\/08\/L1006317.jpg\" alt=\"\" width=\"1200\" height=\"800\" srcset=\"https:\/\/jessel.de\/365-tage-sylt\/wp-content\/uploads\/2017\/08\/L1006317.jpg 1200w, https:\/\/jessel.de\/365-tage-sylt\/wp-content\/uploads\/2017\/08\/L1006317-300x200.jpg 300w, https:\/\/jessel.de\/365-tage-sylt\/wp-content\/uploads\/2017\/08\/L1006317-768x512.jpg 768w, https:\/\/jessel.de\/365-tage-sylt\/wp-content\/uploads\/2017\/08\/L1006317-1024x683.jpg 1024w\" sizes=\"auto, (max-width: 1200px) 100vw, 1200px\" \/><\/p>\n<p>Immerhin ist f\u00fcr morgen etwas sommerlicheres Wetter annonciert. Es steht ggf. sogar eine Fr\u00fch-Exkursion an. Schau&#8217;n wir mal&#8230;<\/p>\n","protected":false},"excerpt":{"rendered":"<p>Was f\u00fcr ein Regen in der Nacht! Bis zum Mittag bleibt es bedeckt und zunehmend st\u00fcrmisch. Gute Gelegenheit, sich auf ein ayurvedisches Mittagsmahl zu konzentrieren. Es gibt: Gebackene S\u00fc\u00dfkartoffeln mit Avocado-Paprika-Cr\u00e8me. Dazu einen Schoppen Sylter Leitungswasser, lauwarm: Sehr gelungene Vorstellung, f\u00fcr die ich &#8211; v\u00f6llig berechtigt &#8211; ein Lob einheimse. Zur ung\u00fcnstigsten Sendezeit l\u00e4sst sich die Sonne sehen. Ich komme zumindest dazu, einen kleinen Rundgang \u00fcber die Promenade und am&hellip;<\/p>\n","protected":false},"author":2,"featured_media":2018,"comment_status":"open","ping_status":"open","sticky":false,"template":"","format":"standard","meta":{"footnotes":""},"categories":[27,3,35,46,26,2,7],"tags":[],"class_list":["post-2015","post","type-post","status-publish","format-standard","has-post-thumbnail","hentry","category-alle-bilder","category-menschen","category-schlechtes-wetter","category-sommer","category-strand","category-tourismus","category-westerland"],"jetpack_featured_media_url":"https:\/\/jessel.de\/365-tage-sylt\/wp-content\/uploads\/2017\/08\/L1006303.jpg","_links":{"self":[{"href":"https:\/\/jessel.de\/365-tage-sylt\/wp-json\/wp\/v2\/posts\/2015","targetHints":{"allow":["GET"]}}],"collection":[{"href":"https:\/\/jessel.de\/365-tage-sylt\/wp-json\/wp\/v2\/posts"}],"about":[{"href":"https:\/\/jessel.de\/365-tage-sylt\/wp-json\/wp\/v2\/types\/post"}],"author":[{"embeddable":true,"href":"https:\/\/jessel.de\/365-tage-sylt\/wp-json\/wp\/v2\/users\/2"}],"replies":[{"embeddable":true,"href":"https:\/\/jessel.de\/365-tage-sylt\/wp-json\/wp\/v2\/comments?post=2015"}],"version-history":[{"count":5,"href":"https:\/\/jessel.de\/365-tage-sylt\/wp-json\/wp\/v2\/posts\/2015\/revisions"}],"predecessor-version":[{"id":2025,"href":"https:\/\/jessel.de\/365-tage-sylt\/wp-json\/wp\/v2\/posts\/2015\/revisions\/2025"}],"wp:featuredmedia":[{"embeddable":true,"href":"https:\/\/jessel.de\/365-tage-sylt\/wp-json\/wp\/v2\/media\/2018"}],"wp:attachment":[{"href":"https:\/\/jessel.de\/365-tage-sylt\/wp-json\/wp\/v2\/media?parent=2015"}],"wp:term":[{"taxonomy":"category","embeddable":true,"href":"https:\/\/jessel.de\/365-tage-sylt\/wp-json\/wp\/v2\/categories?post=2015"},{"taxonomy":"post_tag","embeddable":true,"href":"https:\/\/jessel.de\/365-tage-sylt\/wp-json\/wp\/v2\/tags?post=2015"}],"curies":[{"name":"wp","href":"https:\/\/api.w.org\/{rel}","templated":true}]}}