{"id":20157,"date":"2025-03-12T20:21:28","date_gmt":"2025-03-12T20:21:28","guid":{"rendered":"https:\/\/jessel.de\/365-tage-sylt\/?p=20157"},"modified":"2025-03-12T20:22:45","modified_gmt":"2025-03-12T20:22:45","slug":"12-maerz-sonne-am-fruehen-nachmittag","status":"publish","type":"post","link":"https:\/\/jessel.de\/365-tage-sylt\/12-maerz-sonne-am-fruehen-nachmittag\/","title":{"rendered":"12. M\u00e4rz: Sonne am fr\u00fchen Nachmittag\u2026"},"content":{"rendered":"<p>\u2026 als ich von B\u00e4cker Lund aus H\u00f6rnum zur\u00fcckfahre. Am sp\u00e4teren Nachmittag bezieht es sich, bei stechend klarer Sicht, (beinahe) komplett\u2026:<br \/>\n<img loading=\"lazy\" decoding=\"async\" class=\"alignnone size-full wp-image-20161\" src=\"https:\/\/jessel.de\/365-tage-sylt\/wp-content\/uploads\/2025\/03\/IMG_1503.jpeg\" alt=\"\" width=\"1620\" height=\"800\" srcset=\"https:\/\/jessel.de\/365-tage-sylt\/wp-content\/uploads\/2025\/03\/IMG_1503.jpeg 1620w, https:\/\/jessel.de\/365-tage-sylt\/wp-content\/uploads\/2025\/03\/IMG_1503-300x148.jpeg 300w, https:\/\/jessel.de\/365-tage-sylt\/wp-content\/uploads\/2025\/03\/IMG_1503-1024x506.jpeg 1024w, https:\/\/jessel.de\/365-tage-sylt\/wp-content\/uploads\/2025\/03\/IMG_1503-768x379.jpeg 768w, https:\/\/jessel.de\/365-tage-sylt\/wp-content\/uploads\/2025\/03\/IMG_1503-1536x759.jpeg 1536w\" sizes=\"auto, (max-width: 1620px) 100vw, 1620px\" \/><\/p>\n<p>\u2026 nur noch ein Hauch von Sonnenstrahl bricht einmal durch\u2026:<\/p>\n<p><img loading=\"lazy\" decoding=\"async\" class=\"alignnone size-full wp-image-20162\" src=\"https:\/\/jessel.de\/365-tage-sylt\/wp-content\/uploads\/2025\/03\/IMG_1502.jpeg\" alt=\"\" width=\"1205\" height=\"800\" srcset=\"https:\/\/jessel.de\/365-tage-sylt\/wp-content\/uploads\/2025\/03\/IMG_1502.jpeg 1205w, https:\/\/jessel.de\/365-tage-sylt\/wp-content\/uploads\/2025\/03\/IMG_1502-300x199.jpeg 300w, https:\/\/jessel.de\/365-tage-sylt\/wp-content\/uploads\/2025\/03\/IMG_1502-1024x680.jpeg 1024w, https:\/\/jessel.de\/365-tage-sylt\/wp-content\/uploads\/2025\/03\/IMG_1502-768x510.jpeg 768w\" sizes=\"auto, (max-width: 1205px) 100vw, 1205px\" \/><\/p>\n<p>\u2026 und erhellt Teile des Rantum Damms in pittoresker Weise:<\/p>\n<p><img loading=\"lazy\" decoding=\"async\" class=\"alignnone size-full wp-image-20160\" src=\"https:\/\/jessel.de\/365-tage-sylt\/wp-content\/uploads\/2025\/03\/IMG_1504.jpeg\" alt=\"\" width=\"1205\" height=\"800\" srcset=\"https:\/\/jessel.de\/365-tage-sylt\/wp-content\/uploads\/2025\/03\/IMG_1504.jpeg 1205w, https:\/\/jessel.de\/365-tage-sylt\/wp-content\/uploads\/2025\/03\/IMG_1504-300x199.jpeg 300w, https:\/\/jessel.de\/365-tage-sylt\/wp-content\/uploads\/2025\/03\/IMG_1504-1024x680.jpeg 1024w, https:\/\/jessel.de\/365-tage-sylt\/wp-content\/uploads\/2025\/03\/IMG_1504-768x510.jpeg 768w\" sizes=\"auto, (max-width: 1205px) 100vw, 1205px\" \/><\/p>\n<p>Und falls noch jemand einen Strandkorb braucht: Dieser hier steht neben der Tinnumer Schule und wartet auf Abholung:<\/p>\n<p><img loading=\"lazy\" decoding=\"async\" class=\"alignnone size-full wp-image-20159\" src=\"https:\/\/jessel.de\/365-tage-sylt\/wp-content\/uploads\/2025\/03\/IMG_1508.jpeg\" alt=\"\" width=\"1100\" height=\"800\" srcset=\"https:\/\/jessel.de\/365-tage-sylt\/wp-content\/uploads\/2025\/03\/IMG_1508.jpeg 1100w, https:\/\/jessel.de\/365-tage-sylt\/wp-content\/uploads\/2025\/03\/IMG_1508-300x218.jpeg 300w, https:\/\/jessel.de\/365-tage-sylt\/wp-content\/uploads\/2025\/03\/IMG_1508-1024x745.jpeg 1024w, https:\/\/jessel.de\/365-tage-sylt\/wp-content\/uploads\/2025\/03\/IMG_1508-768x559.jpeg 768w\" sizes=\"auto, (max-width: 1100px) 100vw, 1100px\" \/><\/p>\n","protected":false},"excerpt":{"rendered":"<p>\u2026 als ich von B\u00e4cker Lund aus H\u00f6rnum zur\u00fcckfahre. Am sp\u00e4teren Nachmittag bezieht es sich, bei stechend klarer Sicht, (beinahe) komplett\u2026: \u2026 nur noch ein Hauch von Sonnenstrahl bricht einmal durch\u2026: \u2026 und erhellt Teile des Rantum Damms in pittoresker Weise: Und falls noch jemand einen Strandkorb braucht: Dieser hier steht neben der Tinnumer Schule und wartet auf Abholung:<\/p>\n","protected":false},"author":2,"featured_media":20158,"comment_status":"open","ping_status":"open","sticky":false,"template":"","format":"standard","meta":{"footnotes":""},"categories":[27,39,28,3,34,29,23],"tags":[],"class_list":["post-20157","post","type-post","status-publish","format-standard","has-post-thumbnail","hentry","category-alle-bilder","category-arbeit","category-haeuser","category-menschen","category-rantum","category-verkehr","category-winter"],"jetpack_featured_media_url":"https:\/\/jessel.de\/365-tage-sylt\/wp-content\/uploads\/2025\/03\/IMG_1509.jpeg","_links":{"self":[{"href":"https:\/\/jessel.de\/365-tage-sylt\/wp-json\/wp\/v2\/posts\/20157","targetHints":{"allow":["GET"]}}],"collection":[{"href":"https:\/\/jessel.de\/365-tage-sylt\/wp-json\/wp\/v2\/posts"}],"about":[{"href":"https:\/\/jessel.de\/365-tage-sylt\/wp-json\/wp\/v2\/types\/post"}],"author":[{"embeddable":true,"href":"https:\/\/jessel.de\/365-tage-sylt\/wp-json\/wp\/v2\/users\/2"}],"replies":[{"embeddable":true,"href":"https:\/\/jessel.de\/365-tage-sylt\/wp-json\/wp\/v2\/comments?post=20157"}],"version-history":[{"count":2,"href":"https:\/\/jessel.de\/365-tage-sylt\/wp-json\/wp\/v2\/posts\/20157\/revisions"}],"predecessor-version":[{"id":20165,"href":"https:\/\/jessel.de\/365-tage-sylt\/wp-json\/wp\/v2\/posts\/20157\/revisions\/20165"}],"wp:featuredmedia":[{"embeddable":true,"href":"https:\/\/jessel.de\/365-tage-sylt\/wp-json\/wp\/v2\/media\/20158"}],"wp:attachment":[{"href":"https:\/\/jessel.de\/365-tage-sylt\/wp-json\/wp\/v2\/media?parent=20157"}],"wp:term":[{"taxonomy":"category","embeddable":true,"href":"https:\/\/jessel.de\/365-tage-sylt\/wp-json\/wp\/v2\/categories?post=20157"},{"taxonomy":"post_tag","embeddable":true,"href":"https:\/\/jessel.de\/365-tage-sylt\/wp-json\/wp\/v2\/tags?post=20157"}],"curies":[{"name":"wp","href":"https:\/\/api.w.org\/{rel}","templated":true}]}}