{"id":20322,"date":"2025-04-02T10:22:47","date_gmt":"2025-04-02T10:22:47","guid":{"rendered":"https:\/\/jessel.de\/365-tage-sylt\/?p=20322"},"modified":"2025-04-03T04:41:26","modified_gmt":"2025-04-03T04:41:26","slug":"2-april-wo-war-ich-heute-frueh-zum-sonnenaufgang-na","status":"publish","type":"post","link":"https:\/\/jessel.de\/365-tage-sylt\/2-april-wo-war-ich-heute-frueh-zum-sonnenaufgang-na\/","title":{"rendered":"2. April: Wo war ich heute fr\u00fch zum Sonnenaufgang? Na?"},"content":{"rendered":"<p>Tja, das erz\u00e4hle ich wohl erst gegen Abend\u2026. \ud83d\ude09 Hier weiterhin Sonnenglast ohne Ende\u2026<\/p>\n<p>Eigentlich hei\u00dft mein Ziel \u201eRantum Damm\u201c, als ich im Morgengrauen losradle. Aber wenn ich eines gelernt habe in meiner Laufbahn, dann dieses: Zugreifen, wenn es am Wegesrand gerade irgendwo passt mit dem Licht. Also \u201abrems\/quietsch\u2018 vor der Tinnum-Burg, die da einfach in perfekter Beleuchtung vor mir liegt:<\/p>\n<p><img loading=\"lazy\" decoding=\"async\" class=\"alignnone size-full wp-image-20329\" src=\"https:\/\/jessel.de\/365-tage-sylt\/wp-content\/uploads\/2025\/04\/IMG_1572.jpeg\" alt=\"\" width=\"1205\" height=\"800\" srcset=\"https:\/\/jessel.de\/365-tage-sylt\/wp-content\/uploads\/2025\/04\/IMG_1572.jpeg 1205w, https:\/\/jessel.de\/365-tage-sylt\/wp-content\/uploads\/2025\/04\/IMG_1572-300x199.jpeg 300w, https:\/\/jessel.de\/365-tage-sylt\/wp-content\/uploads\/2025\/04\/IMG_1572-1024x680.jpeg 1024w, https:\/\/jessel.de\/365-tage-sylt\/wp-content\/uploads\/2025\/04\/IMG_1572-768x510.jpeg 768w\" sizes=\"auto, (max-width: 1205px) 100vw, 1205px\" \/><\/p>\n<p>Jeder Sylt &#8211; Freund kennt nat\u00fcrlich die ber\u00fchmte Tinnum-Burg. Bevor ich nun lange Erkl\u00e4rungen abgebe, hier das offizielle Schild vor Ort mit notwendigen Erl\u00e4uterungen:<\/p>\n<p><img loading=\"lazy\" decoding=\"async\" class=\"alignnone size-full wp-image-20326\" src=\"https:\/\/jessel.de\/365-tage-sylt\/wp-content\/uploads\/2025\/04\/IMG_1575.jpeg\" alt=\"\" width=\"1201\" height=\"800\" srcset=\"https:\/\/jessel.de\/365-tage-sylt\/wp-content\/uploads\/2025\/04\/IMG_1575.jpeg 1201w, https:\/\/jessel.de\/365-tage-sylt\/wp-content\/uploads\/2025\/04\/IMG_1575-300x200.jpeg 300w, https:\/\/jessel.de\/365-tage-sylt\/wp-content\/uploads\/2025\/04\/IMG_1575-1024x682.jpeg 1024w, https:\/\/jessel.de\/365-tage-sylt\/wp-content\/uploads\/2025\/04\/IMG_1575-768x512.jpeg 768w\" sizes=\"auto, (max-width: 1201px) 100vw, 1201px\" \/><\/p>\n<p>Die Stimmung ist perfekt, denn die Strukturen dieses Erdbauwerkes am Rande zur flachen Marsch kommen bei tiefstehender Sonne definitiv am besten zur Geltung:<\/p>\n<p><img loading=\"lazy\" decoding=\"async\" class=\"alignnone size-full wp-image-20327\" src=\"https:\/\/jessel.de\/365-tage-sylt\/wp-content\/uploads\/2025\/04\/IMG_1574.jpeg\" alt=\"\" width=\"1200\" height=\"800\" srcset=\"https:\/\/jessel.de\/365-tage-sylt\/wp-content\/uploads\/2025\/04\/IMG_1574.jpeg 1200w, https:\/\/jessel.de\/365-tage-sylt\/wp-content\/uploads\/2025\/04\/IMG_1574-300x200.jpeg 300w, https:\/\/jessel.de\/365-tage-sylt\/wp-content\/uploads\/2025\/04\/IMG_1574-1024x683.jpeg 1024w, https:\/\/jessel.de\/365-tage-sylt\/wp-content\/uploads\/2025\/04\/IMG_1574-768x512.jpeg 768w\" sizes=\"auto, (max-width: 1200px) 100vw, 1200px\" \/><\/p>\n<p>Der Holzsteg ist voller Raureif und dementsprechend glatt. Die Umrundung oben auf dem Ringwall im ersten Licht bietet ungetr\u00fcbte Weitsichten \u00fcber die Tinnumer Wiesen bei diesem makellosen Wetter:<\/p>\n<p><img loading=\"lazy\" decoding=\"async\" class=\"alignnone size-full wp-image-20323\" src=\"https:\/\/jessel.de\/365-tage-sylt\/wp-content\/uploads\/2025\/04\/IMG_1578.jpeg\" alt=\"\" width=\"1205\" height=\"800\" srcset=\"https:\/\/jessel.de\/365-tage-sylt\/wp-content\/uploads\/2025\/04\/IMG_1578.jpeg 1205w, https:\/\/jessel.de\/365-tage-sylt\/wp-content\/uploads\/2025\/04\/IMG_1578-300x199.jpeg 300w, https:\/\/jessel.de\/365-tage-sylt\/wp-content\/uploads\/2025\/04\/IMG_1578-1024x680.jpeg 1024w, https:\/\/jessel.de\/365-tage-sylt\/wp-content\/uploads\/2025\/04\/IMG_1578-768x510.jpeg 768w\" sizes=\"auto, (max-width: 1205px) 100vw, 1205px\" \/><\/p>\n<p>Ein letzter Blick noch \u00fcber den westlichen Ring, dann ist dieser fr\u00fche Einsatz &#8211; mit Erfolg &#8211; abgeschlossen:<\/p>\n<p><img loading=\"lazy\" decoding=\"async\" class=\"alignnone size-full wp-image-20325\" src=\"https:\/\/jessel.de\/365-tage-sylt\/wp-content\/uploads\/2025\/04\/IMG_1576.jpeg\" alt=\"\" width=\"1205\" height=\"800\" srcset=\"https:\/\/jessel.de\/365-tage-sylt\/wp-content\/uploads\/2025\/04\/IMG_1576.jpeg 1205w, https:\/\/jessel.de\/365-tage-sylt\/wp-content\/uploads\/2025\/04\/IMG_1576-300x199.jpeg 300w, https:\/\/jessel.de\/365-tage-sylt\/wp-content\/uploads\/2025\/04\/IMG_1576-1024x680.jpeg 1024w, https:\/\/jessel.de\/365-tage-sylt\/wp-content\/uploads\/2025\/04\/IMG_1576-768x510.jpeg 768w\" sizes=\"auto, (max-width: 1205px) 100vw, 1205px\" \/><\/p>\n","protected":false},"excerpt":{"rendered":"<p>Tja, das erz\u00e4hle ich wohl erst gegen Abend\u2026. \ud83d\ude09 Hier weiterhin Sonnenglast ohne Ende\u2026 Eigentlich hei\u00dft mein Ziel \u201eRantum Damm\u201c, als ich im Morgengrauen losradle. Aber wenn ich eines gelernt habe in meiner Laufbahn, dann dieses: Zugreifen, wenn es am Wegesrand gerade irgendwo passt mit dem Licht. Also \u201abrems\/quietsch\u2018 vor der Tinnum-Burg, die da einfach in perfekter Beleuchtung vor mir liegt: Jeder Sylt &#8211; Freund kennt nat\u00fcrlich die ber\u00fchmte Tinnum-Burg.&hellip;<\/p>\n","protected":false},"author":2,"featured_media":20328,"comment_status":"open","ping_status":"open","sticky":false,"template":"","format":"standard","meta":{"footnotes":""},"categories":[27,39,41,28,44,4,31],"tags":[],"class_list":["post-20322","post","type-post","status-publish","format-standard","has-post-thumbnail","hentry","category-alle-bilder","category-arbeit","category-fruehling","category-haeuser","category-pflanzen","category-spuren","category-tinnum"],"jetpack_featured_media_url":"https:\/\/jessel.de\/365-tage-sylt\/wp-content\/uploads\/2025\/04\/IMG_1573.jpeg","_links":{"self":[{"href":"https:\/\/jessel.de\/365-tage-sylt\/wp-json\/wp\/v2\/posts\/20322","targetHints":{"allow":["GET"]}}],"collection":[{"href":"https:\/\/jessel.de\/365-tage-sylt\/wp-json\/wp\/v2\/posts"}],"about":[{"href":"https:\/\/jessel.de\/365-tage-sylt\/wp-json\/wp\/v2\/types\/post"}],"author":[{"embeddable":true,"href":"https:\/\/jessel.de\/365-tage-sylt\/wp-json\/wp\/v2\/users\/2"}],"replies":[{"embeddable":true,"href":"https:\/\/jessel.de\/365-tage-sylt\/wp-json\/wp\/v2\/comments?post=20322"}],"version-history":[{"count":6,"href":"https:\/\/jessel.de\/365-tage-sylt\/wp-json\/wp\/v2\/posts\/20322\/revisions"}],"predecessor-version":[{"id":20335,"href":"https:\/\/jessel.de\/365-tage-sylt\/wp-json\/wp\/v2\/posts\/20322\/revisions\/20335"}],"wp:featuredmedia":[{"embeddable":true,"href":"https:\/\/jessel.de\/365-tage-sylt\/wp-json\/wp\/v2\/media\/20328"}],"wp:attachment":[{"href":"https:\/\/jessel.de\/365-tage-sylt\/wp-json\/wp\/v2\/media?parent=20322"}],"wp:term":[{"taxonomy":"category","embeddable":true,"href":"https:\/\/jessel.de\/365-tage-sylt\/wp-json\/wp\/v2\/categories?post=20322"},{"taxonomy":"post_tag","embeddable":true,"href":"https:\/\/jessel.de\/365-tage-sylt\/wp-json\/wp\/v2\/tags?post=20322"}],"curies":[{"name":"wp","href":"https:\/\/api.w.org\/{rel}","templated":true}]}}