{"id":20388,"date":"2025-04-10T16:54:25","date_gmt":"2025-04-10T16:54:25","guid":{"rendered":"https:\/\/jessel.de\/365-tage-sylt\/?p=20388"},"modified":"2025-04-10T16:58:45","modified_gmt":"2025-04-10T16:58:45","slug":"10-april-wo-bin-ich-gelandet","status":"publish","type":"post","link":"https:\/\/jessel.de\/365-tage-sylt\/10-april-wo-bin-ich-gelandet\/","title":{"rendered":"10. April: Wo bin ich\u2026 gelandet?"},"content":{"rendered":"<p>Ich gebe ja zu\u2026 es ist nicht jedermanns\/fraus Sache, gute 16 Stunden in Z\u00fcgen zu sitzen, um das Ziel eines Kurzurlaubs zu erreichen. Nachfolgend eine mitreisende Dame im sp\u00e4teren Morgengrauen vor M\u00fcnchen:<\/p>\n<p><img loading=\"lazy\" decoding=\"async\" class=\"alignnone size-full wp-image-20390\" src=\"https:\/\/jessel.de\/365-tage-sylt\/wp-content\/uploads\/2025\/04\/IMG_20250410_065129-scaled.jpeg\" alt=\"\" width=\"2560\" height=\"1920\" srcset=\"https:\/\/jessel.de\/365-tage-sylt\/wp-content\/uploads\/2025\/04\/IMG_20250410_065129-scaled.jpeg 2560w, https:\/\/jessel.de\/365-tage-sylt\/wp-content\/uploads\/2025\/04\/IMG_20250410_065129-300x225.jpeg 300w, https:\/\/jessel.de\/365-tage-sylt\/wp-content\/uploads\/2025\/04\/IMG_20250410_065129-1024x768.jpeg 1024w, https:\/\/jessel.de\/365-tage-sylt\/wp-content\/uploads\/2025\/04\/IMG_20250410_065129-768x576.jpeg 768w, https:\/\/jessel.de\/365-tage-sylt\/wp-content\/uploads\/2025\/04\/IMG_20250410_065129-1536x1152.jpeg 1536w, https:\/\/jessel.de\/365-tage-sylt\/wp-content\/uploads\/2025\/04\/IMG_20250410_065129-2048x1536.jpeg 2048w\" sizes=\"auto, (max-width: 2560px) 100vw, 2560px\" \/><\/p>\n<p>Ich kann mir kaum etwas Sch\u00f6neres vorstellen. Stets erinnere ich mich an ferne Interrail-Zeiten, als ich mit Freunden ganz Europa bereiste, unter erheblich spartanischeren Bedingungen.<br \/>\nWir erreichen M\u00fcnchen mit fast einer Stunde Versp\u00e4tung gegen 7:10 Uhr. Ich kann ganz locker bleiben, denn der DB-Kenner wei\u00df, dass die Anschlusszeiten gro\u00dfz\u00fcgig gew\u00e4hlt werden sollten &#8211; ich hatte mich f\u00fcr 90 Minuten entschieden.<\/p>\n<p>Eine gute Stunde sp\u00e4ter geht mein Zug (links im Bild) in die Eisen. Erste noch mit reichlich Schnee bedeckte Grate tauchen auf\u2026:<\/p>\n<p><img loading=\"lazy\" decoding=\"async\" class=\"size-full wp-image-20392\" src=\"https:\/\/jessel.de\/365-tage-sylt\/wp-content\/uploads\/2025\/04\/IMG_1640.jpeg\" alt=\"\" width=\"1100\" height=\"800\" srcset=\"https:\/\/jessel.de\/365-tage-sylt\/wp-content\/uploads\/2025\/04\/IMG_1640.jpeg 1100w, https:\/\/jessel.de\/365-tage-sylt\/wp-content\/uploads\/2025\/04\/IMG_1640-300x218.jpeg 300w, https:\/\/jessel.de\/365-tage-sylt\/wp-content\/uploads\/2025\/04\/IMG_1640-1024x745.jpeg 1024w, https:\/\/jessel.de\/365-tage-sylt\/wp-content\/uploads\/2025\/04\/IMG_1640-768x559.jpeg 768w\" sizes=\"auto, (max-width: 1100px) 100vw, 1100px\" \/><\/p>\n<p>\u2026 und kommen schnell n\u00e4her:<\/p>\n<p><img loading=\"lazy\" decoding=\"async\" class=\"size-full wp-image-20391\" src=\"https:\/\/jessel.de\/365-tage-sylt\/wp-content\/uploads\/2025\/04\/IMG_1639.jpeg\" alt=\"\" width=\"1100\" height=\"800\" srcset=\"https:\/\/jessel.de\/365-tage-sylt\/wp-content\/uploads\/2025\/04\/IMG_1639.jpeg 1100w, https:\/\/jessel.de\/365-tage-sylt\/wp-content\/uploads\/2025\/04\/IMG_1639-300x218.jpeg 300w, https:\/\/jessel.de\/365-tage-sylt\/wp-content\/uploads\/2025\/04\/IMG_1639-1024x745.jpeg 1024w, https:\/\/jessel.de\/365-tage-sylt\/wp-content\/uploads\/2025\/04\/IMG_1639-768x559.jpeg 768w\" sizes=\"auto, (max-width: 1100px) 100vw, 1100px\" \/><\/p>\n<p>Mit einem dampfenden Becher Kaffee in der Hand quere ich einen der bekanntesten Alpenp\u00e4sse &#8211; und geniesse jede Minute dieses Naturspektakels:<\/p>\n<p>Es dauert aber noch, bis ich mein Reiseziel erreiche &#8211; fast drei Stunden, mit einem weiteren Umstieg. Nun seid Ihr dran: Wo bin ich? Welches Land? Welche Provinz? Welcher Ort?<\/p>\n<p><img loading=\"lazy\" decoding=\"async\" class=\"alignnone size-full wp-image-20393\" src=\"https:\/\/jessel.de\/365-tage-sylt\/wp-content\/uploads\/2025\/04\/IMG_1642.jpeg\" alt=\"\" width=\"1100\" height=\"800\" srcset=\"https:\/\/jessel.de\/365-tage-sylt\/wp-content\/uploads\/2025\/04\/IMG_1642.jpeg 1100w, https:\/\/jessel.de\/365-tage-sylt\/wp-content\/uploads\/2025\/04\/IMG_1642-300x218.jpeg 300w, https:\/\/jessel.de\/365-tage-sylt\/wp-content\/uploads\/2025\/04\/IMG_1642-1024x745.jpeg 1024w, https:\/\/jessel.de\/365-tage-sylt\/wp-content\/uploads\/2025\/04\/IMG_1642-768x559.jpeg 768w\" sizes=\"auto, (max-width: 1100px) 100vw, 1100px\" \/><\/p>\n<p>Na?: Hier der Blick zu einem See &#8211; dorthin wandere ich zu meinem Hotel. Vier Kilometer durch Weinreben und Apfelplantagen:<\/p>\n<p><img loading=\"lazy\" decoding=\"async\" class=\"alignnone size-full wp-image-20394\" src=\"https:\/\/jessel.de\/365-tage-sylt\/wp-content\/uploads\/2025\/04\/IMG_1644.jpeg\" alt=\"\" width=\"1100\" height=\"800\" srcset=\"https:\/\/jessel.de\/365-tage-sylt\/wp-content\/uploads\/2025\/04\/IMG_1644.jpeg 1100w, https:\/\/jessel.de\/365-tage-sylt\/wp-content\/uploads\/2025\/04\/IMG_1644-300x218.jpeg 300w, https:\/\/jessel.de\/365-tage-sylt\/wp-content\/uploads\/2025\/04\/IMG_1644-1024x745.jpeg 1024w, https:\/\/jessel.de\/365-tage-sylt\/wp-content\/uploads\/2025\/04\/IMG_1644-768x559.jpeg 768w\" sizes=\"auto, (max-width: 1100px) 100vw, 1100px\" \/><br \/>\nAber erstmal gibt\u2019s ein Eis, und zwar die Version aus 73%iger Schokolade, eine Geschmacks-Essenz, die gibt\u2018s in ganz Deutschland nicht:<\/p>\n<p><img loading=\"lazy\" decoding=\"async\" class=\"alignnone size-full wp-image-20395\" src=\"https:\/\/jessel.de\/365-tage-sylt\/wp-content\/uploads\/2025\/04\/IMG_1643.jpeg\" alt=\"\" width=\"800\" height=\"1100\" srcset=\"https:\/\/jessel.de\/365-tage-sylt\/wp-content\/uploads\/2025\/04\/IMG_1643.jpeg 800w, https:\/\/jessel.de\/365-tage-sylt\/wp-content\/uploads\/2025\/04\/IMG_1643-218x300.jpeg 218w, https:\/\/jessel.de\/365-tage-sylt\/wp-content\/uploads\/2025\/04\/IMG_1643-745x1024.jpeg 745w, https:\/\/jessel.de\/365-tage-sylt\/wp-content\/uploads\/2025\/04\/IMG_1643-768x1056.jpeg 768w\" sizes=\"auto, (max-width: 800px) 100vw, 800px\" \/><\/p>\n<p>Allein daf\u00fcr lohnt sich schon der ganze Reise-Aufstand. Und die W\u00e4rme tut so gut, 23 Grad zeigt das Thermometer:<\/p>\n<p><img loading=\"lazy\" decoding=\"async\" class=\"alignnone size-full wp-image-20396\" src=\"https:\/\/jessel.de\/365-tage-sylt\/wp-content\/uploads\/2025\/04\/IMG_1645.jpeg\" alt=\"\" width=\"1100\" height=\"800\" srcset=\"https:\/\/jessel.de\/365-tage-sylt\/wp-content\/uploads\/2025\/04\/IMG_1645.jpeg 1100w, https:\/\/jessel.de\/365-tage-sylt\/wp-content\/uploads\/2025\/04\/IMG_1645-300x218.jpeg 300w, https:\/\/jessel.de\/365-tage-sylt\/wp-content\/uploads\/2025\/04\/IMG_1645-1024x745.jpeg 1024w, https:\/\/jessel.de\/365-tage-sylt\/wp-content\/uploads\/2025\/04\/IMG_1645-768x559.jpeg 768w\" sizes=\"auto, (max-width: 1100px) 100vw, 1100px\" \/><\/p>\n<p>\u2026 und zehntausende von bl\u00fchenden Apfelb\u00e4umen verstr\u00f6men einen \u00fcberaus verf\u00fchrerischen Duft:<\/p>\n<p><img loading=\"lazy\" decoding=\"async\" class=\"alignnone size-full wp-image-20397\" src=\"https:\/\/jessel.de\/365-tage-sylt\/wp-content\/uploads\/2025\/04\/IMG_1646.jpeg\" alt=\"\" width=\"1100\" height=\"800\" srcset=\"https:\/\/jessel.de\/365-tage-sylt\/wp-content\/uploads\/2025\/04\/IMG_1646.jpeg 1100w, https:\/\/jessel.de\/365-tage-sylt\/wp-content\/uploads\/2025\/04\/IMG_1646-300x218.jpeg 300w, https:\/\/jessel.de\/365-tage-sylt\/wp-content\/uploads\/2025\/04\/IMG_1646-1024x745.jpeg 1024w, https:\/\/jessel.de\/365-tage-sylt\/wp-content\/uploads\/2025\/04\/IMG_1646-768x559.jpeg 768w\" sizes=\"auto, (max-width: 1100px) 100vw, 1100px\" \/><\/p>\n<p>Dieser Blogbeitrag entstand in meinem Hotel zum Welcome-Drink. Eine Limoncello-Spritz gab\u2019s das letzte Mal im September auf Capri\u2026<\/p>\n<p>&nbsp;<\/p>\n","protected":false},"excerpt":{"rendered":"<p>Ich gebe ja zu\u2026 es ist nicht jedermanns\/fraus Sache, gute 16 Stunden in Z\u00fcgen zu sitzen, um das Ziel eines Kurzurlaubs zu erreichen. Nachfolgend eine mitreisende Dame im sp\u00e4teren Morgengrauen vor M\u00fcnchen: Ich kann mir kaum etwas Sch\u00f6neres vorstellen. Stets erinnere ich mich an ferne Interrail-Zeiten, als ich mit Freunden ganz Europa bereiste, unter erheblich spartanischeren Bedingungen. Wir erreichen M\u00fcnchen mit fast einer Stunde Versp\u00e4tung gegen 7:10 Uhr. Ich kann&hellip;<\/p>\n","protected":false},"author":2,"featured_media":20389,"comment_status":"open","ping_status":"open","sticky":false,"template":"","format":"standard","meta":{"footnotes":""},"categories":[27,39,41,28,44,2,33],"tags":[],"class_list":["post-20388","post","type-post","status-publish","format-standard","has-post-thumbnail","hentry","category-alle-bilder","category-arbeit","category-fruehling","category-haeuser","category-pflanzen","category-tourismus","category-woanders"],"jetpack_featured_media_url":"https:\/\/jessel.de\/365-tage-sylt\/wp-content\/uploads\/2025\/04\/IMG_1638.jpeg","_links":{"self":[{"href":"https:\/\/jessel.de\/365-tage-sylt\/wp-json\/wp\/v2\/posts\/20388","targetHints":{"allow":["GET"]}}],"collection":[{"href":"https:\/\/jessel.de\/365-tage-sylt\/wp-json\/wp\/v2\/posts"}],"about":[{"href":"https:\/\/jessel.de\/365-tage-sylt\/wp-json\/wp\/v2\/types\/post"}],"author":[{"embeddable":true,"href":"https:\/\/jessel.de\/365-tage-sylt\/wp-json\/wp\/v2\/users\/2"}],"replies":[{"embeddable":true,"href":"https:\/\/jessel.de\/365-tage-sylt\/wp-json\/wp\/v2\/comments?post=20388"}],"version-history":[{"count":3,"href":"https:\/\/jessel.de\/365-tage-sylt\/wp-json\/wp\/v2\/posts\/20388\/revisions"}],"predecessor-version":[{"id":20400,"href":"https:\/\/jessel.de\/365-tage-sylt\/wp-json\/wp\/v2\/posts\/20388\/revisions\/20400"}],"wp:featuredmedia":[{"embeddable":true,"href":"https:\/\/jessel.de\/365-tage-sylt\/wp-json\/wp\/v2\/media\/20389"}],"wp:attachment":[{"href":"https:\/\/jessel.de\/365-tage-sylt\/wp-json\/wp\/v2\/media?parent=20388"}],"wp:term":[{"taxonomy":"category","embeddable":true,"href":"https:\/\/jessel.de\/365-tage-sylt\/wp-json\/wp\/v2\/categories?post=20388"},{"taxonomy":"post_tag","embeddable":true,"href":"https:\/\/jessel.de\/365-tage-sylt\/wp-json\/wp\/v2\/tags?post=20388"}],"curies":[{"name":"wp","href":"https:\/\/api.w.org\/{rel}","templated":true}]}}