{"id":20577,"date":"2025-05-01T14:08:12","date_gmt":"2025-05-01T14:08:12","guid":{"rendered":"https:\/\/jessel.de\/365-tage-sylt\/?p=20577"},"modified":"2025-05-01T14:09:23","modified_gmt":"2025-05-01T14:09:23","slug":"29-april-abends-ein-traum-von-sylt","status":"publish","type":"post","link":"https:\/\/jessel.de\/365-tage-sylt\/29-april-abends-ein-traum-von-sylt\/","title":{"rendered":"29. April abends: Ein Traum von Sylt"},"content":{"rendered":"<p>Sooooo sch\u00f6\u00f6\u00f6\u00f6\u00f6n! Und wie superschlau von mir, diesen stillen Abend auf dem Rantum &#8211; Damm zu verbringen. Der L\u00e4rm der Welt \u00a0bleibt drau\u00dfen vor; mich umgibt nur Sch\u00f6nheit und die beredte Stille der Natur:<\/p>\n<p><img loading=\"lazy\" decoding=\"async\" class=\"alignnone size-full wp-image-20580\" src=\"https:\/\/jessel.de\/365-tage-sylt\/wp-content\/uploads\/2025\/05\/IMG_1821.jpeg\" alt=\"\" width=\"1205\" height=\"800\" srcset=\"https:\/\/jessel.de\/365-tage-sylt\/wp-content\/uploads\/2025\/05\/IMG_1821.jpeg 1205w, https:\/\/jessel.de\/365-tage-sylt\/wp-content\/uploads\/2025\/05\/IMG_1821-300x199.jpeg 300w, https:\/\/jessel.de\/365-tage-sylt\/wp-content\/uploads\/2025\/05\/IMG_1821-1024x680.jpeg 1024w, https:\/\/jessel.de\/365-tage-sylt\/wp-content\/uploads\/2025\/05\/IMG_1821-768x510.jpeg 768w\" sizes=\"auto, (max-width: 1205px) 100vw, 1205px\" \/><\/p>\n<p>Im Nordwesten die Betonk\u00e4sten Westerlands, aber dorthin gucke ich einfach (fast) gar nicht.<\/p>\n<p><img loading=\"lazy\" decoding=\"async\" class=\"alignnone size-full wp-image-20582\" src=\"https:\/\/jessel.de\/365-tage-sylt\/wp-content\/uploads\/2025\/05\/IMG_1819.jpeg\" alt=\"\" width=\"1205\" height=\"800\" srcset=\"https:\/\/jessel.de\/365-tage-sylt\/wp-content\/uploads\/2025\/05\/IMG_1819.jpeg 1205w, https:\/\/jessel.de\/365-tage-sylt\/wp-content\/uploads\/2025\/05\/IMG_1819-300x199.jpeg 300w, https:\/\/jessel.de\/365-tage-sylt\/wp-content\/uploads\/2025\/05\/IMG_1819-1024x680.jpeg 1024w, https:\/\/jessel.de\/365-tage-sylt\/wp-content\/uploads\/2025\/05\/IMG_1819-768x510.jpeg 768w\" sizes=\"auto, (max-width: 1205px) 100vw, 1205px\" \/><\/p>\n<p>In der fortgeschrittenen D\u00e4mmerung erreiche ich den Rantumer Seglerhafen, der sich langsam mit Booten f\u00fcllt:<\/p>\n<p><img loading=\"lazy\" decoding=\"async\" class=\"alignnone size-full wp-image-20578\" src=\"https:\/\/jessel.de\/365-tage-sylt\/wp-content\/uploads\/2025\/05\/IMG_1823.jpeg\" alt=\"\" width=\"1205\" height=\"800\" srcset=\"https:\/\/jessel.de\/365-tage-sylt\/wp-content\/uploads\/2025\/05\/IMG_1823.jpeg 1205w, https:\/\/jessel.de\/365-tage-sylt\/wp-content\/uploads\/2025\/05\/IMG_1823-300x199.jpeg 300w, https:\/\/jessel.de\/365-tage-sylt\/wp-content\/uploads\/2025\/05\/IMG_1823-1024x680.jpeg 1024w, https:\/\/jessel.de\/365-tage-sylt\/wp-content\/uploads\/2025\/05\/IMG_1823-768x510.jpeg 768w\" sizes=\"auto, (max-width: 1205px) 100vw, 1205px\" \/><\/p>\n<p>Soll mir recht sein.<\/p>\n","protected":false},"excerpt":{"rendered":"<p>Sooooo sch\u00f6\u00f6\u00f6\u00f6\u00f6n! Und wie superschlau von mir, diesen stillen Abend auf dem Rantum &#8211; Damm zu verbringen. Der L\u00e4rm der Welt \u00a0bleibt drau\u00dfen vor; mich umgibt nur Sch\u00f6nheit und die beredte Stille der Natur: Im Nordwesten die Betonk\u00e4sten Westerlands, aber dorthin gucke ich einfach (fast) gar nicht. In der fortgeschrittenen D\u00e4mmerung erreiche ich den Rantumer Seglerhafen, der sich langsam mit Booten f\u00fcllt: Soll mir recht sein.<\/p>\n","protected":false},"author":2,"featured_media":20581,"comment_status":"open","ping_status":"open","sticky":false,"template":"","format":"standard","meta":{"footnotes":""},"categories":[27,39,41,34,42],"tags":[],"class_list":["post-20577","post","type-post","status-publish","format-standard","has-post-thumbnail","hentry","category-alle-bilder","category-arbeit","category-fruehling","category-rantum","category-watt"],"jetpack_featured_media_url":"https:\/\/jessel.de\/365-tage-sylt\/wp-content\/uploads\/2025\/05\/IMG_1820.jpeg","_links":{"self":[{"href":"https:\/\/jessel.de\/365-tage-sylt\/wp-json\/wp\/v2\/posts\/20577","targetHints":{"allow":["GET"]}}],"collection":[{"href":"https:\/\/jessel.de\/365-tage-sylt\/wp-json\/wp\/v2\/posts"}],"about":[{"href":"https:\/\/jessel.de\/365-tage-sylt\/wp-json\/wp\/v2\/types\/post"}],"author":[{"embeddable":true,"href":"https:\/\/jessel.de\/365-tage-sylt\/wp-json\/wp\/v2\/users\/2"}],"replies":[{"embeddable":true,"href":"https:\/\/jessel.de\/365-tage-sylt\/wp-json\/wp\/v2\/comments?post=20577"}],"version-history":[{"count":3,"href":"https:\/\/jessel.de\/365-tage-sylt\/wp-json\/wp\/v2\/posts\/20577\/revisions"}],"predecessor-version":[{"id":20585,"href":"https:\/\/jessel.de\/365-tage-sylt\/wp-json\/wp\/v2\/posts\/20577\/revisions\/20585"}],"wp:featuredmedia":[{"embeddable":true,"href":"https:\/\/jessel.de\/365-tage-sylt\/wp-json\/wp\/v2\/media\/20581"}],"wp:attachment":[{"href":"https:\/\/jessel.de\/365-tage-sylt\/wp-json\/wp\/v2\/media?parent=20577"}],"wp:term":[{"taxonomy":"category","embeddable":true,"href":"https:\/\/jessel.de\/365-tage-sylt\/wp-json\/wp\/v2\/categories?post=20577"},{"taxonomy":"post_tag","embeddable":true,"href":"https:\/\/jessel.de\/365-tage-sylt\/wp-json\/wp\/v2\/tags?post=20577"}],"curies":[{"name":"wp","href":"https:\/\/api.w.org\/{rel}","templated":true}]}}