{"id":20586,"date":"2025-05-02T18:32:38","date_gmt":"2025-05-02T18:32:38","guid":{"rendered":"https:\/\/jessel.de\/365-tage-sylt\/?p=20586"},"modified":"2025-05-02T18:35:28","modified_gmt":"2025-05-02T18:35:28","slug":"2-mai-einwandfreies-nordseewetter","status":"publish","type":"post","link":"https:\/\/jessel.de\/365-tage-sylt\/2-mai-einwandfreies-nordseewetter\/","title":{"rendered":"2. Mai: Ein(!)wand(!)freies Nordseewetter"},"content":{"rendered":"<p>Es wurde in den zur\u00fcckliegenden Tagen viel rumgeunkt, was die Wetterentwicklung in Richtung Wochenende angeht. Was mit dem Umschwung vom bislang schlappen S\u00fcdwind auf einen kr\u00e4ftigeren Nordwestwind jedoch in realiter passiert, bezeichnen wir auf der Insel als\u2026.:<\/p>\n<p><img loading=\"lazy\" decoding=\"async\" class=\"alignnone size-full wp-image-20591\" src=\"https:\/\/jessel.de\/365-tage-sylt\/wp-content\/uploads\/2025\/05\/D8E27D11-B440-4FBA-9098-1BA740D87056.jpeg\" alt=\"\" width=\"1205\" height=\"800\" srcset=\"https:\/\/jessel.de\/365-tage-sylt\/wp-content\/uploads\/2025\/05\/D8E27D11-B440-4FBA-9098-1BA740D87056.jpeg 1205w, https:\/\/jessel.de\/365-tage-sylt\/wp-content\/uploads\/2025\/05\/D8E27D11-B440-4FBA-9098-1BA740D87056-300x199.jpeg 300w, https:\/\/jessel.de\/365-tage-sylt\/wp-content\/uploads\/2025\/05\/D8E27D11-B440-4FBA-9098-1BA740D87056-1024x680.jpeg 1024w, https:\/\/jessel.de\/365-tage-sylt\/wp-content\/uploads\/2025\/05\/D8E27D11-B440-4FBA-9098-1BA740D87056-768x510.jpeg 768w\" sizes=\"auto, (max-width: 1205px) 100vw, 1205px\" \/><\/p>\n<p>\u2026 allerbestes Nordseewetter mit einer k\u00fchlen, aber unendlich sauberen und klaren Luft &#8211; zum Reinbei\u00dfen!<\/p>\n<p>Und die G\u00e4ste goutieren das\u2026:<\/p>\n<p><img loading=\"lazy\" decoding=\"async\" class=\"alignnone size-full wp-image-20588\" src=\"https:\/\/jessel.de\/365-tage-sylt\/wp-content\/uploads\/2025\/05\/26D7E9E3-F6DC-4F62-860E-DCC382C79BA2.jpeg\" alt=\"\" width=\"1205\" height=\"800\" srcset=\"https:\/\/jessel.de\/365-tage-sylt\/wp-content\/uploads\/2025\/05\/26D7E9E3-F6DC-4F62-860E-DCC382C79BA2.jpeg 1205w, https:\/\/jessel.de\/365-tage-sylt\/wp-content\/uploads\/2025\/05\/26D7E9E3-F6DC-4F62-860E-DCC382C79BA2-300x199.jpeg 300w, https:\/\/jessel.de\/365-tage-sylt\/wp-content\/uploads\/2025\/05\/26D7E9E3-F6DC-4F62-860E-DCC382C79BA2-1024x680.jpeg 1024w, https:\/\/jessel.de\/365-tage-sylt\/wp-content\/uploads\/2025\/05\/26D7E9E3-F6DC-4F62-860E-DCC382C79BA2-768x510.jpeg 768w\" sizes=\"auto, (max-width: 1205px) 100vw, 1205px\" \/><\/p>\n<p>\u2026 frei nach dem Motto: \u201eEs gibt keinen kalten Wind, sondern nur zu d\u00fcnne Kleidung.\u201c:<\/p>\n<p><img loading=\"lazy\" decoding=\"async\" class=\"alignnone size-full wp-image-20587\" src=\"https:\/\/jessel.de\/365-tage-sylt\/wp-content\/uploads\/2025\/05\/CC30CCC5-462C-4D30-8664-5D80942E03C5.jpeg\" alt=\"\" width=\"1205\" height=\"800\" srcset=\"https:\/\/jessel.de\/365-tage-sylt\/wp-content\/uploads\/2025\/05\/CC30CCC5-462C-4D30-8664-5D80942E03C5.jpeg 1205w, https:\/\/jessel.de\/365-tage-sylt\/wp-content\/uploads\/2025\/05\/CC30CCC5-462C-4D30-8664-5D80942E03C5-300x199.jpeg 300w, https:\/\/jessel.de\/365-tage-sylt\/wp-content\/uploads\/2025\/05\/CC30CCC5-462C-4D30-8664-5D80942E03C5-1024x680.jpeg 1024w, https:\/\/jessel.de\/365-tage-sylt\/wp-content\/uploads\/2025\/05\/CC30CCC5-462C-4D30-8664-5D80942E03C5-768x510.jpeg 768w\" sizes=\"auto, (max-width: 1205px) 100vw, 1205px\" \/><\/p>\n<p>Immerhin bleibt der Wein auf Trinktemperatur\u2026 und laaange Spazierg\u00e4nge sind bei diesen Bedingungen immer noch das Beste, was man\/frau sich g\u00f6nnen sollte:<\/p>\n<p><img loading=\"lazy\" decoding=\"async\" class=\"alignnone size-full wp-image-20592\" src=\"https:\/\/jessel.de\/365-tage-sylt\/wp-content\/uploads\/2025\/05\/E852FACC-FB37-49B4-B2F4-D7B30CEE2B5F.jpeg\" alt=\"\" width=\"1205\" height=\"800\" srcset=\"https:\/\/jessel.de\/365-tage-sylt\/wp-content\/uploads\/2025\/05\/E852FACC-FB37-49B4-B2F4-D7B30CEE2B5F.jpeg 1205w, https:\/\/jessel.de\/365-tage-sylt\/wp-content\/uploads\/2025\/05\/E852FACC-FB37-49B4-B2F4-D7B30CEE2B5F-300x199.jpeg 300w, https:\/\/jessel.de\/365-tage-sylt\/wp-content\/uploads\/2025\/05\/E852FACC-FB37-49B4-B2F4-D7B30CEE2B5F-1024x680.jpeg 1024w, https:\/\/jessel.de\/365-tage-sylt\/wp-content\/uploads\/2025\/05\/E852FACC-FB37-49B4-B2F4-D7B30CEE2B5F-768x510.jpeg 768w\" sizes=\"auto, (max-width: 1205px) 100vw, 1205px\" \/><\/p>\n","protected":false},"excerpt":{"rendered":"<p>Es wurde in den zur\u00fcckliegenden Tagen viel rumgeunkt, was die Wetterentwicklung in Richtung Wochenende angeht. Was mit dem Umschwung vom bislang schlappen S\u00fcdwind auf einen kr\u00e4ftigeren Nordwestwind jedoch in realiter passiert, bezeichnen wir auf der Insel als\u2026.: \u2026 allerbestes Nordseewetter mit einer k\u00fchlen, aber unendlich sauberen und klaren Luft &#8211; zum Reinbei\u00dfen! Und die G\u00e4ste goutieren das\u2026: \u2026 frei nach dem Motto: \u201eEs gibt keinen kalten Wind, sondern nur zu&hellip;<\/p>\n","protected":false},"author":2,"featured_media":20589,"comment_status":"open","ping_status":"open","sticky":false,"template":"","format":"standard","meta":{"footnotes":""},"categories":[27,39,41,28,3,26,2,7],"tags":[],"class_list":["post-20586","post","type-post","status-publish","format-standard","has-post-thumbnail","hentry","category-alle-bilder","category-arbeit","category-fruehling","category-haeuser","category-menschen","category-strand","category-tourismus","category-westerland"],"jetpack_featured_media_url":"https:\/\/jessel.de\/365-tage-sylt\/wp-content\/uploads\/2025\/05\/F4F62075-D006-48B2-9D12-D799E4AC8A35.jpeg","_links":{"self":[{"href":"https:\/\/jessel.de\/365-tage-sylt\/wp-json\/wp\/v2\/posts\/20586","targetHints":{"allow":["GET"]}}],"collection":[{"href":"https:\/\/jessel.de\/365-tage-sylt\/wp-json\/wp\/v2\/posts"}],"about":[{"href":"https:\/\/jessel.de\/365-tage-sylt\/wp-json\/wp\/v2\/types\/post"}],"author":[{"embeddable":true,"href":"https:\/\/jessel.de\/365-tage-sylt\/wp-json\/wp\/v2\/users\/2"}],"replies":[{"embeddable":true,"href":"https:\/\/jessel.de\/365-tage-sylt\/wp-json\/wp\/v2\/comments?post=20586"}],"version-history":[{"count":3,"href":"https:\/\/jessel.de\/365-tage-sylt\/wp-json\/wp\/v2\/posts\/20586\/revisions"}],"predecessor-version":[{"id":20595,"href":"https:\/\/jessel.de\/365-tage-sylt\/wp-json\/wp\/v2\/posts\/20586\/revisions\/20595"}],"wp:featuredmedia":[{"embeddable":true,"href":"https:\/\/jessel.de\/365-tage-sylt\/wp-json\/wp\/v2\/media\/20589"}],"wp:attachment":[{"href":"https:\/\/jessel.de\/365-tage-sylt\/wp-json\/wp\/v2\/media?parent=20586"}],"wp:term":[{"taxonomy":"category","embeddable":true,"href":"https:\/\/jessel.de\/365-tage-sylt\/wp-json\/wp\/v2\/categories?post=20586"},{"taxonomy":"post_tag","embeddable":true,"href":"https:\/\/jessel.de\/365-tage-sylt\/wp-json\/wp\/v2\/tags?post=20586"}],"curies":[{"name":"wp","href":"https:\/\/api.w.org\/{rel}","templated":true}]}}