{"id":20621,"date":"2025-05-06T20:21:53","date_gmt":"2025-05-06T20:21:53","guid":{"rendered":"https:\/\/jessel.de\/365-tage-sylt\/?p=20621"},"modified":"2025-05-07T19:39:23","modified_gmt":"2025-05-07T19:39:23","slug":"6-mai-wo-bin-ich-fuer-anfaenger","status":"publish","type":"post","link":"https:\/\/jessel.de\/365-tage-sylt\/6-mai-wo-bin-ich-fuer-anfaenger\/","title":{"rendered":"6. Mai: \u201eWo bin ich?\u201c f\u00fcr Anf\u00e4nger\u2026"},"content":{"rendered":"<p>Einmal H\u00f6rnum, immer H\u00f6rnum: Ich bin wieder zum Brotkaufen im Sylter S\u00fcden, richtig. Und habe &#8211; rein prophylaktisch &#8211; meine Knipse im Rucksack, denn gerade ist es noch mehr oder weniger bedeckt \u00fcber dem Leuchtturm\u2026:<\/p>\n<p><img loading=\"lazy\" decoding=\"async\" class=\"alignnone size-full wp-image-20623\" src=\"https:\/\/jessel.de\/365-tage-sylt\/wp-content\/uploads\/2025\/05\/IMG_1846.jpeg\" alt=\"\" width=\"1205\" height=\"800\" srcset=\"https:\/\/jessel.de\/365-tage-sylt\/wp-content\/uploads\/2025\/05\/IMG_1846.jpeg 1205w, https:\/\/jessel.de\/365-tage-sylt\/wp-content\/uploads\/2025\/05\/IMG_1846-300x199.jpeg 300w, https:\/\/jessel.de\/365-tage-sylt\/wp-content\/uploads\/2025\/05\/IMG_1846-1024x680.jpeg 1024w, https:\/\/jessel.de\/365-tage-sylt\/wp-content\/uploads\/2025\/05\/IMG_1846-768x510.jpeg 768w\" sizes=\"auto, (max-width: 1205px) 100vw, 1205px\" \/><\/p>\n<p>\u2026 um wenige Minuten sp\u00e4ter in Windeseile aufzuklaren<\/p>\n<p><img loading=\"lazy\" decoding=\"async\" class=\"alignnone size-full wp-image-20622\" src=\"https:\/\/jessel.de\/365-tage-sylt\/wp-content\/uploads\/2025\/05\/IMG_1847.jpeg\" alt=\"\" width=\"1205\" height=\"800\" srcset=\"https:\/\/jessel.de\/365-tage-sylt\/wp-content\/uploads\/2025\/05\/IMG_1847.jpeg 1205w, https:\/\/jessel.de\/365-tage-sylt\/wp-content\/uploads\/2025\/05\/IMG_1847-300x199.jpeg 300w, https:\/\/jessel.de\/365-tage-sylt\/wp-content\/uploads\/2025\/05\/IMG_1847-1024x680.jpeg 1024w, https:\/\/jessel.de\/365-tage-sylt\/wp-content\/uploads\/2025\/05\/IMG_1847-768x510.jpeg 768w\" sizes=\"auto, (max-width: 1205px) 100vw, 1205px\" \/><\/p>\n<p>DAS war dann auch das H\u00f6rnum-Erlebnis des Tages, und ich trete &#8211; gemeinsam mit meinem Sylter Sauerteigbrot von Lund &#8211; den Heimweg gen Norden an.<\/p>\n<p>Sch\u00f6n, dass wir nun auch das weiter brandaktuelle \u201eRalf\u201c-Thema abgehandelt haben. Das erleichtert mich wirklich. Allen Mitwirkenden von Frank bis Lucy gilt mein aufrichtiger Dank.<\/p>\n<p>&nbsp;<\/p>\n","protected":false},"excerpt":{"rendered":"<p>Einmal H\u00f6rnum, immer H\u00f6rnum: Ich bin wieder zum Brotkaufen im Sylter S\u00fcden, richtig. Und habe &#8211; rein prophylaktisch &#8211; meine Knipse im Rucksack, denn gerade ist es noch mehr oder weniger bedeckt \u00fcber dem Leuchtturm\u2026: \u2026 um wenige Minuten sp\u00e4ter in Windeseile aufzuklaren DAS war dann auch das H\u00f6rnum-Erlebnis des Tages, und ich trete &#8211; gemeinsam mit meinem Sylter Sauerteigbrot von Lund &#8211; den Heimweg gen Norden an. Sch\u00f6n, dass&hellip;<\/p>\n","protected":false},"author":2,"featured_media":20625,"comment_status":"open","ping_status":"open","sticky":false,"template":"","format":"standard","meta":{"footnotes":""},"categories":[27,41,1,4,26,2,42],"tags":[],"class_list":["post-20621","post","type-post","status-publish","format-standard","has-post-thumbnail","hentry","category-alle-bilder","category-fruehling","category-uncategorized","category-spuren","category-strand","category-tourismus","category-watt"],"jetpack_featured_media_url":"https:\/\/jessel.de\/365-tage-sylt\/wp-content\/uploads\/2025\/05\/IMG_1844.jpeg","_links":{"self":[{"href":"https:\/\/jessel.de\/365-tage-sylt\/wp-json\/wp\/v2\/posts\/20621","targetHints":{"allow":["GET"]}}],"collection":[{"href":"https:\/\/jessel.de\/365-tage-sylt\/wp-json\/wp\/v2\/posts"}],"about":[{"href":"https:\/\/jessel.de\/365-tage-sylt\/wp-json\/wp\/v2\/types\/post"}],"author":[{"embeddable":true,"href":"https:\/\/jessel.de\/365-tage-sylt\/wp-json\/wp\/v2\/users\/2"}],"replies":[{"embeddable":true,"href":"https:\/\/jessel.de\/365-tage-sylt\/wp-json\/wp\/v2\/comments?post=20621"}],"version-history":[{"count":4,"href":"https:\/\/jessel.de\/365-tage-sylt\/wp-json\/wp\/v2\/posts\/20621\/revisions"}],"predecessor-version":[{"id":20630,"href":"https:\/\/jessel.de\/365-tage-sylt\/wp-json\/wp\/v2\/posts\/20621\/revisions\/20630"}],"wp:featuredmedia":[{"embeddable":true,"href":"https:\/\/jessel.de\/365-tage-sylt\/wp-json\/wp\/v2\/media\/20625"}],"wp:attachment":[{"href":"https:\/\/jessel.de\/365-tage-sylt\/wp-json\/wp\/v2\/media?parent=20621"}],"wp:term":[{"taxonomy":"category","embeddable":true,"href":"https:\/\/jessel.de\/365-tage-sylt\/wp-json\/wp\/v2\/categories?post=20621"},{"taxonomy":"post_tag","embeddable":true,"href":"https:\/\/jessel.de\/365-tage-sylt\/wp-json\/wp\/v2\/tags?post=20621"}],"curies":[{"name":"wp","href":"https:\/\/api.w.org\/{rel}","templated":true}]}}