{"id":20631,"date":"2025-05-08T13:24:06","date_gmt":"2025-05-08T13:24:06","guid":{"rendered":"https:\/\/jessel.de\/365-tage-sylt\/?p=20631"},"modified":"2025-05-08T13:24:06","modified_gmt":"2025-05-08T13:24:06","slug":"nachtrag-6-mai-die-sylter-kunstmuseums-stiftung","status":"publish","type":"post","link":"https:\/\/jessel.de\/365-tage-sylt\/nachtrag-6-mai-die-sylter-kunstmuseums-stiftung\/","title":{"rendered":"Nachtrag 6. Mai: Die \u201eSylter Kunstmuseums Stiftung\u201c\u2026"},"content":{"rendered":"<p>\u2026 l\u00e4dt zu ihrem 20-j\u00e4hrigen Bestehen ein. Und zwar mit einer \u201eKabinett-Ausstellung\u201c namens \u02cbMEERESLEUCHTEN\u02cb in den R\u00e4umen des Keitumer Sylt Museums (ehemals \u00a0Sylter Heimatmuseum) mit Bildern aus eigenen Best\u00e4nden. Frei nach dem Motto \u201eJeder kennt Jeden\u201c str\u00f6men mehrere H\u00e4nde voll an kunstinteressierten Insulanern zusammen\u2026:<\/p>\n<p><img loading=\"lazy\" decoding=\"async\" class=\"alignnone size-full wp-image-20635\" src=\"https:\/\/jessel.de\/365-tage-sylt\/wp-content\/uploads\/2025\/05\/IMG_1848.jpeg\" alt=\"\" width=\"1205\" height=\"800\" srcset=\"https:\/\/jessel.de\/365-tage-sylt\/wp-content\/uploads\/2025\/05\/IMG_1848.jpeg 1205w, https:\/\/jessel.de\/365-tage-sylt\/wp-content\/uploads\/2025\/05\/IMG_1848-300x199.jpeg 300w, https:\/\/jessel.de\/365-tage-sylt\/wp-content\/uploads\/2025\/05\/IMG_1848-1024x680.jpeg 1024w, https:\/\/jessel.de\/365-tage-sylt\/wp-content\/uploads\/2025\/05\/IMG_1848-768x510.jpeg 768w\" sizes=\"auto, (max-width: 1205px) 100vw, 1205px\" \/><\/p>\n<p>\u2026 staunen \u00fcber die von einem Architekten entworfenen Bauzeichnungen des einst projektierten Museums, das auf dem Freigel\u00e4nde des ehemaligen Keitumer Schwimmbades errichtet werden sollte\u2026:<\/p>\n<p><img loading=\"lazy\" decoding=\"async\" class=\"alignnone size-full wp-image-20634\" src=\"https:\/\/jessel.de\/365-tage-sylt\/wp-content\/uploads\/2025\/05\/IMG_1850.jpeg\" alt=\"\" width=\"1201\" height=\"800\" srcset=\"https:\/\/jessel.de\/365-tage-sylt\/wp-content\/uploads\/2025\/05\/IMG_1850.jpeg 1201w, https:\/\/jessel.de\/365-tage-sylt\/wp-content\/uploads\/2025\/05\/IMG_1850-300x200.jpeg 300w, https:\/\/jessel.de\/365-tage-sylt\/wp-content\/uploads\/2025\/05\/IMG_1850-1024x682.jpeg 1024w, https:\/\/jessel.de\/365-tage-sylt\/wp-content\/uploads\/2025\/05\/IMG_1850-768x512.jpeg 768w\" sizes=\"auto, (max-width: 1201px) 100vw, 1201px\" \/><\/p>\n<p>\u2026 oder lauschen den Worten mehrerer Redner, hier Maren Jessen von der S\u00f6l\u2018ring Foriining\u2026:<\/p>\n<p><img loading=\"lazy\" decoding=\"async\" class=\"alignnone size-full wp-image-20633\" src=\"https:\/\/jessel.de\/365-tage-sylt\/wp-content\/uploads\/2025\/05\/IMG_1854.jpeg\" alt=\"\" width=\"1201\" height=\"800\" srcset=\"https:\/\/jessel.de\/365-tage-sylt\/wp-content\/uploads\/2025\/05\/IMG_1854.jpeg 1201w, https:\/\/jessel.de\/365-tage-sylt\/wp-content\/uploads\/2025\/05\/IMG_1854-300x200.jpeg 300w, https:\/\/jessel.de\/365-tage-sylt\/wp-content\/uploads\/2025\/05\/IMG_1854-1024x682.jpeg 1024w, https:\/\/jessel.de\/365-tage-sylt\/wp-content\/uploads\/2025\/05\/IMG_1854-768x512.jpeg 768w\" sizes=\"auto, (max-width: 1201px) 100vw, 1201px\" \/><\/p>\n<p>\u2026 denen das allgemeine Bedauern zu entnehmen ist, dass es niemals zum Bau dieses Museums kam. Aus welchen Gr\u00fcnden auch immer. \ud83d\ude09<\/p>\n<p>Was ich auch sehr schade finde. Nun steht Sylt diesbez\u00fcglich im Kunst-Schatten der Nachbarinsel F\u00f6hr, wo das MdWK (Museum der Westk\u00fcste) in Alkersum mit hochkar\u00e4tigen und ideenreichen Ausstellungen der gro\u00dfen, von viel mehr bekannten K\u00fcnstlern besuchten Insel Sylt, die Hacken zeigt.<\/p>\n<p>Nun bietet Kunsthistoriker Alexander R\u00f6mer von der S\u00f6l\u2019ring Foriining der Sylter Kunstmuseums Stiftung diese Ausstellungsm\u00f6glichkeit sozusagen als Handreichung an, sich in Zukunft gemeinsam(!) f\u00fcr die Zurschaustellung der auf Sylt entstandenen Kunstwerke einzusetzen. Egal ob von Sylter oder ausw\u00e4rtigen K\u00fcnstlern \u00fcbrigens. DAS ist doch mal ein guter Vorschlag f\u00fcr einen Neuanfang der Kunstmuseums-Idee.<\/p>\n<p>Bei einem anschlie\u00dfenden, informellen Ansto\u00dfen in den Museumsr\u00e4umen taucht auch der bekannte Malermeister und Kunstsachverst\u00e4ndige Lars W. auf, der der zunehmend vergn\u00fcglichen Runde manch\u2018 Anekdote aus der Welt des Sylter Kunstschaffens zu vermitteln wei\u00df:<\/p>\n<p><img loading=\"lazy\" decoding=\"async\" class=\"alignnone size-full wp-image-20640\" src=\"https:\/\/jessel.de\/365-tage-sylt\/wp-content\/uploads\/2025\/05\/IMG_1857.jpeg\" alt=\"\" width=\"1100\" height=\"800\" srcset=\"https:\/\/jessel.de\/365-tage-sylt\/wp-content\/uploads\/2025\/05\/IMG_1857.jpeg 1100w, https:\/\/jessel.de\/365-tage-sylt\/wp-content\/uploads\/2025\/05\/IMG_1857-300x218.jpeg 300w, https:\/\/jessel.de\/365-tage-sylt\/wp-content\/uploads\/2025\/05\/IMG_1857-1024x745.jpeg 1024w, https:\/\/jessel.de\/365-tage-sylt\/wp-content\/uploads\/2025\/05\/IMG_1857-768x559.jpeg 768w\" sizes=\"auto, (max-width: 1100px) 100vw, 1100px\" \/><\/p>\n","protected":false},"excerpt":{"rendered":"<p>\u2026 l\u00e4dt zu ihrem 20-j\u00e4hrigen Bestehen ein. Und zwar mit einer \u201eKabinett-Ausstellung\u201c namens \u02cbMEERESLEUCHTEN\u02cb in den R\u00e4umen des Keitumer Sylt Museums (ehemals \u00a0Sylter Heimatmuseum) mit Bildern aus eigenen Best\u00e4nden. Frei nach dem Motto \u201eJeder kennt Jeden\u201c str\u00f6men mehrere H\u00e4nde voll an kunstinteressierten Insulanern zusammen\u2026: \u2026 staunen \u00fcber die von einem Architekten entworfenen Bauzeichnungen des einst projektierten Museums, das auf dem Freigel\u00e4nde des ehemaligen Keitumer Schwimmbades errichtet werden sollte\u2026: \u2026 oder&hellip;<\/p>\n","protected":false},"author":2,"featured_media":20632,"comment_status":"open","ping_status":"open","sticky":false,"template":"","format":"standard","meta":{"footnotes":""},"categories":[27,39,41,28,32,3],"tags":[],"class_list":["post-20631","post","type-post","status-publish","format-standard","has-post-thumbnail","hentry","category-alle-bilder","category-arbeit","category-fruehling","category-haeuser","category-keitum","category-menschen"],"jetpack_featured_media_url":"https:\/\/jessel.de\/365-tage-sylt\/wp-content\/uploads\/2025\/05\/IMG_1852.jpeg","_links":{"self":[{"href":"https:\/\/jessel.de\/365-tage-sylt\/wp-json\/wp\/v2\/posts\/20631","targetHints":{"allow":["GET"]}}],"collection":[{"href":"https:\/\/jessel.de\/365-tage-sylt\/wp-json\/wp\/v2\/posts"}],"about":[{"href":"https:\/\/jessel.de\/365-tage-sylt\/wp-json\/wp\/v2\/types\/post"}],"author":[{"embeddable":true,"href":"https:\/\/jessel.de\/365-tage-sylt\/wp-json\/wp\/v2\/users\/2"}],"replies":[{"embeddable":true,"href":"https:\/\/jessel.de\/365-tage-sylt\/wp-json\/wp\/v2\/comments?post=20631"}],"version-history":[{"count":6,"href":"https:\/\/jessel.de\/365-tage-sylt\/wp-json\/wp\/v2\/posts\/20631\/revisions"}],"predecessor-version":[{"id":20642,"href":"https:\/\/jessel.de\/365-tage-sylt\/wp-json\/wp\/v2\/posts\/20631\/revisions\/20642"}],"wp:featuredmedia":[{"embeddable":true,"href":"https:\/\/jessel.de\/365-tage-sylt\/wp-json\/wp\/v2\/media\/20632"}],"wp:attachment":[{"href":"https:\/\/jessel.de\/365-tage-sylt\/wp-json\/wp\/v2\/media?parent=20631"}],"wp:term":[{"taxonomy":"category","embeddable":true,"href":"https:\/\/jessel.de\/365-tage-sylt\/wp-json\/wp\/v2\/categories?post=20631"},{"taxonomy":"post_tag","embeddable":true,"href":"https:\/\/jessel.de\/365-tage-sylt\/wp-json\/wp\/v2\/tags?post=20631"}],"curies":[{"name":"wp","href":"https:\/\/api.w.org\/{rel}","templated":true}]}}