{"id":2075,"date":"2017-08-11T15:45:32","date_gmt":"2017-08-11T15:45:32","guid":{"rendered":"http:\/\/jessel.de\/365-tage-sylt\/?p=2075"},"modified":"2017-08-11T20:49:40","modified_gmt":"2017-08-11T20:49:40","slug":"hortensien-und-weinranken","status":"publish","type":"post","link":"https:\/\/jessel.de\/365-tage-sylt\/hortensien-und-weinranken\/","title":{"rendered":"Hortensien und Weinranken"},"content":{"rendered":"<p>Reingelegt. Mein Profi-Wetterbericht k\u00fcndigt allerbestes Sonnenwetter an, ab 10 Uhr bis zum Abend. Ich halte mich also im Morgengrauen zur\u00fcck und muss beobachten, dass das b\u00f6se Tief namens HARTMUT sich von Niedersachsen her immer weiter gen Norden aufmacht und die vormittags nur kurz erscheinende Sonne bald \u00fcberschattet.<\/p>\n<p>O.k., gegen 15 Uhr reisst mir der Geduldsfaden und ich radel&#8216; nach Keitum. Ihr glaubt nicht, was das f\u00fcr den Radfahrer in der Hochsaison auf Sylt bedeutet. Zum einen der automobile Dauerstau, nat\u00fcrlich auf der windzugewandten Seite des Radwegs (gerne w\u00fc\u00dfte ich mal, ob die Stickoxid- und Schwefelinhalation des Radfahrers entlang dieser Piste sich wesentlich von derjenigen einer fr\u00f6hlichen 4 km &#8211; Fahrradtour entlang der Hamburger Stresemannstrasse unterscheidet!?), zum anderen die Massen(!) an Mitradlern, die &#8211; offenbar jeglicher Verkehrserziehung abhold &#8211; sich auf dieser viel zu schmalen Trasse begegnen&#8230; die \u00fcberbreiten Kinder-Anh\u00e4nger passen definitiv nicht nebeneinander. Und irgendsowas wie R\u00fccksichtnahme ist absolut nicht mehr Mode. Zudem scheinen diverse Zeitgenossen seit mindestens einem halben Jahrhundert nicht mehr auf einem Rad gesessen zu haben.<\/p>\n<p>Egal, ich komme lebend in Keitum an. Zun\u00e4chst am Weinberg vorbei:<\/p>\n<p><img loading=\"lazy\" decoding=\"async\" class=\"alignnone size-full wp-image-2083\" src=\"http:\/\/jessel.de\/365-tage-sylt\/wp-content\/uploads\/2017\/08\/L1006423.jpg\" alt=\"\" width=\"1204\" height=\"800\" srcset=\"https:\/\/jessel.de\/365-tage-sylt\/wp-content\/uploads\/2017\/08\/L1006423.jpg 1204w, https:\/\/jessel.de\/365-tage-sylt\/wp-content\/uploads\/2017\/08\/L1006423-300x199.jpg 300w, https:\/\/jessel.de\/365-tage-sylt\/wp-content\/uploads\/2017\/08\/L1006423-768x510.jpg 768w, https:\/\/jessel.de\/365-tage-sylt\/wp-content\/uploads\/2017\/08\/L1006423-1024x680.jpg 1024w\" sizes=\"auto, (max-width: 1204px) 100vw, 1204px\" \/><\/p>\n<p>Ja, Ihr habt richtig gelesen: Weinberg. Best\u00fcckt mit der Traubensorte SOLARIS. Die w\u00fcrde auch noch in Troms\u00f6 einen &#8222;guten Tropfen&#8220; erzeugen &#8211; wenn Ihr versteht, was ich meine.<\/p>\n<p>Also lieber weiter auf Hortensien-Jagd:<\/p>\n<p><img loading=\"lazy\" decoding=\"async\" class=\"alignnone size-full wp-image-2081\" src=\"http:\/\/jessel.de\/365-tage-sylt\/wp-content\/uploads\/2017\/08\/L1006414.jpg\" alt=\"\" width=\"1204\" height=\"800\" srcset=\"https:\/\/jessel.de\/365-tage-sylt\/wp-content\/uploads\/2017\/08\/L1006414.jpg 1204w, https:\/\/jessel.de\/365-tage-sylt\/wp-content\/uploads\/2017\/08\/L1006414-300x199.jpg 300w, https:\/\/jessel.de\/365-tage-sylt\/wp-content\/uploads\/2017\/08\/L1006414-768x510.jpg 768w, https:\/\/jessel.de\/365-tage-sylt\/wp-content\/uploads\/2017\/08\/L1006414-1024x680.jpg 1024w\" sizes=\"auto, (max-width: 1204px) 100vw, 1204px\" \/><\/p>\n<p>&#8222;Mehr, mehr!&#8220;, schrie&#8216; \u00a0schon der Kleine H\u00e4welmann:<\/p>\n<p><img loading=\"lazy\" decoding=\"async\" class=\"alignnone size-full wp-image-2082\" src=\"http:\/\/jessel.de\/365-tage-sylt\/wp-content\/uploads\/2017\/08\/L1006418.jpg\" alt=\"\" width=\"1204\" height=\"800\" srcset=\"https:\/\/jessel.de\/365-tage-sylt\/wp-content\/uploads\/2017\/08\/L1006418.jpg 1204w, https:\/\/jessel.de\/365-tage-sylt\/wp-content\/uploads\/2017\/08\/L1006418-300x199.jpg 300w, https:\/\/jessel.de\/365-tage-sylt\/wp-content\/uploads\/2017\/08\/L1006418-768x510.jpg 768w, https:\/\/jessel.de\/365-tage-sylt\/wp-content\/uploads\/2017\/08\/L1006418-1024x680.jpg 1024w\" sizes=\"auto, (max-width: 1204px) 100vw, 1204px\" \/><\/p>\n<p><img loading=\"lazy\" decoding=\"async\" class=\"alignnone size-full wp-image-2084\" src=\"http:\/\/jessel.de\/365-tage-sylt\/wp-content\/uploads\/2017\/08\/L1006427.jpg\" alt=\"\" width=\"1204\" height=\"800\" srcset=\"https:\/\/jessel.de\/365-tage-sylt\/wp-content\/uploads\/2017\/08\/L1006427.jpg 1204w, https:\/\/jessel.de\/365-tage-sylt\/wp-content\/uploads\/2017\/08\/L1006427-300x199.jpg 300w, https:\/\/jessel.de\/365-tage-sylt\/wp-content\/uploads\/2017\/08\/L1006427-768x510.jpg 768w, https:\/\/jessel.de\/365-tage-sylt\/wp-content\/uploads\/2017\/08\/L1006427-1024x680.jpg 1024w\" sizes=\"auto, (max-width: 1204px) 100vw, 1204px\" \/><\/p>\n<p>Die gedeihen nat\u00fcrlich pr\u00e4chtig hier im Nordseeklima. Und im August ist High noon im Hortensien-Himmel:<\/p>\n<p><img loading=\"lazy\" decoding=\"async\" class=\"alignnone size-full wp-image-2080\" src=\"http:\/\/jessel.de\/365-tage-sylt\/wp-content\/uploads\/2017\/08\/L1006403.jpg\" alt=\"\" width=\"1204\" height=\"800\" srcset=\"https:\/\/jessel.de\/365-tage-sylt\/wp-content\/uploads\/2017\/08\/L1006403.jpg 1204w, https:\/\/jessel.de\/365-tage-sylt\/wp-content\/uploads\/2017\/08\/L1006403-300x199.jpg 300w, https:\/\/jessel.de\/365-tage-sylt\/wp-content\/uploads\/2017\/08\/L1006403-768x510.jpg 768w, https:\/\/jessel.de\/365-tage-sylt\/wp-content\/uploads\/2017\/08\/L1006403-1024x680.jpg 1024w\" sizes=\"auto, (max-width: 1204px) 100vw, 1204px\" \/><\/p>\n<p>Wie Ihr diesen Zeilen entnehmt, bin ich auch heil zur\u00fcck gekommen nach Westerland. Puuh.<\/p>\n","protected":false},"excerpt":{"rendered":"<p>Reingelegt. Mein Profi-Wetterbericht k\u00fcndigt allerbestes Sonnenwetter an, ab 10 Uhr bis zum Abend. Ich halte mich also im Morgengrauen zur\u00fcck und muss beobachten, dass das b\u00f6se Tief namens HARTMUT sich von Niedersachsen her immer weiter gen Norden aufmacht und die vormittags nur kurz erscheinende Sonne bald \u00fcberschattet. O.k., gegen 15 Uhr reisst mir der Geduldsfaden und ich radel&#8216; nach Keitum. Ihr glaubt nicht, was das f\u00fcr den Radfahrer in der&hellip;<\/p>\n","protected":false},"author":2,"featured_media":2076,"comment_status":"open","ping_status":"open","sticky":false,"template":"","format":"standard","meta":{"footnotes":""},"categories":[27,39,28,32,46,2,30],"tags":[],"class_list":["post-2075","post","type-post","status-publish","format-standard","has-post-thumbnail","hentry","category-alle-bilder","category-arbeit","category-haeuser","category-keitum","category-sommer","category-tourismus","category-tradition"],"jetpack_featured_media_url":"https:\/\/jessel.de\/365-tage-sylt\/wp-content\/uploads\/2017\/08\/L1006420.jpg","_links":{"self":[{"href":"https:\/\/jessel.de\/365-tage-sylt\/wp-json\/wp\/v2\/posts\/2075","targetHints":{"allow":["GET"]}}],"collection":[{"href":"https:\/\/jessel.de\/365-tage-sylt\/wp-json\/wp\/v2\/posts"}],"about":[{"href":"https:\/\/jessel.de\/365-tage-sylt\/wp-json\/wp\/v2\/types\/post"}],"author":[{"embeddable":true,"href":"https:\/\/jessel.de\/365-tage-sylt\/wp-json\/wp\/v2\/users\/2"}],"replies":[{"embeddable":true,"href":"https:\/\/jessel.de\/365-tage-sylt\/wp-json\/wp\/v2\/comments?post=2075"}],"version-history":[{"count":6,"href":"https:\/\/jessel.de\/365-tage-sylt\/wp-json\/wp\/v2\/posts\/2075\/revisions"}],"predecessor-version":[{"id":2087,"href":"https:\/\/jessel.de\/365-tage-sylt\/wp-json\/wp\/v2\/posts\/2075\/revisions\/2087"}],"wp:featuredmedia":[{"embeddable":true,"href":"https:\/\/jessel.de\/365-tage-sylt\/wp-json\/wp\/v2\/media\/2076"}],"wp:attachment":[{"href":"https:\/\/jessel.de\/365-tage-sylt\/wp-json\/wp\/v2\/media?parent=2075"}],"wp:term":[{"taxonomy":"category","embeddable":true,"href":"https:\/\/jessel.de\/365-tage-sylt\/wp-json\/wp\/v2\/categories?post=2075"},{"taxonomy":"post_tag","embeddable":true,"href":"https:\/\/jessel.de\/365-tage-sylt\/wp-json\/wp\/v2\/tags?post=2075"}],"curies":[{"name":"wp","href":"https:\/\/api.w.org\/{rel}","templated":true}]}}