{"id":2151,"date":"2017-08-17T16:52:50","date_gmt":"2017-08-17T16:52:50","guid":{"rendered":"http:\/\/jessel.de\/365-tage-sylt\/?p=2151"},"modified":"2017-08-17T17:43:53","modified_gmt":"2017-08-17T17:43:53","slug":"das-geheimnis-der-wandernden-strandkoerbe","status":"publish","type":"post","link":"https:\/\/jessel.de\/365-tage-sylt\/das-geheimnis-der-wandernden-strandkoerbe\/","title":{"rendered":"Das Geheimnis der wandernden Strandk\u00f6rbe&#8230;"},"content":{"rendered":"<p>&#8230; und noch eine andere Skurrilit\u00e4t am fr\u00fchen Donnerstagmorgen:<\/p>\n<p>Ich schrecke hoch. Der Wecker steht auf 5:40 Uhr. Nach der letzten abendlichen Vorhersage zeigt sich die Sonne nur noch mit 50%iger Wahrscheinlichkeit zwischen 6 und 7:30 Uhr. Danach zieht sich&#8217;s dicht. Am s\u00fcdwestlichen Himmel verdunkelt sich bereits ein satter Stratus, \u00a0Vorbote des Tiefs, das im Laufe des Tages \u00fcber uns hinweg ziehen wird, &#8230; in ausgesprochen pastoser Farbgebung. Alter Finne! Ich bin zu sp\u00e4t.<\/p>\n<p>Egal, ich raus und los, zun\u00e4chst an den \u00f6stlichen Ortsrand, zum Flugplatz also. Die Sonne steht mittlerweile einige Grad \u00fcber dem Horizont. Volle Kanne kachel&#8216; ich vorm Grenzzaun entlang Richtung S\u00fcden. Dort stehen diverse Privatmaschinen, von der einpropellerigen Chessna bis zum D\u00fcsenflugzeug. Aber&#8230; was ist DAS!? Eine neuartige Rolltreppe f\u00fcr Riesen-Jets!?<\/p>\n<p><img loading=\"lazy\" decoding=\"async\" class=\"alignnone size-full wp-image-2153\" src=\"http:\/\/jessel.de\/365-tage-sylt\/wp-content\/uploads\/2017\/08\/L1006431-2.jpg\" alt=\"\" width=\"1525\" height=\"800\" srcset=\"https:\/\/jessel.de\/365-tage-sylt\/wp-content\/uploads\/2017\/08\/L1006431-2.jpg 1525w, https:\/\/jessel.de\/365-tage-sylt\/wp-content\/uploads\/2017\/08\/L1006431-2-300x157.jpg 300w, https:\/\/jessel.de\/365-tage-sylt\/wp-content\/uploads\/2017\/08\/L1006431-2-768x403.jpg 768w, https:\/\/jessel.de\/365-tage-sylt\/wp-content\/uploads\/2017\/08\/L1006431-2-1024x537.jpg 1024w\" sizes=\"auto, (max-width: 1525px) 100vw, 1525px\" \/><\/p>\n<p>W\u00fcrde passen. Ich bin zugegebenerma\u00dfen etwas baff. Bis mir klar wird, dass das eine PKW-Vernichtungsmaschine ist: Man\/frau f\u00e4hrt da hoch, und st\u00fcrzt seinen SUV in den Abgrund. Ja &#8211; das scheint mir schl\u00fcssig. Die ersten Kandidaten stehen schon in der Warteschleife:<\/p>\n<p><img loading=\"lazy\" decoding=\"async\" class=\"alignnone size-full wp-image-2156\" src=\"http:\/\/jessel.de\/365-tage-sylt\/wp-content\/uploads\/2017\/08\/L1006435.jpg\" alt=\"\" width=\"1204\" height=\"800\" srcset=\"https:\/\/jessel.de\/365-tage-sylt\/wp-content\/uploads\/2017\/08\/L1006435.jpg 1204w, https:\/\/jessel.de\/365-tage-sylt\/wp-content\/uploads\/2017\/08\/L1006435-300x199.jpg 300w, https:\/\/jessel.de\/365-tage-sylt\/wp-content\/uploads\/2017\/08\/L1006435-768x510.jpg 768w, https:\/\/jessel.de\/365-tage-sylt\/wp-content\/uploads\/2017\/08\/L1006435-1024x680.jpg 1024w\" sizes=\"auto, (max-width: 1204px) 100vw, 1204px\" \/><\/p>\n<p>Die Sonne verschwindet im aufziehenden Stratusgew\u00f6lk. Ich wei\u00df, was das bedeutet und fahre schnurstracks in Richtung Promenade. Ein Licht wie im Aquarell. Ein Aquarell mit einem ausgeb\u00fcxten Strandkorb allerdings:<\/p>\n<p><img loading=\"lazy\" decoding=\"async\" class=\"alignnone size-full wp-image-2157\" src=\"http:\/\/jessel.de\/365-tage-sylt\/wp-content\/uploads\/2017\/08\/L1006439.jpg\" alt=\"\" width=\"1272\" height=\"800\" srcset=\"https:\/\/jessel.de\/365-tage-sylt\/wp-content\/uploads\/2017\/08\/L1006439.jpg 1272w, https:\/\/jessel.de\/365-tage-sylt\/wp-content\/uploads\/2017\/08\/L1006439-300x189.jpg 300w, https:\/\/jessel.de\/365-tage-sylt\/wp-content\/uploads\/2017\/08\/L1006439-768x483.jpg 768w, https:\/\/jessel.de\/365-tage-sylt\/wp-content\/uploads\/2017\/08\/L1006439-1024x644.jpg 1024w\" sizes=\"auto, (max-width: 1272px) 100vw, 1272px\" \/><\/p>\n<p>Dazu muss man wissen, Strandk\u00f6rbe neigen zu gruppenspezifischem Verhalten. Aber hallo. M\u00f6glichst alle in eine Richtung schauen und so&#8217;n Krams. Davon m\u00f6chte sich der individuelle Aussenseiter-Strandkorb gerne mal befreien &#8211; und b\u00fcxt, meistens zu n\u00e4chtlicher Stunde, gerne mal aus. Das glaubt Ihr nicht? Hier, noch so einer:<\/p>\n<p><img loading=\"lazy\" decoding=\"async\" class=\"alignnone size-full wp-image-2155\" src=\"http:\/\/jessel.de\/365-tage-sylt\/wp-content\/uploads\/2017\/08\/L1006444.jpg\" alt=\"\" width=\"1204\" height=\"800\" srcset=\"https:\/\/jessel.de\/365-tage-sylt\/wp-content\/uploads\/2017\/08\/L1006444.jpg 1204w, https:\/\/jessel.de\/365-tage-sylt\/wp-content\/uploads\/2017\/08\/L1006444-300x199.jpg 300w, https:\/\/jessel.de\/365-tage-sylt\/wp-content\/uploads\/2017\/08\/L1006444-768x510.jpg 768w, https:\/\/jessel.de\/365-tage-sylt\/wp-content\/uploads\/2017\/08\/L1006444-1024x680.jpg 1024w\" sizes=\"auto, (max-width: 1204px) 100vw, 1204px\" \/><\/p>\n<p>Man sieht die Spuren noch!<\/p>\n<p>Im Folgenden wird es eher dunkler als heller. Beste Gelegenheit f\u00fcr den Blogger, ein Brot zu backen:<\/p>\n<p><img loading=\"lazy\" decoding=\"async\" class=\"alignnone size-full wp-image-2152\" src=\"http:\/\/jessel.de\/365-tage-sylt\/wp-content\/uploads\/2017\/08\/IMG_1435.jpg\" alt=\"\" width=\"4032\" height=\"3024\" srcset=\"https:\/\/jessel.de\/365-tage-sylt\/wp-content\/uploads\/2017\/08\/IMG_1435.jpg 4032w, https:\/\/jessel.de\/365-tage-sylt\/wp-content\/uploads\/2017\/08\/IMG_1435-300x225.jpg 300w, https:\/\/jessel.de\/365-tage-sylt\/wp-content\/uploads\/2017\/08\/IMG_1435-768x576.jpg 768w, https:\/\/jessel.de\/365-tage-sylt\/wp-content\/uploads\/2017\/08\/IMG_1435-1024x768.jpg 1024w\" sizes=\"auto, (max-width: 4032px) 100vw, 4032px\" \/><\/p>\n<p>Das gelingt perfekt, m\u00f6chte ich mal einwerfen. Kein Wunder, ich muss ja auch nicht st\u00e4ndig aufs Wetter blicken. \u00a0Zum warmen Brot gibt&#8217;s zum Mittag einen Rote Linsen &#8211; Eintopf&#8230; dank Beigabe einer Prise Chilies versch\u00e4rft lecker.<\/p>\n<p>&nbsp;<\/p>\n","protected":false},"excerpt":{"rendered":"<p>&#8230; und noch eine andere Skurrilit\u00e4t am fr\u00fchen Donnerstagmorgen: Ich schrecke hoch. Der Wecker steht auf 5:40 Uhr. Nach der letzten abendlichen Vorhersage zeigt sich die Sonne nur noch mit 50%iger Wahrscheinlichkeit zwischen 6 und 7:30 Uhr. Danach zieht sich&#8217;s dicht. Am s\u00fcdwestlichen Himmel verdunkelt sich bereits ein satter Stratus, \u00a0Vorbote des Tiefs, das im Laufe des Tages \u00fcber uns hinweg ziehen wird, &#8230; in ausgesprochen pastoser Farbgebung. Alter Finne!&hellip;<\/p>\n","protected":false},"author":2,"featured_media":2154,"comment_status":"open","ping_status":"open","sticky":false,"template":"","format":"standard","meta":{"footnotes":""},"categories":[27,39,45,35,46,4,26,2,30,7],"tags":[],"class_list":["post-2151","post","type-post","status-publish","format-standard","has-post-thumbnail","hentry","category-alle-bilder","category-arbeit","category-fake-news","category-schlechtes-wetter","category-sommer","category-spuren","category-strand","category-tourismus","category-tradition","category-westerland"],"jetpack_featured_media_url":"https:\/\/jessel.de\/365-tage-sylt\/wp-content\/uploads\/2017\/08\/L1006442.jpg","_links":{"self":[{"href":"https:\/\/jessel.de\/365-tage-sylt\/wp-json\/wp\/v2\/posts\/2151","targetHints":{"allow":["GET"]}}],"collection":[{"href":"https:\/\/jessel.de\/365-tage-sylt\/wp-json\/wp\/v2\/posts"}],"about":[{"href":"https:\/\/jessel.de\/365-tage-sylt\/wp-json\/wp\/v2\/types\/post"}],"author":[{"embeddable":true,"href":"https:\/\/jessel.de\/365-tage-sylt\/wp-json\/wp\/v2\/users\/2"}],"replies":[{"embeddable":true,"href":"https:\/\/jessel.de\/365-tage-sylt\/wp-json\/wp\/v2\/comments?post=2151"}],"version-history":[{"count":5,"href":"https:\/\/jessel.de\/365-tage-sylt\/wp-json\/wp\/v2\/posts\/2151\/revisions"}],"predecessor-version":[{"id":2162,"href":"https:\/\/jessel.de\/365-tage-sylt\/wp-json\/wp\/v2\/posts\/2151\/revisions\/2162"}],"wp:featuredmedia":[{"embeddable":true,"href":"https:\/\/jessel.de\/365-tage-sylt\/wp-json\/wp\/v2\/media\/2154"}],"wp:attachment":[{"href":"https:\/\/jessel.de\/365-tage-sylt\/wp-json\/wp\/v2\/media?parent=2151"}],"wp:term":[{"taxonomy":"category","embeddable":true,"href":"https:\/\/jessel.de\/365-tage-sylt\/wp-json\/wp\/v2\/categories?post=2151"},{"taxonomy":"post_tag","embeddable":true,"href":"https:\/\/jessel.de\/365-tage-sylt\/wp-json\/wp\/v2\/tags?post=2151"}],"curies":[{"name":"wp","href":"https:\/\/api.w.org\/{rel}","templated":true}]}}