{"id":21722,"date":"2025-09-06T16:02:33","date_gmt":"2025-09-06T16:02:33","guid":{"rendered":"https:\/\/jessel.de\/365-tage-sylt\/?p=21722"},"modified":"2025-09-06T16:04:09","modified_gmt":"2025-09-06T16:04:09","slug":"5-6-september-kurzbesuche","status":"publish","type":"post","link":"https:\/\/jessel.de\/365-tage-sylt\/5-6-september-kurzbesuche\/","title":{"rendered":"5.\/6. September: Kurzbesuche\u2026"},"content":{"rendered":"<p>\u2026 in Hamburg und Flensburg &#8211; dort zum gemeinsamen verspeisen einiger frischgefangener Sylter Makrelen, die mir ein wohlwollender Zeitgenosse im Fitnessstudio zusteckte:<\/p>\n<p><img loading=\"lazy\" decoding=\"async\" class=\"alignnone size-full wp-image-21724\" src=\"https:\/\/jessel.de\/365-tage-sylt\/wp-content\/uploads\/2025\/09\/IMG_2909.jpeg\" alt=\"\" width=\"1100\" height=\"800\" srcset=\"https:\/\/jessel.de\/365-tage-sylt\/wp-content\/uploads\/2025\/09\/IMG_2909.jpeg 1100w, https:\/\/jessel.de\/365-tage-sylt\/wp-content\/uploads\/2025\/09\/IMG_2909-300x218.jpeg 300w, https:\/\/jessel.de\/365-tage-sylt\/wp-content\/uploads\/2025\/09\/IMG_2909-1024x745.jpeg 1024w, https:\/\/jessel.de\/365-tage-sylt\/wp-content\/uploads\/2025\/09\/IMG_2909-768x559.jpeg 768w\" sizes=\"auto, (max-width: 1100px) 100vw, 1100px\" \/><\/p>\n<p>Auch in Hamburg sind nun die Ferien zuende\u2026:<\/p>\n<p><img loading=\"lazy\" decoding=\"async\" class=\"alignnone size-full wp-image-21725\" src=\"https:\/\/jessel.de\/365-tage-sylt\/wp-content\/uploads\/2025\/09\/IMG_2914.jpeg\" alt=\"\" width=\"1100\" height=\"800\" srcset=\"https:\/\/jessel.de\/365-tage-sylt\/wp-content\/uploads\/2025\/09\/IMG_2914.jpeg 1100w, https:\/\/jessel.de\/365-tage-sylt\/wp-content\/uploads\/2025\/09\/IMG_2914-300x218.jpeg 300w, https:\/\/jessel.de\/365-tage-sylt\/wp-content\/uploads\/2025\/09\/IMG_2914-1024x745.jpeg 1024w, https:\/\/jessel.de\/365-tage-sylt\/wp-content\/uploads\/2025\/09\/IMG_2914-768x559.jpeg 768w\" sizes=\"auto, (max-width: 1100px) 100vw, 1100px\" \/><\/p>\n<p>\u2026 und in den Blumenl\u00e4den zeigt sich bereits eine fr\u00fchherbstliche Bl\u00fctenpracht\u2026:<\/p>\n<p><img loading=\"lazy\" decoding=\"async\" class=\"alignnone size-full wp-image-21726\" src=\"https:\/\/jessel.de\/365-tage-sylt\/wp-content\/uploads\/2025\/09\/IMG_2910.jpeg\" alt=\"\" width=\"1100\" height=\"800\" srcset=\"https:\/\/jessel.de\/365-tage-sylt\/wp-content\/uploads\/2025\/09\/IMG_2910.jpeg 1100w, https:\/\/jessel.de\/365-tage-sylt\/wp-content\/uploads\/2025\/09\/IMG_2910-300x218.jpeg 300w, https:\/\/jessel.de\/365-tage-sylt\/wp-content\/uploads\/2025\/09\/IMG_2910-1024x745.jpeg 1024w, https:\/\/jessel.de\/365-tage-sylt\/wp-content\/uploads\/2025\/09\/IMG_2910-768x559.jpeg 768w\" sizes=\"auto, (max-width: 1100px) 100vw, 1100px\" \/><\/p>\n<p>\u2026 aber heute\/Samstag geniessen alle noch einen dieser unvergleichlichen Sp\u00e4tsommertage, bei Windstille, 17 Sonnenstunden und deutlich \u00fcber 20 Grad\u2026 Wirklich alle? Nein &#8211; mache(r) zieht auch einen Schattenplatz vor f\u00fcr das (verdiente) Mittagsschl\u00e4fchen:<\/p>\n<p><img loading=\"lazy\" decoding=\"async\" class=\"alignnone size-full wp-image-21727\" src=\"https:\/\/jessel.de\/365-tage-sylt\/wp-content\/uploads\/2025\/09\/IMG_2913.jpeg\" alt=\"\" width=\"1100\" height=\"800\" srcset=\"https:\/\/jessel.de\/365-tage-sylt\/wp-content\/uploads\/2025\/09\/IMG_2913.jpeg 1100w, https:\/\/jessel.de\/365-tage-sylt\/wp-content\/uploads\/2025\/09\/IMG_2913-300x218.jpeg 300w, https:\/\/jessel.de\/365-tage-sylt\/wp-content\/uploads\/2025\/09\/IMG_2913-1024x745.jpeg 1024w, https:\/\/jessel.de\/365-tage-sylt\/wp-content\/uploads\/2025\/09\/IMG_2913-768x559.jpeg 768w\" sizes=\"auto, (max-width: 1100px) 100vw, 1100px\" \/><\/p>\n<p>Dem schlie\u00dfe ich mich gerne an\u2026<\/p>\n","protected":false},"excerpt":{"rendered":"<p>\u2026 in Hamburg und Flensburg &#8211; dort zum gemeinsamen verspeisen einiger frischgefangener Sylter Makrelen, die mir ein wohlwollender Zeitgenosse im Fitnessstudio zusteckte: Auch in Hamburg sind nun die Ferien zuende\u2026: \u2026 und in den Blumenl\u00e4den zeigt sich bereits eine fr\u00fchherbstliche Bl\u00fctenpracht\u2026: \u2026 aber heute\/Samstag geniessen alle noch einen dieser unvergleichlichen Sp\u00e4tsommertage, bei Windstille, 17 Sonnenstunden und deutlich \u00fcber 20 Grad\u2026 Wirklich alle? Nein &#8211; mache(r) zieht auch einen Schattenplatz vor&hellip;<\/p>\n","protected":false},"author":2,"featured_media":21723,"comment_status":"open","ping_status":"open","sticky":false,"template":"","format":"standard","meta":{"footnotes":""},"categories":[27,39,28,3,46,4,2,29,33],"tags":[],"class_list":["post-21722","post","type-post","status-publish","format-standard","has-post-thumbnail","hentry","category-alle-bilder","category-arbeit","category-haeuser","category-menschen","category-sommer","category-spuren","category-tourismus","category-verkehr","category-woanders"],"jetpack_featured_media_url":"https:\/\/jessel.de\/365-tage-sylt\/wp-content\/uploads\/2025\/09\/IMG_2912.jpeg","_links":{"self":[{"href":"https:\/\/jessel.de\/365-tage-sylt\/wp-json\/wp\/v2\/posts\/21722","targetHints":{"allow":["GET"]}}],"collection":[{"href":"https:\/\/jessel.de\/365-tage-sylt\/wp-json\/wp\/v2\/posts"}],"about":[{"href":"https:\/\/jessel.de\/365-tage-sylt\/wp-json\/wp\/v2\/types\/post"}],"author":[{"embeddable":true,"href":"https:\/\/jessel.de\/365-tage-sylt\/wp-json\/wp\/v2\/users\/2"}],"replies":[{"embeddable":true,"href":"https:\/\/jessel.de\/365-tage-sylt\/wp-json\/wp\/v2\/comments?post=21722"}],"version-history":[{"count":3,"href":"https:\/\/jessel.de\/365-tage-sylt\/wp-json\/wp\/v2\/posts\/21722\/revisions"}],"predecessor-version":[{"id":21730,"href":"https:\/\/jessel.de\/365-tage-sylt\/wp-json\/wp\/v2\/posts\/21722\/revisions\/21730"}],"wp:featuredmedia":[{"embeddable":true,"href":"https:\/\/jessel.de\/365-tage-sylt\/wp-json\/wp\/v2\/media\/21723"}],"wp:attachment":[{"href":"https:\/\/jessel.de\/365-tage-sylt\/wp-json\/wp\/v2\/media?parent=21722"}],"wp:term":[{"taxonomy":"category","embeddable":true,"href":"https:\/\/jessel.de\/365-tage-sylt\/wp-json\/wp\/v2\/categories?post=21722"},{"taxonomy":"post_tag","embeddable":true,"href":"https:\/\/jessel.de\/365-tage-sylt\/wp-json\/wp\/v2\/tags?post=21722"}],"curies":[{"name":"wp","href":"https:\/\/api.w.org\/{rel}","templated":true}]}}