{"id":21731,"date":"2025-09-07T17:05:57","date_gmt":"2025-09-07T17:05:57","guid":{"rendered":"https:\/\/jessel.de\/365-tage-sylt\/?p=21731"},"modified":"2025-09-07T17:09:24","modified_gmt":"2025-09-07T17:09:24","slug":"6-7-september-das-muss-gefeiert-werden","status":"publish","type":"post","link":"https:\/\/jessel.de\/365-tage-sylt\/6-7-september-das-muss-gefeiert-werden\/","title":{"rendered":"6.\/7. September: DAS muss gefeiert werden!"},"content":{"rendered":"<p>Dagmar von Hoff, ihres Zeichens Literaturwissenschaftlerin (und eine mehr als gelegentliche Blogleserin) l\u00e4dt zum Erscheinen ihres j\u00fcngsten Buches mit dem ernsten Titel\u2026:<\/p>\n<p><img loading=\"lazy\" decoding=\"async\" class=\"alignnone size-full wp-image-21733\" src=\"https:\/\/jessel.de\/365-tage-sylt\/wp-content\/uploads\/2025\/09\/IMG_2911.jpeg\" alt=\"\" width=\"800\" height=\"1100\" srcset=\"https:\/\/jessel.de\/365-tage-sylt\/wp-content\/uploads\/2025\/09\/IMG_2911.jpeg 800w, https:\/\/jessel.de\/365-tage-sylt\/wp-content\/uploads\/2025\/09\/IMG_2911-218x300.jpeg 218w, https:\/\/jessel.de\/365-tage-sylt\/wp-content\/uploads\/2025\/09\/IMG_2911-745x1024.jpeg 745w, https:\/\/jessel.de\/365-tage-sylt\/wp-content\/uploads\/2025\/09\/IMG_2911-768x1056.jpeg 768w\" sizes=\"auto, (max-width: 800px) 100vw, 800px\" \/><\/p>\n<p>\u2026 in ein portugiesisches Restaurant im Hamburger Grindelviertel ein. Und es versammelt sich dort ein gut 30-k\u00f6pfiges Publikum, von der gaaanz fr\u00fcheren Klassenlehrerin \u00fcber Literaturkritiker bis hin zum Sylt-Blogger, dieses Ereignis bei herzhafter portugiesischer Kost ( ich sage nur: Pasteis de bacalhao! = Stockfischkroketten, sooo lecker!) und dunklem Rotwein zu feiern:<\/p>\n<p><img loading=\"lazy\" decoding=\"async\" class=\"size-full wp-image-21734\" src=\"https:\/\/jessel.de\/365-tage-sylt\/wp-content\/uploads\/2025\/09\/IMG_2927.jpeg\" alt=\"\" width=\"1100\" height=\"800\" srcset=\"https:\/\/jessel.de\/365-tage-sylt\/wp-content\/uploads\/2025\/09\/IMG_2927.jpeg 1100w, https:\/\/jessel.de\/365-tage-sylt\/wp-content\/uploads\/2025\/09\/IMG_2927-300x218.jpeg 300w, https:\/\/jessel.de\/365-tage-sylt\/wp-content\/uploads\/2025\/09\/IMG_2927-1024x745.jpeg 1024w, https:\/\/jessel.de\/365-tage-sylt\/wp-content\/uploads\/2025\/09\/IMG_2927-768x559.jpeg 768w\" sizes=\"auto, (max-width: 1100px) 100vw, 1100px\" \/><\/p>\n<p>Nach einer recht kurzen Nacht verlasse ich Hamburg nat\u00fcrlich nicht ohne einen fr\u00fchmorgendlichen Besuch auf dem Fischmarkt:<\/p>\n<p><img loading=\"lazy\" decoding=\"async\" class=\"alignnone size-full wp-image-21735\" src=\"https:\/\/jessel.de\/365-tage-sylt\/wp-content\/uploads\/2025\/09\/IMG_2928.jpeg\" alt=\"\" width=\"1100\" height=\"800\" srcset=\"https:\/\/jessel.de\/365-tage-sylt\/wp-content\/uploads\/2025\/09\/IMG_2928.jpeg 1100w, https:\/\/jessel.de\/365-tage-sylt\/wp-content\/uploads\/2025\/09\/IMG_2928-300x218.jpeg 300w, https:\/\/jessel.de\/365-tage-sylt\/wp-content\/uploads\/2025\/09\/IMG_2928-1024x745.jpeg 1024w, https:\/\/jessel.de\/365-tage-sylt\/wp-content\/uploads\/2025\/09\/IMG_2928-768x559.jpeg 768w\" sizes=\"auto, (max-width: 1100px) 100vw, 1100px\" \/><\/p>\n<p>Bei herrlich windstillen und milden Bedingungen genie\u00dfe ich die Morgend\u00e4mmerung am Elbufer\u2026:<\/p>\n<p><img loading=\"lazy\" decoding=\"async\" class=\"alignnone size-full wp-image-21737\" src=\"https:\/\/jessel.de\/365-tage-sylt\/wp-content\/uploads\/2025\/09\/IMG_2926.jpeg\" alt=\"\" width=\"1100\" height=\"800\" srcset=\"https:\/\/jessel.de\/365-tage-sylt\/wp-content\/uploads\/2025\/09\/IMG_2926.jpeg 1100w, https:\/\/jessel.de\/365-tage-sylt\/wp-content\/uploads\/2025\/09\/IMG_2926-300x218.jpeg 300w, https:\/\/jessel.de\/365-tage-sylt\/wp-content\/uploads\/2025\/09\/IMG_2926-1024x745.jpeg 1024w, https:\/\/jessel.de\/365-tage-sylt\/wp-content\/uploads\/2025\/09\/IMG_2926-768x559.jpeg 768w\" sizes=\"auto, (max-width: 1100px) 100vw, 1100px\" \/><\/p>\n<p>\u2026 trinke einen Cappuccino bei Jessy, horche den kernigen Spr\u00fcchen der Marktschreier wie Bananen-Fred\u2026:<\/p>\n<p><img loading=\"lazy\" decoding=\"async\" class=\"alignnone size-full wp-image-21736\" src=\"https:\/\/jessel.de\/365-tage-sylt\/wp-content\/uploads\/2025\/09\/IMG_2925.jpeg\" alt=\"\" width=\"1100\" height=\"800\" srcset=\"https:\/\/jessel.de\/365-tage-sylt\/wp-content\/uploads\/2025\/09\/IMG_2925.jpeg 1100w, https:\/\/jessel.de\/365-tage-sylt\/wp-content\/uploads\/2025\/09\/IMG_2925-300x218.jpeg 300w, https:\/\/jessel.de\/365-tage-sylt\/wp-content\/uploads\/2025\/09\/IMG_2925-1024x745.jpeg 1024w, https:\/\/jessel.de\/365-tage-sylt\/wp-content\/uploads\/2025\/09\/IMG_2925-768x559.jpeg 768w\" sizes=\"auto, (max-width: 1100px) 100vw, 1100px\" \/><\/p>\n<p>\u2026 und dem unschlagbaren Holl\u00e4ndischen \u201eBlumenk\u00f6nig\u201c, der eine glatte Hundertschaft von Zuh\u00f6rern zu permanenten Szenen-Applausen animiert:<\/p>\n<p><img loading=\"lazy\" decoding=\"async\" class=\"alignnone size-full wp-image-21738\" src=\"https:\/\/jessel.de\/365-tage-sylt\/wp-content\/uploads\/2025\/09\/IMG_2922.jpeg\" alt=\"\" width=\"1100\" height=\"800\" srcset=\"https:\/\/jessel.de\/365-tage-sylt\/wp-content\/uploads\/2025\/09\/IMG_2922.jpeg 1100w, https:\/\/jessel.de\/365-tage-sylt\/wp-content\/uploads\/2025\/09\/IMG_2922-300x218.jpeg 300w, https:\/\/jessel.de\/365-tage-sylt\/wp-content\/uploads\/2025\/09\/IMG_2922-1024x745.jpeg 1024w, https:\/\/jessel.de\/365-tage-sylt\/wp-content\/uploads\/2025\/09\/IMG_2922-768x559.jpeg 768w\" sizes=\"auto, (max-width: 1100px) 100vw, 1100px\" \/><\/p>\n<p>Danach noch ein kr\u00e4ftiges Englisches Fr\u00fchst\u00fcck und ein Besuch in der \u201eMottenburger H\u00fchnertwiete\u201c, wo der Tag ganz offenbar noch in den Startl\u00f6chern steht\u2026:<\/p>\n<p><img loading=\"lazy\" decoding=\"async\" class=\"size-full wp-image-21739\" src=\"https:\/\/jessel.de\/365-tage-sylt\/wp-content\/uploads\/2025\/09\/IMG_2924.jpeg\" alt=\"\" width=\"1100\" height=\"800\" srcset=\"https:\/\/jessel.de\/365-tage-sylt\/wp-content\/uploads\/2025\/09\/IMG_2924.jpeg 1100w, https:\/\/jessel.de\/365-tage-sylt\/wp-content\/uploads\/2025\/09\/IMG_2924-300x218.jpeg 300w, https:\/\/jessel.de\/365-tage-sylt\/wp-content\/uploads\/2025\/09\/IMG_2924-1024x745.jpeg 1024w, https:\/\/jessel.de\/365-tage-sylt\/wp-content\/uploads\/2025\/09\/IMG_2924-768x559.jpeg 768w\" sizes=\"auto, (max-width: 1100px) 100vw, 1100px\" \/><\/p>\n<p>\u2026 dann geht\u2019s zur\u00fcck auf die Insel.<\/p>\n<p>&nbsp;<\/p>\n<p>&nbsp;<\/p>\n<p>&nbsp;<\/p>\n<p>&nbsp;<\/p>\n<p>&nbsp;<\/p>\n","protected":false},"excerpt":{"rendered":"<p>Dagmar von Hoff, ihres Zeichens Literaturwissenschaftlerin (und eine mehr als gelegentliche Blogleserin) l\u00e4dt zum Erscheinen ihres j\u00fcngsten Buches mit dem ernsten Titel\u2026: \u2026 in ein portugiesisches Restaurant im Hamburger Grindelviertel ein. Und es versammelt sich dort ein gut 30-k\u00f6pfiges Publikum, von der gaaanz fr\u00fcheren Klassenlehrerin \u00fcber Literaturkritiker bis hin zum Sylt-Blogger, dieses Ereignis bei herzhafter portugiesischer Kost ( ich sage nur: Pasteis de bacalhao! = Stockfischkroketten, sooo lecker!) und dunklem&hellip;<\/p>\n","protected":false},"author":2,"featured_media":21732,"comment_status":"open","ping_status":"open","sticky":false,"template":"","format":"standard","meta":{"footnotes":""},"categories":[27,39,28,3,46,33],"tags":[],"class_list":["post-21731","post","type-post","status-publish","format-standard","has-post-thumbnail","hentry","category-alle-bilder","category-arbeit","category-haeuser","category-menschen","category-sommer","category-woanders"],"jetpack_featured_media_url":"https:\/\/jessel.de\/365-tage-sylt\/wp-content\/uploads\/2025\/09\/IMG_2923.jpeg","_links":{"self":[{"href":"https:\/\/jessel.de\/365-tage-sylt\/wp-json\/wp\/v2\/posts\/21731","targetHints":{"allow":["GET"]}}],"collection":[{"href":"https:\/\/jessel.de\/365-tage-sylt\/wp-json\/wp\/v2\/posts"}],"about":[{"href":"https:\/\/jessel.de\/365-tage-sylt\/wp-json\/wp\/v2\/types\/post"}],"author":[{"embeddable":true,"href":"https:\/\/jessel.de\/365-tage-sylt\/wp-json\/wp\/v2\/users\/2"}],"replies":[{"embeddable":true,"href":"https:\/\/jessel.de\/365-tage-sylt\/wp-json\/wp\/v2\/comments?post=21731"}],"version-history":[{"count":3,"href":"https:\/\/jessel.de\/365-tage-sylt\/wp-json\/wp\/v2\/posts\/21731\/revisions"}],"predecessor-version":[{"id":21742,"href":"https:\/\/jessel.de\/365-tage-sylt\/wp-json\/wp\/v2\/posts\/21731\/revisions\/21742"}],"wp:featuredmedia":[{"embeddable":true,"href":"https:\/\/jessel.de\/365-tage-sylt\/wp-json\/wp\/v2\/media\/21732"}],"wp:attachment":[{"href":"https:\/\/jessel.de\/365-tage-sylt\/wp-json\/wp\/v2\/media?parent=21731"}],"wp:term":[{"taxonomy":"category","embeddable":true,"href":"https:\/\/jessel.de\/365-tage-sylt\/wp-json\/wp\/v2\/categories?post=21731"},{"taxonomy":"post_tag","embeddable":true,"href":"https:\/\/jessel.de\/365-tage-sylt\/wp-json\/wp\/v2\/tags?post=21731"}],"curies":[{"name":"wp","href":"https:\/\/api.w.org\/{rel}","templated":true}]}}