{"id":21743,"date":"2025-09-08T16:31:10","date_gmt":"2025-09-08T16:31:10","guid":{"rendered":"https:\/\/jessel.de\/365-tage-sylt\/?p=21743"},"modified":"2025-09-08T16:37:44","modified_gmt":"2025-09-08T16:37:44","slug":"8-september-schoenes-arbeiten","status":"publish","type":"post","link":"https:\/\/jessel.de\/365-tage-sylt\/8-september-schoenes-arbeiten\/","title":{"rendered":"8. September: Sch\u00f6nes Arbeiten\u2026"},"content":{"rendered":"<p>\u2026 auf Sylt!<\/p>\n<p>An Tagen wie diesem kann es der Rettungsschwimmer am Westerl\u00e4nder Zentralstrand mal ganz ruhig angehen. Der kr\u00e4ftige S\u00fcdostwind hat die Nordseewellen gegl\u00e4ttet, und um 10 Uhr am Vormittag h\u00e4lt sich der Andrang von Badeg\u00e4sten doch noch sehr in Grenzen.<\/p>\n<p>Bei mir sieht die Lage etwas anders aus. Ein &#8211; wieder einmal &#8211; bilderbuchhafter Wolkenaufzug verlangt meine komplette Aufmerksamkeit. Mir wird ja nachgesagt, ich w\u00fcrde \u201eSehnsuchtsbilder\u201c kreieren, und das klappt nur, wenn ich die Wetterabl\u00e4ufe um mich herum in st\u00e4ndigem Blick habe. Inklusive der Details: Die beiden jungen Silberm\u00f6wen und insbesondere die beiden kleinen Alpenstrandl\u00e4ufer auf der Buhne verlangen dar\u00fcber hinaus ein seeehr geduldiges Vorgehen &#8211; allerdings nicht zu geduldig, denn dann w\u00e4re das Segelboot l\u00e4ngst \u201eaus dem Bild gefahren\u201c &#8211; und der Clou hin\u00fcber:<\/p>\n<p><img loading=\"lazy\" decoding=\"async\" class=\"alignnone size-full wp-image-21745\" src=\"https:\/\/jessel.de\/365-tage-sylt\/wp-content\/uploads\/2025\/09\/IMG_2931.jpeg\" alt=\"\" width=\"1638\" height=\"800\" srcset=\"https:\/\/jessel.de\/365-tage-sylt\/wp-content\/uploads\/2025\/09\/IMG_2931.jpeg 1638w, https:\/\/jessel.de\/365-tage-sylt\/wp-content\/uploads\/2025\/09\/IMG_2931-300x147.jpeg 300w, https:\/\/jessel.de\/365-tage-sylt\/wp-content\/uploads\/2025\/09\/IMG_2931-1024x500.jpeg 1024w, https:\/\/jessel.de\/365-tage-sylt\/wp-content\/uploads\/2025\/09\/IMG_2931-768x375.jpeg 768w, https:\/\/jessel.de\/365-tage-sylt\/wp-content\/uploads\/2025\/09\/IMG_2931-1536x750.jpeg 1536w\" sizes=\"auto, (max-width: 1638px) 100vw, 1638px\" \/><\/p>\n<p>Das sind Fotos, die ich liebe, wenn n\u00e4mlich die kleinsten Bildbestandteile die gr\u00f6\u00dfte Aufmerksamkeit des Betrachters auf sich ziehen. Dass die vier Akteure dem Segelboot hinterherschauen, glaube ich ja eher mal nicht. Aber es scheint so &#8211; und genau DAS schraubt den Sehnsuchtsfaktor weit nach oben.<\/p>\n<p>Zweisamkeit auch, insbesondere wenn diese glaubhaft \u201etransportiert\u201c wird:<\/p>\n<p><img loading=\"lazy\" decoding=\"async\" class=\"alignnone size-full wp-image-21746\" src=\"https:\/\/jessel.de\/365-tage-sylt\/wp-content\/uploads\/2025\/09\/IMG_2933.jpeg\" alt=\"\" width=\"1203\" height=\"800\" srcset=\"https:\/\/jessel.de\/365-tage-sylt\/wp-content\/uploads\/2025\/09\/IMG_2933.jpeg 1203w, https:\/\/jessel.de\/365-tage-sylt\/wp-content\/uploads\/2025\/09\/IMG_2933-300x200.jpeg 300w, https:\/\/jessel.de\/365-tage-sylt\/wp-content\/uploads\/2025\/09\/IMG_2933-1024x681.jpeg 1024w, https:\/\/jessel.de\/365-tage-sylt\/wp-content\/uploads\/2025\/09\/IMG_2933-768x511.jpeg 768w\" sizes=\"auto, (max-width: 1203px) 100vw, 1203px\" \/><\/p>\n<p>Der Himmel pr\u00e4sentiert sich total \u00fcberm\u00e4chtig am heutigen Vormittag. Im Gegenlicht betrachtet, ist die Wetterk\u00fcche voll am brodeln\u2026:<\/p>\n<p><img loading=\"lazy\" decoding=\"async\" class=\"alignnone size-full wp-image-21748\" src=\"https:\/\/jessel.de\/365-tage-sylt\/wp-content\/uploads\/2025\/09\/IMG_2929.jpeg\" alt=\"\" width=\"1204\" height=\"800\" srcset=\"https:\/\/jessel.de\/365-tage-sylt\/wp-content\/uploads\/2025\/09\/IMG_2929.jpeg 1204w, https:\/\/jessel.de\/365-tage-sylt\/wp-content\/uploads\/2025\/09\/IMG_2929-300x199.jpeg 300w, https:\/\/jessel.de\/365-tage-sylt\/wp-content\/uploads\/2025\/09\/IMG_2929-1024x680.jpeg 1024w, https:\/\/jessel.de\/365-tage-sylt\/wp-content\/uploads\/2025\/09\/IMG_2929-768x510.jpeg 768w\" sizes=\"auto, (max-width: 1204px) 100vw, 1204px\" \/><\/p>\n<p>\u2026 denn ein neues Tiefdruckgebiet ist der Verursacher dieser spektakul\u00e4ren Szenarien, die mir die ideale B\u00fchne f\u00fcr meine Fotos darbieten. Und auf das nachfolgende Foto warte ich nun bereits die ganze Saison:<\/p>\n<p><img loading=\"lazy\" decoding=\"async\" class=\"alignnone size-full wp-image-21747\" src=\"https:\/\/jessel.de\/365-tage-sylt\/wp-content\/uploads\/2025\/09\/IMG_2934.jpeg\" alt=\"\" width=\"1203\" height=\"800\" srcset=\"https:\/\/jessel.de\/365-tage-sylt\/wp-content\/uploads\/2025\/09\/IMG_2934.jpeg 1203w, https:\/\/jessel.de\/365-tage-sylt\/wp-content\/uploads\/2025\/09\/IMG_2934-300x200.jpeg 300w, https:\/\/jessel.de\/365-tage-sylt\/wp-content\/uploads\/2025\/09\/IMG_2934-1024x681.jpeg 1024w, https:\/\/jessel.de\/365-tage-sylt\/wp-content\/uploads\/2025\/09\/IMG_2934-768x511.jpeg 768w\" sizes=\"auto, (max-width: 1203px) 100vw, 1203px\" \/><\/p>\n<p>Was Ihr bei der kleinen Blog-Fotoaufl\u00f6sung nicht erkennen k\u00f6nnt: Die ausgesprochen gut aussehende Rettungsschwimmerin hat gerade die s\u00fcdliche Flagge ihrer \u201eRevierabgrenzung\u201c in den Sand gesteckt &#8211; nun l\u00e4uft sie, unter dem Netz, nach rechts, um das Pendant in H\u00f6he des Beachvolleyballfeldes einzupflanzen. Der Gag: Sie tr\u00e4gt enganliegende kurze Kleidung in den Farben dieser Flaggen, gelb und rot.<\/p>\n<p>Aufgrund der extrem hohen Aufl\u00f6sung und Qualit\u00e4t meiner Fotodaten sind diese Details im gro\u00dfen Kalenderdruck nat\u00fcrlich zu sehen\u2026 und IHR seht ggf. aufgrund dieser Erkl\u00e4rungen, warum \u201eSehnsuchtsbilder\u201c als Sonderformen der Landschaftsfotografie allerh\u00f6chste Aufmerksamkeit verlangen, und &#8211; wie in diesem Fall &#8211; wochenlange Hartn\u00e4ckigkeit, bis sie (hoffentlich!) im Kasten sind.<\/p>\n<p>Dagegen ist die \u201enormale\u201c Landschaftsfotografie noch einfach, denn bei dieser m\u00fcssen \u201enur\u201c das Licht und die Graphik stimmen:<\/p>\n<p><img loading=\"lazy\" decoding=\"async\" class=\"alignnone size-full wp-image-21749\" src=\"https:\/\/jessel.de\/365-tage-sylt\/wp-content\/uploads\/2025\/09\/IMG_2935.jpeg\" alt=\"\" width=\"1204\" height=\"800\" srcset=\"https:\/\/jessel.de\/365-tage-sylt\/wp-content\/uploads\/2025\/09\/IMG_2935.jpeg 1204w, https:\/\/jessel.de\/365-tage-sylt\/wp-content\/uploads\/2025\/09\/IMG_2935-300x199.jpeg 300w, https:\/\/jessel.de\/365-tage-sylt\/wp-content\/uploads\/2025\/09\/IMG_2935-1024x680.jpeg 1024w, https:\/\/jessel.de\/365-tage-sylt\/wp-content\/uploads\/2025\/09\/IMG_2935-768x510.jpeg 768w\" sizes=\"auto, (max-width: 1204px) 100vw, 1204px\" \/><\/p>\n<p>Stimmungen und Situationen dieser Art sind stets sehr kurzlebig. Es war mir ein gro\u00dfes Vergn\u00fcgen\u2026:<\/p>\n<p><img loading=\"lazy\" decoding=\"async\" class=\"alignnone size-full wp-image-21750\" src=\"https:\/\/jessel.de\/365-tage-sylt\/wp-content\/uploads\/2025\/09\/IMG_2930.jpeg\" alt=\"\" width=\"1204\" height=\"800\" srcset=\"https:\/\/jessel.de\/365-tage-sylt\/wp-content\/uploads\/2025\/09\/IMG_2930.jpeg 1204w, https:\/\/jessel.de\/365-tage-sylt\/wp-content\/uploads\/2025\/09\/IMG_2930-300x199.jpeg 300w, https:\/\/jessel.de\/365-tage-sylt\/wp-content\/uploads\/2025\/09\/IMG_2930-1024x680.jpeg 1024w, https:\/\/jessel.de\/365-tage-sylt\/wp-content\/uploads\/2025\/09\/IMG_2930-768x510.jpeg 768w\" sizes=\"auto, (max-width: 1204px) 100vw, 1204px\" \/><\/p>\n<p>\u2026 heute dabei gewesen zu sein. Das zauberhafte Wolkenspektakel verliert gegen 11 Uhr an Wirkung, bevor es sich bis 14 Uhr vollst\u00e4ndig bezieht.<\/p>\n","protected":false},"excerpt":{"rendered":"<p>\u2026 auf Sylt! An Tagen wie diesem kann es der Rettungsschwimmer am Westerl\u00e4nder Zentralstrand mal ganz ruhig angehen. Der kr\u00e4ftige S\u00fcdostwind hat die Nordseewellen gegl\u00e4ttet, und um 10 Uhr am Vormittag h\u00e4lt sich der Andrang von Badeg\u00e4sten doch noch sehr in Grenzen. Bei mir sieht die Lage etwas anders aus. Ein &#8211; wieder einmal &#8211; bilderbuchhafter Wolkenaufzug verlangt meine komplette Aufmerksamkeit. Mir wird ja nachgesagt, ich w\u00fcrde \u201eSehnsuchtsbilder\u201c kreieren, und&hellip;<\/p>\n","protected":false},"author":2,"featured_media":21744,"comment_status":"open","ping_status":"open","sticky":false,"template":"","format":"standard","meta":{"footnotes":""},"categories":[27,39,28,3,46,4,26,2,30,7],"tags":[],"class_list":["post-21743","post","type-post","status-publish","format-standard","has-post-thumbnail","hentry","category-alle-bilder","category-arbeit","category-haeuser","category-menschen","category-sommer","category-spuren","category-strand","category-tourismus","category-tradition","category-westerland"],"jetpack_featured_media_url":"https:\/\/jessel.de\/365-tage-sylt\/wp-content\/uploads\/2025\/09\/IMG_2932.jpeg","_links":{"self":[{"href":"https:\/\/jessel.de\/365-tage-sylt\/wp-json\/wp\/v2\/posts\/21743","targetHints":{"allow":["GET"]}}],"collection":[{"href":"https:\/\/jessel.de\/365-tage-sylt\/wp-json\/wp\/v2\/posts"}],"about":[{"href":"https:\/\/jessel.de\/365-tage-sylt\/wp-json\/wp\/v2\/types\/post"}],"author":[{"embeddable":true,"href":"https:\/\/jessel.de\/365-tage-sylt\/wp-json\/wp\/v2\/users\/2"}],"replies":[{"embeddable":true,"href":"https:\/\/jessel.de\/365-tage-sylt\/wp-json\/wp\/v2\/comments?post=21743"}],"version-history":[{"count":4,"href":"https:\/\/jessel.de\/365-tage-sylt\/wp-json\/wp\/v2\/posts\/21743\/revisions"}],"predecessor-version":[{"id":21754,"href":"https:\/\/jessel.de\/365-tage-sylt\/wp-json\/wp\/v2\/posts\/21743\/revisions\/21754"}],"wp:featuredmedia":[{"embeddable":true,"href":"https:\/\/jessel.de\/365-tage-sylt\/wp-json\/wp\/v2\/media\/21744"}],"wp:attachment":[{"href":"https:\/\/jessel.de\/365-tage-sylt\/wp-json\/wp\/v2\/media?parent=21743"}],"wp:term":[{"taxonomy":"category","embeddable":true,"href":"https:\/\/jessel.de\/365-tage-sylt\/wp-json\/wp\/v2\/categories?post=21743"},{"taxonomy":"post_tag","embeddable":true,"href":"https:\/\/jessel.de\/365-tage-sylt\/wp-json\/wp\/v2\/tags?post=21743"}],"curies":[{"name":"wp","href":"https:\/\/api.w.org\/{rel}","templated":true}]}}