{"id":21777,"date":"2025-09-12T07:59:12","date_gmt":"2025-09-12T07:59:12","guid":{"rendered":"https:\/\/jessel.de\/365-tage-sylt\/?p=21777"},"modified":"2025-09-12T12:43:16","modified_gmt":"2025-09-12T12:43:16","slug":"11-september-das-nasse-fuesse-syndrom","status":"publish","type":"post","link":"https:\/\/jessel.de\/365-tage-sylt\/11-september-das-nasse-fuesse-syndrom\/","title":{"rendered":"11. September: Das \u201eNasse-F\u00fc\u00dfe-Syndrom\u201c\u2026"},"content":{"rendered":"<p>\u2026 erwischt den unerfahrenen Strandspazierg\u00e4nger schneller als erwartet. Auf dem heutigen Titel die typischste aller Situationen: Keine Fluchtm\u00f6glichkeit wegen der Strandleie &#8211; schon steht man\/frau bei einer \u00fcberschie\u00dfenden Welle bis zu den Waden im Wasser. Ich musste keine f\u00fcnf Minuten auf dieses Foto warten, konnte ich doch meine diesbez\u00fcglichen Erfahrungen bereits in der Kindheit sammeln\u2026<\/p>\n<p>Zum Abend wird es etwas freundlicher. Die Sonne zeigt sich l\u00e4nger und w\u00e4rmer. Trotz der aufgrund des S\u00fcdwinds starken Str\u00f6mungen trauen sich diese drei Frauen ins Meer:<\/p>\n<p><img loading=\"lazy\" decoding=\"async\" class=\"alignnone size-full wp-image-21781\" src=\"https:\/\/jessel.de\/365-tage-sylt\/wp-content\/uploads\/2025\/09\/IMG_2951.jpeg\" alt=\"\" width=\"1205\" height=\"800\" srcset=\"https:\/\/jessel.de\/365-tage-sylt\/wp-content\/uploads\/2025\/09\/IMG_2951.jpeg 1205w, https:\/\/jessel.de\/365-tage-sylt\/wp-content\/uploads\/2025\/09\/IMG_2951-300x199.jpeg 300w, https:\/\/jessel.de\/365-tage-sylt\/wp-content\/uploads\/2025\/09\/IMG_2951-1024x680.jpeg 1024w, https:\/\/jessel.de\/365-tage-sylt\/wp-content\/uploads\/2025\/09\/IMG_2951-768x510.jpeg 768w\" sizes=\"auto, (max-width: 1205px) 100vw, 1205px\" \/><\/p>\n<p>Nordsee, sooo m\u00f6gen wir Dich alle!:<\/p>\n<p><img loading=\"lazy\" decoding=\"async\" class=\"alignnone size-full wp-image-21782\" src=\"https:\/\/jessel.de\/365-tage-sylt\/wp-content\/uploads\/2025\/09\/IMG_2955.jpeg\" alt=\"\" width=\"1204\" height=\"800\" srcset=\"https:\/\/jessel.de\/365-tage-sylt\/wp-content\/uploads\/2025\/09\/IMG_2955.jpeg 1204w, https:\/\/jessel.de\/365-tage-sylt\/wp-content\/uploads\/2025\/09\/IMG_2955-300x199.jpeg 300w, https:\/\/jessel.de\/365-tage-sylt\/wp-content\/uploads\/2025\/09\/IMG_2955-1024x680.jpeg 1024w, https:\/\/jessel.de\/365-tage-sylt\/wp-content\/uploads\/2025\/09\/IMG_2955-768x510.jpeg 768w\" sizes=\"auto, (max-width: 1204px) 100vw, 1204px\" \/><\/p>\n<p>Mehrere Anfragen kamen bzgl. meiner frisch geschnippelten Bocksdorn-Hecke. There we are:<\/p>\n<p><img loading=\"lazy\" decoding=\"async\" class=\"alignnone size-full wp-image-21783\" src=\"https:\/\/jessel.de\/365-tage-sylt\/wp-content\/uploads\/2025\/09\/IMG_2952.jpeg\" alt=\"\" width=\"1243\" height=\"800\" srcset=\"https:\/\/jessel.de\/365-tage-sylt\/wp-content\/uploads\/2025\/09\/IMG_2952.jpeg 1243w, https:\/\/jessel.de\/365-tage-sylt\/wp-content\/uploads\/2025\/09\/IMG_2952-300x193.jpeg 300w, https:\/\/jessel.de\/365-tage-sylt\/wp-content\/uploads\/2025\/09\/IMG_2952-1024x659.jpeg 1024w, https:\/\/jessel.de\/365-tage-sylt\/wp-content\/uploads\/2025\/09\/IMG_2952-768x494.jpeg 768w\" sizes=\"auto, (max-width: 1243px) 100vw, 1243px\" \/><\/p>\n<p>Tolles Teil, oder? So eine kompakte Hecke gibt\u2019s in Westerland wohl kein zweites Mal.<\/p>\n","protected":false},"excerpt":{"rendered":"<p>\u2026 erwischt den unerfahrenen Strandspazierg\u00e4nger schneller als erwartet. Auf dem heutigen Titel die typischste aller Situationen: Keine Fluchtm\u00f6glichkeit wegen der Strandleie &#8211; schon steht man\/frau bei einer \u00fcberschie\u00dfenden Welle bis zu den Waden im Wasser. Ich musste keine f\u00fcnf Minuten auf dieses Foto warten, konnte ich doch meine diesbez\u00fcglichen Erfahrungen bereits in der Kindheit sammeln\u2026 Zum Abend wird es etwas freundlicher. Die Sonne zeigt sich l\u00e4nger und w\u00e4rmer. Trotz der&hellip;<\/p>\n","protected":false},"author":2,"featured_media":21778,"comment_status":"open","ping_status":"open","sticky":false,"template":"","format":"standard","meta":{"footnotes":""},"categories":[27,39,3,35,46,4,26,2,7],"tags":[],"class_list":["post-21777","post","type-post","status-publish","format-standard","has-post-thumbnail","hentry","category-alle-bilder","category-arbeit","category-menschen","category-schlechtes-wetter","category-sommer","category-spuren","category-strand","category-tourismus","category-westerland"],"jetpack_featured_media_url":"https:\/\/jessel.de\/365-tage-sylt\/wp-content\/uploads\/2025\/09\/IMG_2953.jpeg","_links":{"self":[{"href":"https:\/\/jessel.de\/365-tage-sylt\/wp-json\/wp\/v2\/posts\/21777","targetHints":{"allow":["GET"]}}],"collection":[{"href":"https:\/\/jessel.de\/365-tage-sylt\/wp-json\/wp\/v2\/posts"}],"about":[{"href":"https:\/\/jessel.de\/365-tage-sylt\/wp-json\/wp\/v2\/types\/post"}],"author":[{"embeddable":true,"href":"https:\/\/jessel.de\/365-tage-sylt\/wp-json\/wp\/v2\/users\/2"}],"replies":[{"embeddable":true,"href":"https:\/\/jessel.de\/365-tage-sylt\/wp-json\/wp\/v2\/comments?post=21777"}],"version-history":[{"count":4,"href":"https:\/\/jessel.de\/365-tage-sylt\/wp-json\/wp\/v2\/posts\/21777\/revisions"}],"predecessor-version":[{"id":21785,"href":"https:\/\/jessel.de\/365-tage-sylt\/wp-json\/wp\/v2\/posts\/21777\/revisions\/21785"}],"wp:featuredmedia":[{"embeddable":true,"href":"https:\/\/jessel.de\/365-tage-sylt\/wp-json\/wp\/v2\/media\/21778"}],"wp:attachment":[{"href":"https:\/\/jessel.de\/365-tage-sylt\/wp-json\/wp\/v2\/media?parent=21777"}],"wp:term":[{"taxonomy":"category","embeddable":true,"href":"https:\/\/jessel.de\/365-tage-sylt\/wp-json\/wp\/v2\/categories?post=21777"},{"taxonomy":"post_tag","embeddable":true,"href":"https:\/\/jessel.de\/365-tage-sylt\/wp-json\/wp\/v2\/tags?post=21777"}],"curies":[{"name":"wp","href":"https:\/\/api.w.org\/{rel}","templated":true}]}}