{"id":21786,"date":"2025-09-13T06:58:02","date_gmt":"2025-09-13T06:58:02","guid":{"rendered":"https:\/\/jessel.de\/365-tage-sylt\/?p=21786"},"modified":"2025-09-13T07:21:42","modified_gmt":"2025-09-13T07:21:42","slug":"12-september-beim-morgendlichen-kontrollflug-ueber-der-strand","status":"publish","type":"post","link":"https:\/\/jessel.de\/365-tage-sylt\/12-september-beim-morgendlichen-kontrollflug-ueber-der-strand\/","title":{"rendered":"12. September: Beim morgendlichen Kontrollflug \u00fcber der Strand\u2026"},"content":{"rendered":"<p>\u2026 sehe ich, dass das \u201eNasse F\u00fc\u00dfe &#8211; Syndrom\u201c gerade einen weiteren Zeitgenossen erwischt hat &#8211; in diesem Falle str\u00f6mte das Wasser von hinten kommend \u00fcber die Flunderbuhne:<\/p>\n<p><img loading=\"lazy\" decoding=\"async\" class=\"alignnone size-full wp-image-21790\" src=\"https:\/\/jessel.de\/365-tage-sylt\/wp-content\/uploads\/2025\/09\/IMG_2965.jpeg\" alt=\"\" width=\"1205\" height=\"800\" srcset=\"https:\/\/jessel.de\/365-tage-sylt\/wp-content\/uploads\/2025\/09\/IMG_2965.jpeg 1205w, https:\/\/jessel.de\/365-tage-sylt\/wp-content\/uploads\/2025\/09\/IMG_2965-300x199.jpeg 300w, https:\/\/jessel.de\/365-tage-sylt\/wp-content\/uploads\/2025\/09\/IMG_2965-1024x680.jpeg 1024w, https:\/\/jessel.de\/365-tage-sylt\/wp-content\/uploads\/2025\/09\/IMG_2965-768x510.jpeg 768w\" sizes=\"auto, (max-width: 1205px) 100vw, 1205px\" \/><\/p>\n<p>Schon t\u00fcckisch. Besser, man\/frau h\u00e4lt sich in windgesch\u00fctztem und trocken-heimeligem Ambiente auf, da passiert sowas nicht:<\/p>\n<p><img loading=\"lazy\" decoding=\"async\" class=\"alignnone size-full wp-image-21791\" src=\"https:\/\/jessel.de\/365-tage-sylt\/wp-content\/uploads\/2025\/09\/IMG_2964.jpeg\" alt=\"\" width=\"1203\" height=\"800\" srcset=\"https:\/\/jessel.de\/365-tage-sylt\/wp-content\/uploads\/2025\/09\/IMG_2964.jpeg 1203w, https:\/\/jessel.de\/365-tage-sylt\/wp-content\/uploads\/2025\/09\/IMG_2964-300x200.jpeg 300w, https:\/\/jessel.de\/365-tage-sylt\/wp-content\/uploads\/2025\/09\/IMG_2964-1024x681.jpeg 1024w, https:\/\/jessel.de\/365-tage-sylt\/wp-content\/uploads\/2025\/09\/IMG_2964-768x511.jpeg 768w\" sizes=\"auto, (max-width: 1203px) 100vw, 1203px\" \/><\/p>\n<p>Denn der Wind frischt im Tagesverlauf weiter auf, und gewaltige Schauer ziehen \u00fcber das gr\u00fcne Meer heran, zum Teil mit kr\u00e4ftigem Blitz und Donner:<\/p>\n<p><img loading=\"lazy\" decoding=\"async\" class=\"alignnone size-full wp-image-21792\" src=\"https:\/\/jessel.de\/365-tage-sylt\/wp-content\/uploads\/2025\/09\/IMG_2966.jpeg\" alt=\"\" width=\"1203\" height=\"800\" srcset=\"https:\/\/jessel.de\/365-tage-sylt\/wp-content\/uploads\/2025\/09\/IMG_2966.jpeg 1203w, https:\/\/jessel.de\/365-tage-sylt\/wp-content\/uploads\/2025\/09\/IMG_2966-300x200.jpeg 300w, https:\/\/jessel.de\/365-tage-sylt\/wp-content\/uploads\/2025\/09\/IMG_2966-1024x681.jpeg 1024w, https:\/\/jessel.de\/365-tage-sylt\/wp-content\/uploads\/2025\/09\/IMG_2966-768x511.jpeg 768w\" sizes=\"auto, (max-width: 1203px) 100vw, 1203px\" \/><\/p>\n<p>\u201eG\u00e4\u00e4\u00e4\u00e4\u00e4hn!\u201c:<\/p>\n<p><img loading=\"lazy\" decoding=\"async\" class=\"alignnone size-full wp-image-21795\" src=\"https:\/\/jessel.de\/365-tage-sylt\/wp-content\/uploads\/2025\/09\/IMG_2961.jpeg\" alt=\"\" width=\"1204\" height=\"800\" srcset=\"https:\/\/jessel.de\/365-tage-sylt\/wp-content\/uploads\/2025\/09\/IMG_2961.jpeg 1204w, https:\/\/jessel.de\/365-tage-sylt\/wp-content\/uploads\/2025\/09\/IMG_2961-300x199.jpeg 300w, https:\/\/jessel.de\/365-tage-sylt\/wp-content\/uploads\/2025\/09\/IMG_2961-1024x680.jpeg 1024w, https:\/\/jessel.de\/365-tage-sylt\/wp-content\/uploads\/2025\/09\/IMG_2961-768x510.jpeg 768w\" sizes=\"auto, (max-width: 1204px) 100vw, 1204px\" \/><\/p>\n<p>&nbsp;<\/p>\n","protected":false},"excerpt":{"rendered":"<p>\u2026 sehe ich, dass das \u201eNasse F\u00fc\u00dfe &#8211; Syndrom\u201c gerade einen weiteren Zeitgenossen erwischt hat &#8211; in diesem Falle str\u00f6mte das Wasser von hinten kommend \u00fcber die Flunderbuhne: Schon t\u00fcckisch. Besser, man\/frau h\u00e4lt sich in windgesch\u00fctztem und trocken-heimeligem Ambiente auf, da passiert sowas nicht: Denn der Wind frischt im Tagesverlauf weiter auf, und gewaltige Schauer ziehen \u00fcber das gr\u00fcne Meer heran, zum Teil mit kr\u00e4ftigem Blitz und Donner: \u201eG\u00e4\u00e4\u00e4\u00e4\u00e4hn!\u201c: &nbsp;<\/p>\n","protected":false},"author":2,"featured_media":21787,"comment_status":"open","ping_status":"open","sticky":false,"template":"","format":"standard","meta":{"footnotes":""},"categories":[27,39,37,35,26,49,40,7],"tags":[],"class_list":["post-21786","post","type-post","status-publish","format-standard","has-post-thumbnail","hentry","category-alle-bilder","category-arbeit","category-buhne","category-schlechtes-wetter","category-strand","category-sturm","category-tiere","category-westerland"],"jetpack_featured_media_url":"https:\/\/jessel.de\/365-tage-sylt\/wp-content\/uploads\/2025\/09\/IMG_2967.jpeg","_links":{"self":[{"href":"https:\/\/jessel.de\/365-tage-sylt\/wp-json\/wp\/v2\/posts\/21786","targetHints":{"allow":["GET"]}}],"collection":[{"href":"https:\/\/jessel.de\/365-tage-sylt\/wp-json\/wp\/v2\/posts"}],"about":[{"href":"https:\/\/jessel.de\/365-tage-sylt\/wp-json\/wp\/v2\/types\/post"}],"author":[{"embeddable":true,"href":"https:\/\/jessel.de\/365-tage-sylt\/wp-json\/wp\/v2\/users\/2"}],"replies":[{"embeddable":true,"href":"https:\/\/jessel.de\/365-tage-sylt\/wp-json\/wp\/v2\/comments?post=21786"}],"version-history":[{"count":5,"href":"https:\/\/jessel.de\/365-tage-sylt\/wp-json\/wp\/v2\/posts\/21786\/revisions"}],"predecessor-version":[{"id":21796,"href":"https:\/\/jessel.de\/365-tage-sylt\/wp-json\/wp\/v2\/posts\/21786\/revisions\/21796"}],"wp:featuredmedia":[{"embeddable":true,"href":"https:\/\/jessel.de\/365-tage-sylt\/wp-json\/wp\/v2\/media\/21787"}],"wp:attachment":[{"href":"https:\/\/jessel.de\/365-tage-sylt\/wp-json\/wp\/v2\/media?parent=21786"}],"wp:term":[{"taxonomy":"category","embeddable":true,"href":"https:\/\/jessel.de\/365-tage-sylt\/wp-json\/wp\/v2\/categories?post=21786"},{"taxonomy":"post_tag","embeddable":true,"href":"https:\/\/jessel.de\/365-tage-sylt\/wp-json\/wp\/v2\/tags?post=21786"}],"curies":[{"name":"wp","href":"https:\/\/api.w.org\/{rel}","templated":true}]}}