{"id":22221,"date":"2025-10-22T18:56:55","date_gmt":"2025-10-22T18:56:55","guid":{"rendered":"https:\/\/jessel.de\/365-tage-sylt\/?p=22221"},"modified":"2025-10-23T05:08:56","modified_gmt":"2025-10-23T05:08:56","slug":"22-oktober-das-ist-ja-wohl-die-hoehe","status":"publish","type":"post","link":"https:\/\/jessel.de\/365-tage-sylt\/22-oktober-das-ist-ja-wohl-die-hoehe\/","title":{"rendered":"22. Oktober: DAS ist ja wohl die H\u00f6he!"},"content":{"rendered":"<p>Titelfoto: Blick auf den ORTLER, mit 3905 Metern h\u00f6chster Berg S\u00fcdtirols<\/p>\n<p>Allerdings, und zwar die H\u00f6he von 2760 Metern auf der zweith\u00f6chsten asphaltierten Passstra\u00dfe der gesamten Alpen, dem STILFSER JOCH:<\/p>\n<p><img loading=\"lazy\" decoding=\"async\" class=\"alignnone size-full wp-image-22223\" src=\"https:\/\/jessel.de\/365-tage-sylt\/wp-content\/uploads\/2025\/10\/IMG_3394.jpeg\" alt=\"\" width=\"1100\" height=\"800\" srcset=\"https:\/\/jessel.de\/365-tage-sylt\/wp-content\/uploads\/2025\/10\/IMG_3394.jpeg 1100w, https:\/\/jessel.de\/365-tage-sylt\/wp-content\/uploads\/2025\/10\/IMG_3394-300x218.jpeg 300w, https:\/\/jessel.de\/365-tage-sylt\/wp-content\/uploads\/2025\/10\/IMG_3394-1024x745.jpeg 1024w, https:\/\/jessel.de\/365-tage-sylt\/wp-content\/uploads\/2025\/10\/IMG_3394-768x559.jpeg 768w\" sizes=\"auto, (max-width: 1100px) 100vw, 1100px\" \/><\/p>\n<p>Um dort um 10:15 Uhr anzutreten, klettere ich heute um kurz nach 6 Uhr in FILISUR in den Fr\u00fchzug Richtung St, Moritz, um nach einem Umstieg in BEVER nach ZERNEZ ins Unterengadin weiterzufahren. Nach einer Tasse hei\u00dfen Kaffees im \u201aHotel am Bahnhof\u2019 sehe ich den ersten Sonnenstrahl am Gipfel des PIZ LINARD\u2026:<\/p>\n<p><img loading=\"lazy\" decoding=\"async\" class=\"size-full wp-image-22227\" src=\"https:\/\/jessel.de\/365-tage-sylt\/wp-content\/uploads\/2025\/10\/IMG_3385.jpeg\" alt=\"\" width=\"1100\" height=\"800\" srcset=\"https:\/\/jessel.de\/365-tage-sylt\/wp-content\/uploads\/2025\/10\/IMG_3385.jpeg 1100w, https:\/\/jessel.de\/365-tage-sylt\/wp-content\/uploads\/2025\/10\/IMG_3385-300x218.jpeg 300w, https:\/\/jessel.de\/365-tage-sylt\/wp-content\/uploads\/2025\/10\/IMG_3385-1024x745.jpeg 1024w, https:\/\/jessel.de\/365-tage-sylt\/wp-content\/uploads\/2025\/10\/IMG_3385-768x559.jpeg 768w\" sizes=\"auto, (max-width: 1100px) 100vw, 1100px\" \/><\/p>\n<p>\u2026 und bin sehr froh, insgesamt 7(!) Klamottenschichten \u00fcbereinander zu tragen, denn es ist nicht nur affenkalt, sondern es weht auch ein fieser Wind, der Einem so richtig in die Knochen f\u00e4hrt. Und rasieren m\u00fcsste ich mich auch mal wieder, aber wem sag ich das:<\/p>\n<p><img loading=\"lazy\" decoding=\"async\" class=\"size-full wp-image-22228\" src=\"https:\/\/jessel.de\/365-tage-sylt\/wp-content\/uploads\/2025\/10\/IMG_3386.jpeg\" alt=\"\" width=\"800\" height=\"1100\" srcset=\"https:\/\/jessel.de\/365-tage-sylt\/wp-content\/uploads\/2025\/10\/IMG_3386.jpeg 800w, https:\/\/jessel.de\/365-tage-sylt\/wp-content\/uploads\/2025\/10\/IMG_3386-218x300.jpeg 218w, https:\/\/jessel.de\/365-tage-sylt\/wp-content\/uploads\/2025\/10\/IMG_3386-745x1024.jpeg 745w, https:\/\/jessel.de\/365-tage-sylt\/wp-content\/uploads\/2025\/10\/IMG_3386-768x1056.jpeg 768w\" sizes=\"auto, (max-width: 800px) 100vw, 800px\" \/><\/p>\n<p>Meine jugendliche Hotelchefin hat keine M\u00fche gescheut, mir n\u00e4chtens noch eine lecker Luncht\u00fcte vor die Zimmert\u00fcr zu stellen\u2026 die kommt jetzt richtig gut:<\/p>\n<p><img loading=\"lazy\" decoding=\"async\" class=\"size-full wp-image-22226\" src=\"https:\/\/jessel.de\/365-tage-sylt\/wp-content\/uploads\/2025\/10\/IMG_3384.jpeg\" alt=\"\" width=\"1100\" height=\"800\" srcset=\"https:\/\/jessel.de\/365-tage-sylt\/wp-content\/uploads\/2025\/10\/IMG_3384.jpeg 1100w, https:\/\/jessel.de\/365-tage-sylt\/wp-content\/uploads\/2025\/10\/IMG_3384-300x218.jpeg 300w, https:\/\/jessel.de\/365-tage-sylt\/wp-content\/uploads\/2025\/10\/IMG_3384-1024x745.jpeg 1024w, https:\/\/jessel.de\/365-tage-sylt\/wp-content\/uploads\/2025\/10\/IMG_3384-768x559.jpeg 768w\" sizes=\"auto, (max-width: 1100px) 100vw, 1100px\" \/><\/p>\n<p>Der n\u00e4chste Bus bringt mich \u00fcber den OFENPASS ins VAL M\u00dcSTAIR. Im dortigen SANTA MARIA warte ich auf den Bus ins italienische TIRANO, der p\u00fcnktlich um 9:30 Uhr um die Ecke geschossen kommt:<\/p>\n<p><img loading=\"lazy\" decoding=\"async\" class=\"alignnone size-full wp-image-22238\" src=\"https:\/\/jessel.de\/365-tage-sylt\/wp-content\/uploads\/2025\/10\/IMG_3392.jpeg\" alt=\"\" width=\"1100\" height=\"800\" srcset=\"https:\/\/jessel.de\/365-tage-sylt\/wp-content\/uploads\/2025\/10\/IMG_3392.jpeg 1100w, https:\/\/jessel.de\/365-tage-sylt\/wp-content\/uploads\/2025\/10\/IMG_3392-300x218.jpeg 300w, https:\/\/jessel.de\/365-tage-sylt\/wp-content\/uploads\/2025\/10\/IMG_3392-1024x745.jpeg 1024w, https:\/\/jessel.de\/365-tage-sylt\/wp-content\/uploads\/2025\/10\/IMG_3392-768x559.jpeg 768w\" sizes=\"auto, (max-width: 1100px) 100vw, 1100px\" \/><\/p>\n<p>Der reizende Busfahrer begr\u00fcsst auch mich als Gast, und los geht\u2019s durch herbstgelbe L\u00e4rchenw\u00e4lder und unz\u00e4hlige Serpentinen &#8211; immer dem Himmel entgegen\u2026:<\/p>\n<p><img loading=\"lazy\" decoding=\"async\" class=\"alignnone size-full wp-image-22239\" src=\"https:\/\/jessel.de\/365-tage-sylt\/wp-content\/uploads\/2025\/10\/IMG_3391.jpeg\" alt=\"\" width=\"1100\" height=\"800\" srcset=\"https:\/\/jessel.de\/365-tage-sylt\/wp-content\/uploads\/2025\/10\/IMG_3391.jpeg 1100w, https:\/\/jessel.de\/365-tage-sylt\/wp-content\/uploads\/2025\/10\/IMG_3391-300x218.jpeg 300w, https:\/\/jessel.de\/365-tage-sylt\/wp-content\/uploads\/2025\/10\/IMG_3391-1024x745.jpeg 1024w, https:\/\/jessel.de\/365-tage-sylt\/wp-content\/uploads\/2025\/10\/IMG_3391-768x559.jpeg 768w\" sizes=\"auto, (max-width: 1100px) 100vw, 1100px\" \/><\/p>\n<p>Da heute die allerletzte Fahrt der Saison stattfindet, baut der Fahrer schnell noch das Haltestellenschild vom VAL GRONDA ab\u2026 Bis weit in den Mai n\u00e4chsten Jahres hinein wird hier ab jetzt kein Bus mehr fahren:<\/p>\n<p><img loading=\"lazy\" decoding=\"async\" class=\"alignnone size-full wp-image-22240\" src=\"https:\/\/jessel.de\/365-tage-sylt\/wp-content\/uploads\/2025\/10\/IMG_3390.jpeg\" alt=\"\" width=\"1100\" height=\"800\" srcset=\"https:\/\/jessel.de\/365-tage-sylt\/wp-content\/uploads\/2025\/10\/IMG_3390.jpeg 1100w, https:\/\/jessel.de\/365-tage-sylt\/wp-content\/uploads\/2025\/10\/IMG_3390-300x218.jpeg 300w, https:\/\/jessel.de\/365-tage-sylt\/wp-content\/uploads\/2025\/10\/IMG_3390-1024x745.jpeg 1024w, https:\/\/jessel.de\/365-tage-sylt\/wp-content\/uploads\/2025\/10\/IMG_3390-768x559.jpeg 768w\" sizes=\"auto, (max-width: 1100px) 100vw, 1100px\" \/><\/p>\n<p>Wir durchfahren die Wolkendecke, passieren die Schweizerisch-Italienische Grenze, von wo es nur wenige \u00a0Serpentinenkilometer bis zum STILFSER JOCH sind. Eine halbst\u00fcndige Pause in eisiger Luft tut uns neun Fahrg\u00e4sten nach der Gurkerei mehr als gut.<\/p>\n<p>Hier die Serpentinenstrecke ins S\u00fcdtiroler VINSCHGAU\u2026:<\/p>\n<p><img loading=\"lazy\" decoding=\"async\" class=\"size-full wp-image-22241\" src=\"https:\/\/jessel.de\/365-tage-sylt\/wp-content\/uploads\/2025\/10\/IMG_3389.jpeg\" alt=\"\" width=\"800\" height=\"1100\" srcset=\"https:\/\/jessel.de\/365-tage-sylt\/wp-content\/uploads\/2025\/10\/IMG_3389.jpeg 800w, https:\/\/jessel.de\/365-tage-sylt\/wp-content\/uploads\/2025\/10\/IMG_3389-218x300.jpeg 218w, https:\/\/jessel.de\/365-tage-sylt\/wp-content\/uploads\/2025\/10\/IMG_3389-745x1024.jpeg 745w, https:\/\/jessel.de\/365-tage-sylt\/wp-content\/uploads\/2025\/10\/IMG_3389-768x1056.jpeg 768w\" sizes=\"auto, (max-width: 800px) 100vw, 800px\" \/><\/p>\n<p>\u2026 auf der anderen Seite noch mehr Gurkerei ins VELTLIN. Diese Strecke nehmen wir\u2026:<\/p>\n<p><img loading=\"lazy\" decoding=\"async\" class=\"size-full wp-image-22243\" src=\"https:\/\/jessel.de\/365-tage-sylt\/wp-content\/uploads\/2025\/10\/IMG_3387.jpeg\" alt=\"\" width=\"1100\" height=\"800\" srcset=\"https:\/\/jessel.de\/365-tage-sylt\/wp-content\/uploads\/2025\/10\/IMG_3387.jpeg 1100w, https:\/\/jessel.de\/365-tage-sylt\/wp-content\/uploads\/2025\/10\/IMG_3387-300x218.jpeg 300w, https:\/\/jessel.de\/365-tage-sylt\/wp-content\/uploads\/2025\/10\/IMG_3387-1024x745.jpeg 1024w, https:\/\/jessel.de\/365-tage-sylt\/wp-content\/uploads\/2025\/10\/IMG_3387-768x559.jpeg 768w\" sizes=\"auto, (max-width: 1100px) 100vw, 1100px\" \/><\/p>\n<p>\u2026 und erreichen nach nur 90-min\u00fctiger Fahrt unsere Ziel-Haltestelle in TIRANO, wiederum direkt an der Grenze zum Schweizerischen POSCHIAVO gelegen &#8211; bei Sonnenschein und 20 Grad Lufttemperatur! Das ist nun wirklich kaum zu fassen, und ich pule mich erstmal aus mehreren meiner Klamottenschichten:<\/p>\n<p><img loading=\"lazy\" decoding=\"async\" class=\"size-full wp-image-22242\" src=\"https:\/\/jessel.de\/365-tage-sylt\/wp-content\/uploads\/2025\/10\/IMG_3388.jpeg\" alt=\"\" width=\"1100\" height=\"800\" srcset=\"https:\/\/jessel.de\/365-tage-sylt\/wp-content\/uploads\/2025\/10\/IMG_3388.jpeg 1100w, https:\/\/jessel.de\/365-tage-sylt\/wp-content\/uploads\/2025\/10\/IMG_3388-300x218.jpeg 300w, https:\/\/jessel.de\/365-tage-sylt\/wp-content\/uploads\/2025\/10\/IMG_3388-1024x745.jpeg 1024w, https:\/\/jessel.de\/365-tage-sylt\/wp-content\/uploads\/2025\/10\/IMG_3388-768x559.jpeg 768w\" sizes=\"auto, (max-width: 1100px) 100vw, 1100px\" \/><\/p>\n<p>Vorm \u201eSchweizer Bahnhof\u201c herrscht ordentliche Trubel, denn hier startet auch der ber\u00fchmte BERNINA-EXPRESS nach ST. MORITZ:<\/p>\n<p><img loading=\"lazy\" decoding=\"async\" class=\"size-full wp-image-22236\" src=\"https:\/\/jessel.de\/365-tage-sylt\/wp-content\/uploads\/2025\/10\/IMG_3396.jpeg\" alt=\"\" width=\"1100\" height=\"800\" srcset=\"https:\/\/jessel.de\/365-tage-sylt\/wp-content\/uploads\/2025\/10\/IMG_3396.jpeg 1100w, https:\/\/jessel.de\/365-tage-sylt\/wp-content\/uploads\/2025\/10\/IMG_3396-300x218.jpeg 300w, https:\/\/jessel.de\/365-tage-sylt\/wp-content\/uploads\/2025\/10\/IMG_3396-1024x745.jpeg 1024w, https:\/\/jessel.de\/365-tage-sylt\/wp-content\/uploads\/2025\/10\/IMG_3396-768x559.jpeg 768w\" sizes=\"auto, (max-width: 1100px) 100vw, 1100px\" \/><\/p>\n<p>Dorthin fahre auch ich, \u00fcberquere auf der \u201eWeltweit steilsten Bahnstrecke mit Adh\u00e4sivantrieb\u201c (also ohne Zahnradantrieb) nach nur zwei Stunden die 2000m &#8211; H\u00f6henlinie, und d\u00fcse &#8211; vorbei am Oberengadiner MORTERATSCH-GLETSCHER -\u2026:<\/p>\n<p><img loading=\"lazy\" decoding=\"async\" class=\"size-full wp-image-22249\" src=\"https:\/\/jessel.de\/365-tage-sylt\/wp-content\/uploads\/2025\/10\/IMG_3399.jpeg\" alt=\"\" width=\"1100\" height=\"800\" srcset=\"https:\/\/jessel.de\/365-tage-sylt\/wp-content\/uploads\/2025\/10\/IMG_3399.jpeg 1100w, https:\/\/jessel.de\/365-tage-sylt\/wp-content\/uploads\/2025\/10\/IMG_3399-300x218.jpeg 300w, https:\/\/jessel.de\/365-tage-sylt\/wp-content\/uploads\/2025\/10\/IMG_3399-1024x745.jpeg 1024w, https:\/\/jessel.de\/365-tage-sylt\/wp-content\/uploads\/2025\/10\/IMG_3399-768x559.jpeg 768w\" sizes=\"auto, (max-width: 1100px) 100vw, 1100px\" \/><\/p>\n<p>\u2026direkt vor mein Lieblingscaf\u00e9 am Bahnhof von St. Moritz, ach wie herrlich:<\/p>\n<p><img loading=\"lazy\" decoding=\"async\" class=\"size-full wp-image-22248\" src=\"https:\/\/jessel.de\/365-tage-sylt\/wp-content\/uploads\/2025\/10\/IMG_3400.jpeg\" alt=\"\" width=\"1100\" height=\"800\" srcset=\"https:\/\/jessel.de\/365-tage-sylt\/wp-content\/uploads\/2025\/10\/IMG_3400.jpeg 1100w, https:\/\/jessel.de\/365-tage-sylt\/wp-content\/uploads\/2025\/10\/IMG_3400-300x218.jpeg 300w, https:\/\/jessel.de\/365-tage-sylt\/wp-content\/uploads\/2025\/10\/IMG_3400-1024x745.jpeg 1024w, https:\/\/jessel.de\/365-tage-sylt\/wp-content\/uploads\/2025\/10\/IMG_3400-768x559.jpeg 768w\" sizes=\"auto, (max-width: 1100px) 100vw, 1100px\" \/><\/p>\n<p>Diesen Cappuccino habe ich mir nach \u00fcber neun Stunden in Bahnen und Bussen auf einer der gro\u00dfartigsten \u00d6PNV-Verbindungen ganz Europas wahrlich verdient.<\/p>\n<p>&nbsp;<\/p>\n","protected":false},"excerpt":{"rendered":"<p>Titelfoto: Blick auf den ORTLER, mit 3905 Metern h\u00f6chster Berg S\u00fcdtirols Allerdings, und zwar die H\u00f6he von 2760 Metern auf der zweith\u00f6chsten asphaltierten Passstra\u00dfe der gesamten Alpen, dem STILFSER JOCH: Um dort um 10:15 Uhr anzutreten, klettere ich heute um kurz nach 6 Uhr in FILISUR in den Fr\u00fchzug Richtung St, Moritz, um nach einem Umstieg in BEVER nach ZERNEZ ins Unterengadin weiterzufahren. Nach einer Tasse hei\u00dfen Kaffees im \u201aHotel&hellip;<\/p>\n","protected":false},"author":2,"featured_media":22222,"comment_status":"open","ping_status":"open","sticky":false,"template":"","format":"standard","meta":{"footnotes":""},"categories":[27,39,48,3,35,52,2,33],"tags":[],"class_list":["post-22221","post","type-post","status-publish","format-standard","has-post-thumbnail","hentry","category-alle-bilder","category-arbeit","category-herbst","category-menschen","category-schlechtes-wetter","category-schnee","category-tourismus","category-woanders"],"jetpack_featured_media_url":"https:\/\/jessel.de\/365-tage-sylt\/wp-content\/uploads\/2025\/10\/IMG_3393.jpeg","_links":{"self":[{"href":"https:\/\/jessel.de\/365-tage-sylt\/wp-json\/wp\/v2\/posts\/22221","targetHints":{"allow":["GET"]}}],"collection":[{"href":"https:\/\/jessel.de\/365-tage-sylt\/wp-json\/wp\/v2\/posts"}],"about":[{"href":"https:\/\/jessel.de\/365-tage-sylt\/wp-json\/wp\/v2\/types\/post"}],"author":[{"embeddable":true,"href":"https:\/\/jessel.de\/365-tage-sylt\/wp-json\/wp\/v2\/users\/2"}],"replies":[{"embeddable":true,"href":"https:\/\/jessel.de\/365-tage-sylt\/wp-json\/wp\/v2\/comments?post=22221"}],"version-history":[{"count":16,"href":"https:\/\/jessel.de\/365-tage-sylt\/wp-json\/wp\/v2\/posts\/22221\/revisions"}],"predecessor-version":[{"id":22252,"href":"https:\/\/jessel.de\/365-tage-sylt\/wp-json\/wp\/v2\/posts\/22221\/revisions\/22252"}],"wp:featuredmedia":[{"embeddable":true,"href":"https:\/\/jessel.de\/365-tage-sylt\/wp-json\/wp\/v2\/media\/22222"}],"wp:attachment":[{"href":"https:\/\/jessel.de\/365-tage-sylt\/wp-json\/wp\/v2\/media?parent=22221"}],"wp:term":[{"taxonomy":"category","embeddable":true,"href":"https:\/\/jessel.de\/365-tage-sylt\/wp-json\/wp\/v2\/categories?post=22221"},{"taxonomy":"post_tag","embeddable":true,"href":"https:\/\/jessel.de\/365-tage-sylt\/wp-json\/wp\/v2\/tags?post=22221"}],"curies":[{"name":"wp","href":"https:\/\/api.w.org\/{rel}","templated":true}]}}