{"id":22253,"date":"2025-10-23T19:01:26","date_gmt":"2025-10-23T19:01:26","guid":{"rendered":"https:\/\/jessel.de\/365-tage-sylt\/?p=22253"},"modified":"2025-10-23T19:27:16","modified_gmt":"2025-10-23T19:27:16","slug":"23-oktober-gruesse-aus-einem-1932er-pullmann-1-klasse","status":"publish","type":"post","link":"https:\/\/jessel.de\/365-tage-sylt\/23-oktober-gruesse-aus-einem-1932er-pullmann-1-klasse\/","title":{"rendered":"23. Oktober: Gr\u00fc\u00dfe aus einem 1932er Pullmann, 1. Klasse\u2026"},"content":{"rendered":"<p>Foto: Friedhelm von R.<\/p>\n<p>\u2026 aber nat\u00fcrlich erst nach der Arbeit. Und die sah heute SO aus:<\/p>\n<p>Um 10:45 Uhr treffe ich mich mit Freund Masch in seinem Heimatort MONSTEIN, heute ein Ortsteil von DAVOS. Nach einer Hausbesichtigung und einem Spaziergang durch den Ort, der in entz\u00fcckender Lage wie auf einer Sonnenterrasse liegt\u2026:<\/p>\n<p><img loading=\"lazy\" decoding=\"async\" class=\"size-full wp-image-22255\" src=\"https:\/\/jessel.de\/365-tage-sylt\/wp-content\/uploads\/2025\/10\/IMG_3422.jpeg\" alt=\"\" width=\"1100\" height=\"800\" srcset=\"https:\/\/jessel.de\/365-tage-sylt\/wp-content\/uploads\/2025\/10\/IMG_3422.jpeg 1100w, https:\/\/jessel.de\/365-tage-sylt\/wp-content\/uploads\/2025\/10\/IMG_3422-300x218.jpeg 300w, https:\/\/jessel.de\/365-tage-sylt\/wp-content\/uploads\/2025\/10\/IMG_3422-1024x745.jpeg 1024w, https:\/\/jessel.de\/365-tage-sylt\/wp-content\/uploads\/2025\/10\/IMG_3422-768x559.jpeg 768w\" sizes=\"auto, (max-width: 1100px) 100vw, 1100px\" \/><\/p>\n<p>\u2026 gibt\u2019s im VELTLINERST\u00dcBLI etwas zwischen die Kiemen: Masch w\u00e4hlt das Hirschgulasch, ich entscheide mich f\u00fcr die Hirschwurst\u2026 ein einzigartiger Genuss:<\/p>\n<p><img loading=\"lazy\" decoding=\"async\" class=\"size-full wp-image-22256\" src=\"https:\/\/jessel.de\/365-tage-sylt\/wp-content\/uploads\/2025\/10\/IMG_3423.jpeg\" alt=\"\" width=\"1100\" height=\"800\" srcset=\"https:\/\/jessel.de\/365-tage-sylt\/wp-content\/uploads\/2025\/10\/IMG_3423.jpeg 1100w, https:\/\/jessel.de\/365-tage-sylt\/wp-content\/uploads\/2025\/10\/IMG_3423-300x218.jpeg 300w, https:\/\/jessel.de\/365-tage-sylt\/wp-content\/uploads\/2025\/10\/IMG_3423-1024x745.jpeg 1024w, https:\/\/jessel.de\/365-tage-sylt\/wp-content\/uploads\/2025\/10\/IMG_3423-768x559.jpeg 768w\" sizes=\"auto, (max-width: 1100px) 100vw, 1100px\" \/><\/p>\n<p>Wohlgest\u00e4rkt, und vom k\u00f6stlichen AMARONE leicht anget\u00fcdelt, geht\u2019s runter zum \u201eSchmelzboden\u201c, von wo aus ich in die Z\u00dcGENSCHLUCHT wandere. Da es gerade beginnt zu regnen, mache ich den \u201eAugen nach oben guck &#8211; Emoji\u201c:<\/p>\n<p><img loading=\"lazy\" decoding=\"async\" class=\"size-full wp-image-22257\" src=\"https:\/\/jessel.de\/365-tage-sylt\/wp-content\/uploads\/2025\/10\/IMG_3414.jpeg\" alt=\"\" width=\"800\" height=\"1100\" srcset=\"https:\/\/jessel.de\/365-tage-sylt\/wp-content\/uploads\/2025\/10\/IMG_3414.jpeg 800w, https:\/\/jessel.de\/365-tage-sylt\/wp-content\/uploads\/2025\/10\/IMG_3414-218x300.jpeg 218w, https:\/\/jessel.de\/365-tage-sylt\/wp-content\/uploads\/2025\/10\/IMG_3414-745x1024.jpeg 745w, https:\/\/jessel.de\/365-tage-sylt\/wp-content\/uploads\/2025\/10\/IMG_3414-768x1056.jpeg 768w\" sizes=\"auto, (max-width: 800px) 100vw, 800px\" \/><\/p>\n<p>Freundlicherweise verst\u00e4rkt sich der Regen nicht, wie eigentlich angek\u00fcndigt. So folge ich dem LANDWASSER und geniesse die Ruhe und die wunderbare Luft\u2026:<\/p>\n<p><img loading=\"lazy\" decoding=\"async\" class=\"size-full wp-image-22258\" src=\"https:\/\/jessel.de\/365-tage-sylt\/wp-content\/uploads\/2025\/10\/IMG_3418.jpeg\" alt=\"\" width=\"800\" height=\"1100\" srcset=\"https:\/\/jessel.de\/365-tage-sylt\/wp-content\/uploads\/2025\/10\/IMG_3418.jpeg 800w, https:\/\/jessel.de\/365-tage-sylt\/wp-content\/uploads\/2025\/10\/IMG_3418-218x300.jpeg 218w, https:\/\/jessel.de\/365-tage-sylt\/wp-content\/uploads\/2025\/10\/IMG_3418-745x1024.jpeg 745w, https:\/\/jessel.de\/365-tage-sylt\/wp-content\/uploads\/2025\/10\/IMG_3418-768x1056.jpeg 768w\" sizes=\"auto, (max-width: 800px) 100vw, 800px\" \/><\/p>\n<p>\u2026 und nat\u00fcrlich die Farbenvielfalt des herbstlichen, feuchten Waldes:<\/p>\n<p><img loading=\"lazy\" decoding=\"async\" class=\"alignnone size-full wp-image-22259\" src=\"https:\/\/jessel.de\/365-tage-sylt\/wp-content\/uploads\/2025\/10\/IMG_3427.jpeg\" alt=\"\" width=\"1100\" height=\"800\" srcset=\"https:\/\/jessel.de\/365-tage-sylt\/wp-content\/uploads\/2025\/10\/IMG_3427.jpeg 1100w, https:\/\/jessel.de\/365-tage-sylt\/wp-content\/uploads\/2025\/10\/IMG_3427-300x218.jpeg 300w, https:\/\/jessel.de\/365-tage-sylt\/wp-content\/uploads\/2025\/10\/IMG_3427-1024x745.jpeg 1024w, https:\/\/jessel.de\/365-tage-sylt\/wp-content\/uploads\/2025\/10\/IMG_3427-768x559.jpeg 768w\" sizes=\"auto, (max-width: 1100px) 100vw, 1100px\" \/><\/p>\n<p>Das Pl\u00e4tschern und Gurgeln des Wassers wird zum st\u00e4ndigen Begleiter\u2026:<\/p>\n<p><img loading=\"lazy\" decoding=\"async\" class=\"alignnone size-full wp-image-22260\" src=\"https:\/\/jessel.de\/365-tage-sylt\/wp-content\/uploads\/2025\/10\/IMG_3419.jpeg\" alt=\"\" width=\"800\" height=\"1100\" srcset=\"https:\/\/jessel.de\/365-tage-sylt\/wp-content\/uploads\/2025\/10\/IMG_3419.jpeg 800w, https:\/\/jessel.de\/365-tage-sylt\/wp-content\/uploads\/2025\/10\/IMG_3419-218x300.jpeg 218w, https:\/\/jessel.de\/365-tage-sylt\/wp-content\/uploads\/2025\/10\/IMG_3419-745x1024.jpeg 745w, https:\/\/jessel.de\/365-tage-sylt\/wp-content\/uploads\/2025\/10\/IMG_3419-768x1056.jpeg 768w\" sizes=\"auto, (max-width: 800px) 100vw, 800px\" \/><\/p>\n<p>\u2026 mal weiter weg, mal in greifbarer N\u00e4he:<\/p>\n<p><img loading=\"lazy\" decoding=\"async\" class=\"size-full wp-image-22261\" src=\"https:\/\/jessel.de\/365-tage-sylt\/wp-content\/uploads\/2025\/10\/IMG_3425.jpeg\" alt=\"\" width=\"1100\" height=\"800\" srcset=\"https:\/\/jessel.de\/365-tage-sylt\/wp-content\/uploads\/2025\/10\/IMG_3425.jpeg 1100w, https:\/\/jessel.de\/365-tage-sylt\/wp-content\/uploads\/2025\/10\/IMG_3425-300x218.jpeg 300w, https:\/\/jessel.de\/365-tage-sylt\/wp-content\/uploads\/2025\/10\/IMG_3425-1024x745.jpeg 1024w, https:\/\/jessel.de\/365-tage-sylt\/wp-content\/uploads\/2025\/10\/IMG_3425-768x559.jpeg 768w\" sizes=\"auto, (max-width: 1100px) 100vw, 1100px\" \/><\/p>\n<p>An einer Stelle hat sich das LANDWASSER bestimmt 50 Meter tief in den kalkigen Fels gemahlen\u2026:<\/p>\n<p><img loading=\"lazy\" decoding=\"async\" class=\"alignnone size-full wp-image-22262\" src=\"https:\/\/jessel.de\/365-tage-sylt\/wp-content\/uploads\/2025\/10\/IMG_3426.jpeg\" alt=\"\" width=\"1100\" height=\"800\" srcset=\"https:\/\/jessel.de\/365-tage-sylt\/wp-content\/uploads\/2025\/10\/IMG_3426.jpeg 1100w, https:\/\/jessel.de\/365-tage-sylt\/wp-content\/uploads\/2025\/10\/IMG_3426-300x218.jpeg 300w, https:\/\/jessel.de\/365-tage-sylt\/wp-content\/uploads\/2025\/10\/IMG_3426-1024x745.jpeg 1024w, https:\/\/jessel.de\/365-tage-sylt\/wp-content\/uploads\/2025\/10\/IMG_3426-768x559.jpeg 768w\" sizes=\"auto, (max-width: 1100px) 100vw, 1100px\" \/><\/p>\n<p>\u2026 und den Wasserfall kreuzt die Bahnlinie von FILISUR nach DAVOS, hier nochmal als Nahaufnahme:<\/p>\n<p><img loading=\"lazy\" decoding=\"async\" class=\"alignnone size-full wp-image-22263\" src=\"https:\/\/jessel.de\/365-tage-sylt\/wp-content\/uploads\/2025\/10\/IMG_3421.jpeg\" alt=\"\" width=\"800\" height=\"1100\" srcset=\"https:\/\/jessel.de\/365-tage-sylt\/wp-content\/uploads\/2025\/10\/IMG_3421.jpeg 800w, https:\/\/jessel.de\/365-tage-sylt\/wp-content\/uploads\/2025\/10\/IMG_3421-218x300.jpeg 218w, https:\/\/jessel.de\/365-tage-sylt\/wp-content\/uploads\/2025\/10\/IMG_3421-745x1024.jpeg 745w, https:\/\/jessel.de\/365-tage-sylt\/wp-content\/uploads\/2025\/10\/IMG_3421-768x1056.jpeg 768w\" sizes=\"auto, (max-width: 800px) 100vw, 800px\" \/><\/p>\n<p>Dieses einmalige Zusammentreffen von grandioser, urw\u00fcchsiger Natur und einer feinf\u00fchlig in die Landschaft implantierten Technik ist der Grund, warum diese ganze Landschaft zwischen Thusis und Tirano zum UNESCO Weltnatur- und(!) Kulturerbe ernannt wurde. DAS gibt\u2019s nur selten auf der Welt:<\/p>\n<p><img loading=\"lazy\" decoding=\"async\" class=\"size-full wp-image-22264\" src=\"https:\/\/jessel.de\/365-tage-sylt\/wp-content\/uploads\/2025\/10\/IMG_3424.jpeg\" alt=\"\" width=\"1100\" height=\"800\" srcset=\"https:\/\/jessel.de\/365-tage-sylt\/wp-content\/uploads\/2025\/10\/IMG_3424.jpeg 1100w, https:\/\/jessel.de\/365-tage-sylt\/wp-content\/uploads\/2025\/10\/IMG_3424-300x218.jpeg 300w, https:\/\/jessel.de\/365-tage-sylt\/wp-content\/uploads\/2025\/10\/IMG_3424-1024x745.jpeg 1024w, https:\/\/jessel.de\/365-tage-sylt\/wp-content\/uploads\/2025\/10\/IMG_3424-768x559.jpeg 768w\" sizes=\"auto, (max-width: 1100px) 100vw, 1100px\" \/><\/p>\n<p>Masch gab mir noch mit auf den Weg, dass diese Schotterstra\u00dfe noch in seiner Kindheit als Hauptverbindung zwischen den Orten fungierte. Heute fliesst der Kfz-Verkehr woanders, oftmals in kilometerlangen Tunneln. So kann der Wanderer die Z\u00dcGENSCHLUCHT \u00a0in ihrer ganzen Pracht und wunderbaren Ruhe auf einer gut begehbaren Trasse geniessen:<\/p>\n<p><img loading=\"lazy\" decoding=\"async\" class=\"size-full wp-image-22265\" src=\"https:\/\/jessel.de\/365-tage-sylt\/wp-content\/uploads\/2025\/10\/IMG_3417.jpeg\" alt=\"\" width=\"800\" height=\"1100\" srcset=\"https:\/\/jessel.de\/365-tage-sylt\/wp-content\/uploads\/2025\/10\/IMG_3417.jpeg 800w, https:\/\/jessel.de\/365-tage-sylt\/wp-content\/uploads\/2025\/10\/IMG_3417-218x300.jpeg 218w, https:\/\/jessel.de\/365-tage-sylt\/wp-content\/uploads\/2025\/10\/IMG_3417-745x1024.jpeg 745w, https:\/\/jessel.de\/365-tage-sylt\/wp-content\/uploads\/2025\/10\/IMG_3417-768x1056.jpeg 768w\" sizes=\"auto, (max-width: 800px) 100vw, 800px\" \/><\/p>\n<p>Meine Wanderung endet am Bahnhof WIESEN, da waren wir bereits am Montag. Heute erwische ich zur R\u00fcckfahrt nach FILISUR den Pullmann-Express, durch puren Zufall\u2026<\/p>\n","protected":false},"excerpt":{"rendered":"<p>Foto: Friedhelm von R. \u2026 aber nat\u00fcrlich erst nach der Arbeit. Und die sah heute SO aus: Um 10:45 Uhr treffe ich mich mit Freund Masch in seinem Heimatort MONSTEIN, heute ein Ortsteil von DAVOS. Nach einer Hausbesichtigung und einem Spaziergang durch den Ort, der in entz\u00fcckender Lage wie auf einer Sonnenterrasse liegt\u2026: \u2026 gibt\u2019s im VELTLINERST\u00dcBLI etwas zwischen die Kiemen: Masch w\u00e4hlt das Hirschgulasch, ich entscheide mich f\u00fcr die&hellip;<\/p>\n","protected":false},"author":2,"featured_media":22254,"comment_status":"open","ping_status":"open","sticky":false,"template":"","format":"standard","meta":{"footnotes":""},"categories":[27,39,48,3,2,29,33],"tags":[],"class_list":["post-22253","post","type-post","status-publish","format-standard","has-post-thumbnail","hentry","category-alle-bilder","category-arbeit","category-herbst","category-menschen","category-tourismus","category-verkehr","category-woanders"],"jetpack_featured_media_url":"https:\/\/jessel.de\/365-tage-sylt\/wp-content\/uploads\/2025\/10\/IMG_3428.jpeg","_links":{"self":[{"href":"https:\/\/jessel.de\/365-tage-sylt\/wp-json\/wp\/v2\/posts\/22253","targetHints":{"allow":["GET"]}}],"collection":[{"href":"https:\/\/jessel.de\/365-tage-sylt\/wp-json\/wp\/v2\/posts"}],"about":[{"href":"https:\/\/jessel.de\/365-tage-sylt\/wp-json\/wp\/v2\/types\/post"}],"author":[{"embeddable":true,"href":"https:\/\/jessel.de\/365-tage-sylt\/wp-json\/wp\/v2\/users\/2"}],"replies":[{"embeddable":true,"href":"https:\/\/jessel.de\/365-tage-sylt\/wp-json\/wp\/v2\/comments?post=22253"}],"version-history":[{"count":5,"href":"https:\/\/jessel.de\/365-tage-sylt\/wp-json\/wp\/v2\/posts\/22253\/revisions"}],"predecessor-version":[{"id":22270,"href":"https:\/\/jessel.de\/365-tage-sylt\/wp-json\/wp\/v2\/posts\/22253\/revisions\/22270"}],"wp:featuredmedia":[{"embeddable":true,"href":"https:\/\/jessel.de\/365-tage-sylt\/wp-json\/wp\/v2\/media\/22254"}],"wp:attachment":[{"href":"https:\/\/jessel.de\/365-tage-sylt\/wp-json\/wp\/v2\/media?parent=22253"}],"wp:term":[{"taxonomy":"category","embeddable":true,"href":"https:\/\/jessel.de\/365-tage-sylt\/wp-json\/wp\/v2\/categories?post=22253"},{"taxonomy":"post_tag","embeddable":true,"href":"https:\/\/jessel.de\/365-tage-sylt\/wp-json\/wp\/v2\/tags?post=22253"}],"curies":[{"name":"wp","href":"https:\/\/api.w.org\/{rel}","templated":true}]}}