{"id":2228,"date":"2017-08-24T17:19:42","date_gmt":"2017-08-24T17:19:42","guid":{"rendered":"http:\/\/jessel.de\/365-tage-sylt\/?p=2228"},"modified":"2017-08-24T17:43:34","modified_gmt":"2017-08-24T17:43:34","slug":"sylt-kenner-aufgepasst","status":"publish","type":"post","link":"https:\/\/jessel.de\/365-tage-sylt\/sylt-kenner-aufgepasst\/","title":{"rendered":"Sylt-Kenner, aufgepasst!"},"content":{"rendered":"<p>Ich befinde mich heute auf einer fernen Deutschen Nordseeinsel, auf der man\/frau in den D\u00fcnen herumwandern darf! Echt jetzt, kein Fake&#8230;<\/p>\n<p>Ein geselliges V\u00f6lkchen sammelt sich zum lauen Sommerabend am stillen Gestade, um der insularen Blaskapelle und dem \u00f6rtlichen Chor zu lauschen, w\u00e4hrend vom benachbarten Ort die Kirchenglocke her\u00fcberbimmelt. Gro\u00dfes emotionales Kino in diesem ansonsten so windzerzausten &#8222;Sommer&#8220;:<\/p>\n<p><img loading=\"lazy\" decoding=\"async\" class=\"alignnone size-full wp-image-2231\" src=\"http:\/\/jessel.de\/365-tage-sylt\/wp-content\/uploads\/2017\/08\/IMG_1608.jpg\" alt=\"\" width=\"1492\" height=\"804\" srcset=\"https:\/\/jessel.de\/365-tage-sylt\/wp-content\/uploads\/2017\/08\/IMG_1608.jpg 1492w, https:\/\/jessel.de\/365-tage-sylt\/wp-content\/uploads\/2017\/08\/IMG_1608-300x162.jpg 300w, https:\/\/jessel.de\/365-tage-sylt\/wp-content\/uploads\/2017\/08\/IMG_1608-768x414.jpg 768w, https:\/\/jessel.de\/365-tage-sylt\/wp-content\/uploads\/2017\/08\/IMG_1608-1024x552.jpg 1024w\" sizes=\"auto, (max-width: 1492px) 100vw, 1492px\" \/><\/p>\n<p>Schon in den Morgenstunden macht sich eine allgegenw\u00e4rtige Idylle zu schaffen&#8230;:<\/p>\n<p><img loading=\"lazy\" decoding=\"async\" class=\"alignnone size-full wp-image-2232\" src=\"http:\/\/jessel.de\/365-tage-sylt\/wp-content\/uploads\/2017\/08\/IMG_1609.jpg\" alt=\"\" width=\"1492\" height=\"1119\" srcset=\"https:\/\/jessel.de\/365-tage-sylt\/wp-content\/uploads\/2017\/08\/IMG_1609.jpg 1492w, https:\/\/jessel.de\/365-tage-sylt\/wp-content\/uploads\/2017\/08\/IMG_1609-300x225.jpg 300w, https:\/\/jessel.de\/365-tage-sylt\/wp-content\/uploads\/2017\/08\/IMG_1609-768x576.jpg 768w, https:\/\/jessel.de\/365-tage-sylt\/wp-content\/uploads\/2017\/08\/IMG_1609-1024x768.jpg 1024w\" sizes=\"auto, (max-width: 1492px) 100vw, 1492px\" \/><\/p>\n<p>&#8230; w\u00e4hrend der Einheimische noch in seiner seltsamen Architektur schlummert:<\/p>\n<p><img loading=\"lazy\" decoding=\"async\" class=\"alignnone size-full wp-image-2234\" src=\"http:\/\/jessel.de\/365-tage-sylt\/wp-content\/uploads\/2017\/08\/IMG_1611.jpg\" alt=\"\" width=\"1492\" height=\"1119\" srcset=\"https:\/\/jessel.de\/365-tage-sylt\/wp-content\/uploads\/2017\/08\/IMG_1611.jpg 1492w, https:\/\/jessel.de\/365-tage-sylt\/wp-content\/uploads\/2017\/08\/IMG_1611-300x225.jpg 300w, https:\/\/jessel.de\/365-tage-sylt\/wp-content\/uploads\/2017\/08\/IMG_1611-768x576.jpg 768w, https:\/\/jessel.de\/365-tage-sylt\/wp-content\/uploads\/2017\/08\/IMG_1611-1024x768.jpg 1024w\" sizes=\"auto, (max-width: 1492px) 100vw, 1492px\" \/><\/p>\n<p>Doch flugs nochmal zur\u00fcck zu den D\u00fcnen. Dem Blogger wird&#8217;s kribbelig bei der Sichtung ferner Wanderd\u00fcnen&#8230;:<\/p>\n<p><img loading=\"lazy\" decoding=\"async\" class=\"alignnone size-full wp-image-2235\" src=\"http:\/\/jessel.de\/365-tage-sylt\/wp-content\/uploads\/2017\/08\/IMG_1612.jpg\" alt=\"\" width=\"1492\" height=\"1119\" srcset=\"https:\/\/jessel.de\/365-tage-sylt\/wp-content\/uploads\/2017\/08\/IMG_1612.jpg 1492w, https:\/\/jessel.de\/365-tage-sylt\/wp-content\/uploads\/2017\/08\/IMG_1612-300x225.jpg 300w, https:\/\/jessel.de\/365-tage-sylt\/wp-content\/uploads\/2017\/08\/IMG_1612-768x576.jpg 768w, https:\/\/jessel.de\/365-tage-sylt\/wp-content\/uploads\/2017\/08\/IMG_1612-1024x768.jpg 1024w\" sizes=\"auto, (max-width: 1492px) 100vw, 1492px\" \/><\/p>\n<p>&#8230; die spektakul\u00e4re &#8222;Durchblicke&#8220; zum Strand gestatten. Solche Strukturen gibt&#8217;s auf Sylt nicht:<\/p>\n<p><img loading=\"lazy\" decoding=\"async\" class=\"alignnone size-full wp-image-2238\" src=\"http:\/\/jessel.de\/365-tage-sylt\/wp-content\/uploads\/2017\/08\/IMG_1615.jpg\" alt=\"\" width=\"1492\" height=\"1119\" srcset=\"https:\/\/jessel.de\/365-tage-sylt\/wp-content\/uploads\/2017\/08\/IMG_1615.jpg 1492w, https:\/\/jessel.de\/365-tage-sylt\/wp-content\/uploads\/2017\/08\/IMG_1615-300x225.jpg 300w, https:\/\/jessel.de\/365-tage-sylt\/wp-content\/uploads\/2017\/08\/IMG_1615-768x576.jpg 768w, https:\/\/jessel.de\/365-tage-sylt\/wp-content\/uploads\/2017\/08\/IMG_1615-1024x768.jpg 1024w\" sizes=\"auto, (max-width: 1492px) 100vw, 1492px\" \/><\/p>\n<p>DAS haben auch schon andere bemerkt:<\/p>\n<p><img loading=\"lazy\" decoding=\"async\" class=\"alignnone size-full wp-image-2237\" src=\"http:\/\/jessel.de\/365-tage-sylt\/wp-content\/uploads\/2017\/08\/IMG_1614.jpg\" alt=\"\" width=\"1492\" height=\"1119\" srcset=\"https:\/\/jessel.de\/365-tage-sylt\/wp-content\/uploads\/2017\/08\/IMG_1614.jpg 1492w, https:\/\/jessel.de\/365-tage-sylt\/wp-content\/uploads\/2017\/08\/IMG_1614-300x225.jpg 300w, https:\/\/jessel.de\/365-tage-sylt\/wp-content\/uploads\/2017\/08\/IMG_1614-768x576.jpg 768w, https:\/\/jessel.de\/365-tage-sylt\/wp-content\/uploads\/2017\/08\/IMG_1614-1024x768.jpg 1024w\" sizes=\"auto, (max-width: 1492px) 100vw, 1492px\" \/><\/p>\n<p>WAS f\u00fcr grandiose 27 Stunden auf&#8230; na? Ich komme wieder &#8211; versprochen.<\/p>\n","protected":false},"excerpt":{"rendered":"<p>Ich befinde mich heute auf einer fernen Deutschen Nordseeinsel, auf der man\/frau in den D\u00fcnen herumwandern darf! Echt jetzt, kein Fake&#8230; Ein geselliges V\u00f6lkchen sammelt sich zum lauen Sommerabend am stillen Gestade, um der insularen Blaskapelle und dem \u00f6rtlichen Chor zu lauschen, w\u00e4hrend vom benachbarten Ort die Kirchenglocke her\u00fcberbimmelt. Gro\u00dfes emotionales Kino in diesem ansonsten so windzerzausten &#8222;Sommer&#8220;: Schon in den Morgenstunden macht sich eine allgegenw\u00e4rtige Idylle zu schaffen&#8230;: &#8230;&hellip;<\/p>\n","protected":false},"author":2,"featured_media":2239,"comment_status":"open","ping_status":"open","sticky":false,"template":"","format":"standard","meta":{"footnotes":""},"categories":[27,24,3,44,46,4,26,2,33],"tags":[],"class_list":["post-2228","post","type-post","status-publish","format-standard","has-post-thumbnail","hentry","category-alle-bilder","category-duenen","category-menschen","category-pflanzen","category-sommer","category-spuren","category-strand","category-tourismus","category-woanders"],"jetpack_featured_media_url":"https:\/\/jessel.de\/365-tage-sylt\/wp-content\/uploads\/2017\/08\/IMG_1616.jpg","_links":{"self":[{"href":"https:\/\/jessel.de\/365-tage-sylt\/wp-json\/wp\/v2\/posts\/2228","targetHints":{"allow":["GET"]}}],"collection":[{"href":"https:\/\/jessel.de\/365-tage-sylt\/wp-json\/wp\/v2\/posts"}],"about":[{"href":"https:\/\/jessel.de\/365-tage-sylt\/wp-json\/wp\/v2\/types\/post"}],"author":[{"embeddable":true,"href":"https:\/\/jessel.de\/365-tage-sylt\/wp-json\/wp\/v2\/users\/2"}],"replies":[{"embeddable":true,"href":"https:\/\/jessel.de\/365-tage-sylt\/wp-json\/wp\/v2\/comments?post=2228"}],"version-history":[{"count":6,"href":"https:\/\/jessel.de\/365-tage-sylt\/wp-json\/wp\/v2\/posts\/2228\/revisions"}],"predecessor-version":[{"id":2245,"href":"https:\/\/jessel.de\/365-tage-sylt\/wp-json\/wp\/v2\/posts\/2228\/revisions\/2245"}],"wp:featuredmedia":[{"embeddable":true,"href":"https:\/\/jessel.de\/365-tage-sylt\/wp-json\/wp\/v2\/media\/2239"}],"wp:attachment":[{"href":"https:\/\/jessel.de\/365-tage-sylt\/wp-json\/wp\/v2\/media?parent=2228"}],"wp:term":[{"taxonomy":"category","embeddable":true,"href":"https:\/\/jessel.de\/365-tage-sylt\/wp-json\/wp\/v2\/categories?post=2228"},{"taxonomy":"post_tag","embeddable":true,"href":"https:\/\/jessel.de\/365-tage-sylt\/wp-json\/wp\/v2\/tags?post=2228"}],"curies":[{"name":"wp","href":"https:\/\/api.w.org\/{rel}","templated":true}]}}