{"id":22299,"date":"2025-10-25T18:44:47","date_gmt":"2025-10-25T18:44:47","guid":{"rendered":"https:\/\/jessel.de\/365-tage-sylt\/?p=22299"},"modified":"2025-10-25T18:58:46","modified_gmt":"2025-10-25T18:58:46","slug":"25-oktober-per-mountainbike-in-den-engadiner-winter","status":"publish","type":"post","link":"https:\/\/jessel.de\/365-tage-sylt\/25-oktober-per-mountainbike-in-den-engadiner-winter\/","title":{"rendered":"25. Oktober: Per Mountainbike in den Engadiner Winter"},"content":{"rendered":"<p>Masch und Regula holen mich per Auto in Filisur ab. Im Laderaum: Drei eMountainbikes. Wir \u00fcberqueren den ALBULAPASS\u2026:<\/p>\n<p><img loading=\"lazy\" decoding=\"async\" class=\"size-full wp-image-22301\" src=\"https:\/\/jessel.de\/365-tage-sylt\/wp-content\/uploads\/2025\/10\/IMG_3481.jpeg\" alt=\"\" width=\"1100\" height=\"800\" srcset=\"https:\/\/jessel.de\/365-tage-sylt\/wp-content\/uploads\/2025\/10\/IMG_3481.jpeg 1100w, https:\/\/jessel.de\/365-tage-sylt\/wp-content\/uploads\/2025\/10\/IMG_3481-300x218.jpeg 300w, https:\/\/jessel.de\/365-tage-sylt\/wp-content\/uploads\/2025\/10\/IMG_3481-1024x745.jpeg 1024w, https:\/\/jessel.de\/365-tage-sylt\/wp-content\/uploads\/2025\/10\/IMG_3481-768x559.jpeg 768w\" sizes=\"auto, (max-width: 1100px) 100vw, 1100px\" \/><\/p>\n<p>\u2026 und blicken bei der Abfahrt ins OBERENGADIN bereits in das enge und tief eingeschnittene VAL CHAMUERA auf der gegen\u00fcberliegenden Seite des Tales:<\/p>\n<p><img loading=\"lazy\" decoding=\"async\" class=\"size-full wp-image-22302\" src=\"https:\/\/jessel.de\/365-tage-sylt\/wp-content\/uploads\/2025\/10\/IMG_3483.jpeg\" alt=\"\" width=\"1100\" height=\"800\" srcset=\"https:\/\/jessel.de\/365-tage-sylt\/wp-content\/uploads\/2025\/10\/IMG_3483.jpeg 1100w, https:\/\/jessel.de\/365-tage-sylt\/wp-content\/uploads\/2025\/10\/IMG_3483-300x218.jpeg 300w, https:\/\/jessel.de\/365-tage-sylt\/wp-content\/uploads\/2025\/10\/IMG_3483-1024x745.jpeg 1024w, https:\/\/jessel.de\/365-tage-sylt\/wp-content\/uploads\/2025\/10\/IMG_3483-768x559.jpeg 768w\" sizes=\"auto, (max-width: 1100px) 100vw, 1100px\" \/><\/p>\n<p>Das VAL CHAMUERA z\u00e4hlt zu den noch am urspr\u00fcnglichsten erhaltenen T\u00e4lern des Engadins. Unsere Tour wird uns von knapp 1.800m H\u00f6he auf \u00fcber 2.200m f\u00fchren. Befinden wir uns anfangs noch im Herbst\u2026:<\/p>\n<p><img loading=\"lazy\" decoding=\"async\" class=\"alignnone size-full wp-image-22303\" src=\"https:\/\/jessel.de\/365-tage-sylt\/wp-content\/uploads\/2025\/10\/IMG_3486.jpeg\" alt=\"\" width=\"1100\" height=\"800\" srcset=\"https:\/\/jessel.de\/365-tage-sylt\/wp-content\/uploads\/2025\/10\/IMG_3486.jpeg 1100w, https:\/\/jessel.de\/365-tage-sylt\/wp-content\/uploads\/2025\/10\/IMG_3486-300x218.jpeg 300w, https:\/\/jessel.de\/365-tage-sylt\/wp-content\/uploads\/2025\/10\/IMG_3486-1024x745.jpeg 1024w, https:\/\/jessel.de\/365-tage-sylt\/wp-content\/uploads\/2025\/10\/IMG_3486-768x559.jpeg 768w\" sizes=\"auto, (max-width: 1100px) 100vw, 1100px\" \/><\/p>\n<p>\u2026 wird es von Kilometer zu Kilometer k\u00fchler und karger:<\/p>\n<p><img loading=\"lazy\" decoding=\"async\" class=\"alignnone size-full wp-image-22304\" src=\"https:\/\/jessel.de\/365-tage-sylt\/wp-content\/uploads\/2025\/10\/IMG_3477.jpeg\" alt=\"\" width=\"1100\" height=\"800\" srcset=\"https:\/\/jessel.de\/365-tage-sylt\/wp-content\/uploads\/2025\/10\/IMG_3477.jpeg 1100w, https:\/\/jessel.de\/365-tage-sylt\/wp-content\/uploads\/2025\/10\/IMG_3477-300x218.jpeg 300w, https:\/\/jessel.de\/365-tage-sylt\/wp-content\/uploads\/2025\/10\/IMG_3477-1024x745.jpeg 1024w, https:\/\/jessel.de\/365-tage-sylt\/wp-content\/uploads\/2025\/10\/IMG_3477-768x559.jpeg 768w\" sizes=\"auto, (max-width: 1100px) 100vw, 1100px\" \/><br \/>\nBlogger-Foto: Regula<\/p>\n<p>Je h\u00f6her wir kommen, desto mehr gelangen wir auf Augenh\u00f6he mit den vereisten Graten der Berge ringsherum:<\/p>\n<p><img loading=\"lazy\" decoding=\"async\" class=\"alignnone size-full wp-image-22305\" src=\"https:\/\/jessel.de\/365-tage-sylt\/wp-content\/uploads\/2025\/10\/IMG_3482.jpeg\" alt=\"\" width=\"1100\" height=\"800\" srcset=\"https:\/\/jessel.de\/365-tage-sylt\/wp-content\/uploads\/2025\/10\/IMG_3482.jpeg 1100w, https:\/\/jessel.de\/365-tage-sylt\/wp-content\/uploads\/2025\/10\/IMG_3482-300x218.jpeg 300w, https:\/\/jessel.de\/365-tage-sylt\/wp-content\/uploads\/2025\/10\/IMG_3482-1024x745.jpeg 1024w, https:\/\/jessel.de\/365-tage-sylt\/wp-content\/uploads\/2025\/10\/IMG_3482-768x559.jpeg 768w\" sizes=\"auto, (max-width: 1100px) 100vw, 1100px\" \/><\/p>\n<p>Nach einer guten Stunde erklimmen wir den letzten Anstieg\u2026:<\/p>\n<p><img loading=\"lazy\" decoding=\"async\" class=\"alignnone size-full wp-image-22306\" src=\"https:\/\/jessel.de\/365-tage-sylt\/wp-content\/uploads\/2025\/10\/IMG_3485.jpeg\" alt=\"\" width=\"1100\" height=\"800\" srcset=\"https:\/\/jessel.de\/365-tage-sylt\/wp-content\/uploads\/2025\/10\/IMG_3485.jpeg 1100w, https:\/\/jessel.de\/365-tage-sylt\/wp-content\/uploads\/2025\/10\/IMG_3485-300x218.jpeg 300w, https:\/\/jessel.de\/365-tage-sylt\/wp-content\/uploads\/2025\/10\/IMG_3485-1024x745.jpeg 1024w, https:\/\/jessel.de\/365-tage-sylt\/wp-content\/uploads\/2025\/10\/IMG_3485-768x559.jpeg 768w\" sizes=\"auto, (max-width: 1100px) 100vw, 1100px\" \/><\/p>\n<p>\u2026 blicken auf die mit frischem Schnee bedeckten und baumlosen Felsen des Hochgebirges\u2026:<\/p>\n<p><img loading=\"lazy\" decoding=\"async\" class=\"alignnone size-full wp-image-22307\" src=\"https:\/\/jessel.de\/365-tage-sylt\/wp-content\/uploads\/2025\/10\/IMG_3479.jpeg\" alt=\"\" width=\"1100\" height=\"800\" srcset=\"https:\/\/jessel.de\/365-tage-sylt\/wp-content\/uploads\/2025\/10\/IMG_3479.jpeg 1100w, https:\/\/jessel.de\/365-tage-sylt\/wp-content\/uploads\/2025\/10\/IMG_3479-300x218.jpeg 300w, https:\/\/jessel.de\/365-tage-sylt\/wp-content\/uploads\/2025\/10\/IMG_3479-1024x745.jpeg 1024w, https:\/\/jessel.de\/365-tage-sylt\/wp-content\/uploads\/2025\/10\/IMG_3479-768x559.jpeg 768w\" sizes=\"auto, (max-width: 1100px) 100vw, 1100px\" \/><\/p>\n<p>\u2026 und beeilen uns mit dem Erinnerungsfoto, denn zur frostigen Luft gesellen sich eiskalte Winde, die uns trotz vielschichtiger und winddichter Bekleidung (incl. meiner japanischen langen Unnerb\u00fcx!) doch schnell wieder an die R\u00fcckkehr denken lassen:<\/p>\n<p><img loading=\"lazy\" decoding=\"async\" class=\"alignnone size-full wp-image-22308\" src=\"https:\/\/jessel.de\/365-tage-sylt\/wp-content\/uploads\/2025\/10\/IMG_3484.jpeg\" alt=\"\" width=\"1100\" height=\"800\" srcset=\"https:\/\/jessel.de\/365-tage-sylt\/wp-content\/uploads\/2025\/10\/IMG_3484.jpeg 1100w, https:\/\/jessel.de\/365-tage-sylt\/wp-content\/uploads\/2025\/10\/IMG_3484-300x218.jpeg 300w, https:\/\/jessel.de\/365-tage-sylt\/wp-content\/uploads\/2025\/10\/IMG_3484-1024x745.jpeg 1024w, https:\/\/jessel.de\/365-tage-sylt\/wp-content\/uploads\/2025\/10\/IMG_3484-768x559.jpeg 768w\" sizes=\"auto, (max-width: 1100px) 100vw, 1100px\" \/><\/p>\n<p>Aus obigem Foto blicken Euch genau 195 Jahre geballter Lebenserfahrung an. Diese verhindert allerdings nicht, dass ich mein Handy-Stativ genau nach diesem Foto dort stehen lasse. Deshalb an dieser Stelle die Bitte: Sollte jemand von Euch in n\u00e4chster Zeit im hintersten Chamuera-Tal vorbeikommen, bitte mitbringen, ok? Merci villmal im Voraus! &#x1f609;<\/p>\n<p>Hier noch zwei Impressionen, die Masch gerade schickt:<\/p>\n<p><img loading=\"lazy\" decoding=\"async\" class=\"alignnone size-full wp-image-22312\" src=\"https:\/\/jessel.de\/365-tage-sylt\/wp-content\/uploads\/2025\/10\/IMG-20251025-WA0012.jpeg\" alt=\"\" width=\"1600\" height=\"747\" srcset=\"https:\/\/jessel.de\/365-tage-sylt\/wp-content\/uploads\/2025\/10\/IMG-20251025-WA0012.jpeg 1600w, https:\/\/jessel.de\/365-tage-sylt\/wp-content\/uploads\/2025\/10\/IMG-20251025-WA0012-300x140.jpeg 300w, https:\/\/jessel.de\/365-tage-sylt\/wp-content\/uploads\/2025\/10\/IMG-20251025-WA0012-1024x478.jpeg 1024w, https:\/\/jessel.de\/365-tage-sylt\/wp-content\/uploads\/2025\/10\/IMG-20251025-WA0012-768x359.jpeg 768w, https:\/\/jessel.de\/365-tage-sylt\/wp-content\/uploads\/2025\/10\/IMG-20251025-WA0012-1536x717.jpeg 1536w\" sizes=\"auto, (max-width: 1600px) 100vw, 1600px\" \/> <img loading=\"lazy\" decoding=\"async\" class=\"alignnone size-full wp-image-22313\" src=\"https:\/\/jessel.de\/365-tage-sylt\/wp-content\/uploads\/2025\/10\/IMG-20251025-WA0025.jpeg\" alt=\"\" width=\"1600\" height=\"747\" srcset=\"https:\/\/jessel.de\/365-tage-sylt\/wp-content\/uploads\/2025\/10\/IMG-20251025-WA0025.jpeg 1600w, https:\/\/jessel.de\/365-tage-sylt\/wp-content\/uploads\/2025\/10\/IMG-20251025-WA0025-300x140.jpeg 300w, https:\/\/jessel.de\/365-tage-sylt\/wp-content\/uploads\/2025\/10\/IMG-20251025-WA0025-1024x478.jpeg 1024w, https:\/\/jessel.de\/365-tage-sylt\/wp-content\/uploads\/2025\/10\/IMG-20251025-WA0025-768x359.jpeg 768w, https:\/\/jessel.de\/365-tage-sylt\/wp-content\/uploads\/2025\/10\/IMG-20251025-WA0025-1536x717.jpeg 1536w\" sizes=\"auto, (max-width: 1600px) 100vw, 1600px\" \/><\/p>\n<p>Das macht schon h\u00f6llisch Spa\u00df, mit solch\u2018 einem Teil durch die Berge zu hotten. Die Frostluft k\u00fchlt mich dank der feinf\u00fchligen Schaltung und bedarfsgerechter Energie-Zuschaltung beim Anstieg nicht aus. Bei der Abfahrt mit bis zu 35 km\/h wird\u2019s schon ungem\u00fctlicher\u2026<\/p>\n","protected":false},"excerpt":{"rendered":"<p>Masch und Regula holen mich per Auto in Filisur ab. Im Laderaum: Drei eMountainbikes. Wir \u00fcberqueren den ALBULAPASS\u2026: \u2026 und blicken bei der Abfahrt ins OBERENGADIN bereits in das enge und tief eingeschnittene VAL CHAMUERA auf der gegen\u00fcberliegenden Seite des Tales: Das VAL CHAMUERA z\u00e4hlt zu den noch am urspr\u00fcnglichsten erhaltenen T\u00e4lern des Engadins. Unsere Tour wird uns von knapp 1.800m H\u00f6he auf \u00fcber 2.200m f\u00fchren. Befinden wir uns anfangs&hellip;<\/p>\n","protected":false},"author":2,"featured_media":22300,"comment_status":"open","ping_status":"open","sticky":false,"template":"","format":"standard","meta":{"footnotes":""},"categories":[27,39,48,3,52,4,2,29,33],"tags":[],"class_list":["post-22299","post","type-post","status-publish","format-standard","has-post-thumbnail","hentry","category-alle-bilder","category-arbeit","category-herbst","category-menschen","category-schnee","category-spuren","category-tourismus","category-verkehr","category-woanders"],"jetpack_featured_media_url":"https:\/\/jessel.de\/365-tage-sylt\/wp-content\/uploads\/2025\/10\/IMG_3478.jpeg","_links":{"self":[{"href":"https:\/\/jessel.de\/365-tage-sylt\/wp-json\/wp\/v2\/posts\/22299","targetHints":{"allow":["GET"]}}],"collection":[{"href":"https:\/\/jessel.de\/365-tage-sylt\/wp-json\/wp\/v2\/posts"}],"about":[{"href":"https:\/\/jessel.de\/365-tage-sylt\/wp-json\/wp\/v2\/types\/post"}],"author":[{"embeddable":true,"href":"https:\/\/jessel.de\/365-tage-sylt\/wp-json\/wp\/v2\/users\/2"}],"replies":[{"embeddable":true,"href":"https:\/\/jessel.de\/365-tage-sylt\/wp-json\/wp\/v2\/comments?post=22299"}],"version-history":[{"count":5,"href":"https:\/\/jessel.de\/365-tage-sylt\/wp-json\/wp\/v2\/posts\/22299\/revisions"}],"predecessor-version":[{"id":22315,"href":"https:\/\/jessel.de\/365-tage-sylt\/wp-json\/wp\/v2\/posts\/22299\/revisions\/22315"}],"wp:featuredmedia":[{"embeddable":true,"href":"https:\/\/jessel.de\/365-tage-sylt\/wp-json\/wp\/v2\/media\/22300"}],"wp:attachment":[{"href":"https:\/\/jessel.de\/365-tage-sylt\/wp-json\/wp\/v2\/media?parent=22299"}],"wp:term":[{"taxonomy":"category","embeddable":true,"href":"https:\/\/jessel.de\/365-tage-sylt\/wp-json\/wp\/v2\/categories?post=22299"},{"taxonomy":"post_tag","embeddable":true,"href":"https:\/\/jessel.de\/365-tage-sylt\/wp-json\/wp\/v2\/tags?post=22299"}],"curies":[{"name":"wp","href":"https:\/\/api.w.org\/{rel}","templated":true}]}}