{"id":22327,"date":"2025-10-28T18:56:42","date_gmt":"2025-10-28T18:56:42","guid":{"rendered":"https:\/\/jessel.de\/365-tage-sylt\/?p=22327"},"modified":"2025-10-28T19:40:22","modified_gmt":"2025-10-28T19:40:22","slug":"28-oktober-schietwetter-ueber-sylt","status":"publish","type":"post","link":"https:\/\/jessel.de\/365-tage-sylt\/28-oktober-schietwetter-ueber-sylt\/","title":{"rendered":"28. Oktober: Schietwetter \u00fcber Sylt"},"content":{"rendered":"<p>Unsere armen H\u00fchner sitzen nur noch auf der zumindest halbwegs trockenen Gartenterrasse herum, weil sie nicht den ganzen Tag auf dem morastigen Rasen herumlaufen m\u00f6gen. Und als ich heute fr\u00fch im Fitnessstudio am Tresen die Frage stelle, wie denn das Wetter w\u00e4hrend meiner Abwesenheit so war, klappen ringsherum die Kinnladen runter\u2026 soviel Regen hat\u2019s jedenfalls lange nicht mehr gegeben, vernehme ich.<\/p>\n<p>Das gibt mir die Gelegenheit, meine Fotos zu bearbeiten, die ich in Filisur und im Oberengadin mit meiner Leica aufnehmen konnte, parallel zu den Blog-Handybildern. In besonderen Situationen, Bilder ohne Effekthascherei &#8211; wie es die Blogfotografie ja gerne verlangt, sondern Motive, die wegen ihrer besonderen (Licht-) Stimmung und Grafik ausstellungsw\u00fcrdig sein k\u00f6nnten.<\/p>\n<p>Hier gleich einmal einer meiner Lieblinge, der Blick von der Silser Halbinsel Chast\u00e8 \u00fcber den Silser See Richtung Maloja &#8211; ein Paradebeispiel f\u00fcr die Sch\u00f6nheit und Besonderheit des Oberengadins. Die Originaldatei misst fast 300 MB, was f\u00fcr eine extreme Detailsch\u00e4rfe sorgt. *Hach*, war das ein sch\u00f6ner Tag, der vergangene Freitag:<\/p>\n<p><img loading=\"lazy\" decoding=\"async\" class=\"alignnone size-full wp-image-22329\" src=\"https:\/\/jessel.de\/365-tage-sylt\/wp-content\/uploads\/2025\/10\/IMG_3503.jpeg\" alt=\"\" width=\"1500\" height=\"578\" srcset=\"https:\/\/jessel.de\/365-tage-sylt\/wp-content\/uploads\/2025\/10\/IMG_3503.jpeg 1500w, https:\/\/jessel.de\/365-tage-sylt\/wp-content\/uploads\/2025\/10\/IMG_3503-300x116.jpeg 300w, https:\/\/jessel.de\/365-tage-sylt\/wp-content\/uploads\/2025\/10\/IMG_3503-1024x395.jpeg 1024w, https:\/\/jessel.de\/365-tage-sylt\/wp-content\/uploads\/2025\/10\/IMG_3503-768x296.jpeg 768w\" sizes=\"auto, (max-width: 1500px) 100vw, 1500px\" \/><\/p>\n<p>Ich merke gerade, meine Seele reist noch. Die DB war doch zu flink\u2026<\/p>\n","protected":false},"excerpt":{"rendered":"<p>Unsere armen H\u00fchner sitzen nur noch auf der zumindest halbwegs trockenen Gartenterrasse herum, weil sie nicht den ganzen Tag auf dem morastigen Rasen herumlaufen m\u00f6gen. Und als ich heute fr\u00fch im Fitnessstudio am Tresen die Frage stelle, wie denn das Wetter w\u00e4hrend meiner Abwesenheit so war, klappen ringsherum die Kinnladen runter\u2026 soviel Regen hat\u2019s jedenfalls lange nicht mehr gegeben, vernehme ich. Das gibt mir die Gelegenheit, meine Fotos zu bearbeiten,&hellip;<\/p>\n","protected":false},"author":2,"featured_media":22328,"comment_status":"open","ping_status":"open","sticky":false,"template":"","format":"standard","meta":{"footnotes":""},"categories":[27,39,48,3,35,2,7],"tags":[],"class_list":["post-22327","post","type-post","status-publish","format-standard","has-post-thumbnail","hentry","category-alle-bilder","category-arbeit","category-herbst","category-menschen","category-schlechtes-wetter","category-tourismus","category-westerland"],"jetpack_featured_media_url":"https:\/\/jessel.de\/365-tage-sylt\/wp-content\/uploads\/2025\/10\/IMG_3504.jpeg","_links":{"self":[{"href":"https:\/\/jessel.de\/365-tage-sylt\/wp-json\/wp\/v2\/posts\/22327","targetHints":{"allow":["GET"]}}],"collection":[{"href":"https:\/\/jessel.de\/365-tage-sylt\/wp-json\/wp\/v2\/posts"}],"about":[{"href":"https:\/\/jessel.de\/365-tage-sylt\/wp-json\/wp\/v2\/types\/post"}],"author":[{"embeddable":true,"href":"https:\/\/jessel.de\/365-tage-sylt\/wp-json\/wp\/v2\/users\/2"}],"replies":[{"embeddable":true,"href":"https:\/\/jessel.de\/365-tage-sylt\/wp-json\/wp\/v2\/comments?post=22327"}],"version-history":[{"count":7,"href":"https:\/\/jessel.de\/365-tage-sylt\/wp-json\/wp\/v2\/posts\/22327\/revisions"}],"predecessor-version":[{"id":22341,"href":"https:\/\/jessel.de\/365-tage-sylt\/wp-json\/wp\/v2\/posts\/22327\/revisions\/22341"}],"wp:featuredmedia":[{"embeddable":true,"href":"https:\/\/jessel.de\/365-tage-sylt\/wp-json\/wp\/v2\/media\/22328"}],"wp:attachment":[{"href":"https:\/\/jessel.de\/365-tage-sylt\/wp-json\/wp\/v2\/media?parent=22327"}],"wp:term":[{"taxonomy":"category","embeddable":true,"href":"https:\/\/jessel.de\/365-tage-sylt\/wp-json\/wp\/v2\/categories?post=22327"},{"taxonomy":"post_tag","embeddable":true,"href":"https:\/\/jessel.de\/365-tage-sylt\/wp-json\/wp\/v2\/tags?post=22327"}],"curies":[{"name":"wp","href":"https:\/\/api.w.org\/{rel}","templated":true}]}}