{"id":22342,"date":"2025-10-29T17:54:07","date_gmt":"2025-10-29T17:54:07","guid":{"rendered":"https:\/\/jessel.de\/365-tage-sylt\/?p=22342"},"modified":"2025-10-29T18:08:07","modified_gmt":"2025-10-29T18:08:07","slug":"29-oktober-ein-letztes-mal-bilder-meiner-schweizreise","status":"publish","type":"post","link":"https:\/\/jessel.de\/365-tage-sylt\/29-oktober-ein-letztes-mal-bilder-meiner-schweizreise\/","title":{"rendered":"29. Oktober: Ein letztes Mal: Bilder meiner Schweizreise"},"content":{"rendered":"<p>Den heutigen weiteren Regentag konnte ich f\u00fcr die Bearbeitung der restlichen Fotos meiner Graub\u00fcnden-Reise nutzen. Schwerpunkt meiner Kamera-Motive (anders als bei den Handy-Blogfotos) lag bei den Landschaften ohne Menschen. Beim heutigen Titelmotiv habe ich gerne eine Ausnahme gemacht.<\/p>\n<p>So intensiv habe ich L\u00e4rchen noch nie leuchten gesehen\u2026:<br \/>\n<img loading=\"lazy\" decoding=\"async\" class=\"alignnone size-full wp-image-22347\" src=\"https:\/\/jessel.de\/365-tage-sylt\/wp-content\/uploads\/2025\/10\/IMG_3507.jpeg\" alt=\"\" width=\"1205\" height=\"800\" srcset=\"https:\/\/jessel.de\/365-tage-sylt\/wp-content\/uploads\/2025\/10\/IMG_3507.jpeg 1205w, https:\/\/jessel.de\/365-tage-sylt\/wp-content\/uploads\/2025\/10\/IMG_3507-300x199.jpeg 300w, https:\/\/jessel.de\/365-tage-sylt\/wp-content\/uploads\/2025\/10\/IMG_3507-1024x680.jpeg 1024w, https:\/\/jessel.de\/365-tage-sylt\/wp-content\/uploads\/2025\/10\/IMG_3507-768x510.jpeg 768w\" sizes=\"auto, (max-width: 1205px) 100vw, 1205px\" \/><br \/>\nFasziniert hat mich auch das Thema \u201aLandschaft und landschaftsgerechte Architektur\u2018\u2026:<\/p>\n<p><img loading=\"lazy\" decoding=\"async\" class=\"alignnone size-full wp-image-22349\" src=\"https:\/\/jessel.de\/365-tage-sylt\/wp-content\/uploads\/2025\/10\/IMG_3499-1.jpeg\" alt=\"\" width=\"1205\" height=\"800\" srcset=\"https:\/\/jessel.de\/365-tage-sylt\/wp-content\/uploads\/2025\/10\/IMG_3499-1.jpeg 1205w, https:\/\/jessel.de\/365-tage-sylt\/wp-content\/uploads\/2025\/10\/IMG_3499-1-300x199.jpeg 300w, https:\/\/jessel.de\/365-tage-sylt\/wp-content\/uploads\/2025\/10\/IMG_3499-1-1024x680.jpeg 1024w, https:\/\/jessel.de\/365-tage-sylt\/wp-content\/uploads\/2025\/10\/IMG_3499-1-768x510.jpeg 768w\" sizes=\"auto, (max-width: 1205px) 100vw, 1205px\" \/><\/p>\n<p>\u2026 die R\u00fccksicht nimmt auf ihre nat\u00fcrliche Umgebung, und die Bereitschaft zeigt, sich dieser unterzuordnen:<\/p>\n<p><img loading=\"lazy\" decoding=\"async\" class=\"alignnone size-full wp-image-22348\" src=\"https:\/\/jessel.de\/365-tage-sylt\/wp-content\/uploads\/2025\/10\/IMG_3512.jpeg\" alt=\"\" width=\"1256\" height=\"800\" srcset=\"https:\/\/jessel.de\/365-tage-sylt\/wp-content\/uploads\/2025\/10\/IMG_3512.jpeg 1256w, https:\/\/jessel.de\/365-tage-sylt\/wp-content\/uploads\/2025\/10\/IMG_3512-300x191.jpeg 300w, https:\/\/jessel.de\/365-tage-sylt\/wp-content\/uploads\/2025\/10\/IMG_3512-1024x652.jpeg 1024w, https:\/\/jessel.de\/365-tage-sylt\/wp-content\/uploads\/2025\/10\/IMG_3512-768x489.jpeg 768w\" sizes=\"auto, (max-width: 1256px) 100vw, 1256px\" \/><\/p>\n<p>\u2026 und das durchdringende Pfeifen der Z\u00fcge, das Kreischen der metallenen R\u00e4der in den Kurven und das Rumpeln w\u00e4hrend der Tunneldurchfahrten sind zu Ger\u00e4uschen geworden, die mir, zur\u00fcck auf der Insel, noch lange nachklingen werden:<\/p>\n<p><img loading=\"lazy\" decoding=\"async\" class=\"alignnone size-full wp-image-22350\" src=\"https:\/\/jessel.de\/365-tage-sylt\/wp-content\/uploads\/2025\/10\/IMG_3508-1.jpeg\" alt=\"\" width=\"1205\" height=\"800\" srcset=\"https:\/\/jessel.de\/365-tage-sylt\/wp-content\/uploads\/2025\/10\/IMG_3508-1.jpeg 1205w, https:\/\/jessel.de\/365-tage-sylt\/wp-content\/uploads\/2025\/10\/IMG_3508-1-300x199.jpeg 300w, https:\/\/jessel.de\/365-tage-sylt\/wp-content\/uploads\/2025\/10\/IMG_3508-1-1024x680.jpeg 1024w, https:\/\/jessel.de\/365-tage-sylt\/wp-content\/uploads\/2025\/10\/IMG_3508-1-768x510.jpeg 768w\" sizes=\"auto, (max-width: 1205px) 100vw, 1205px\" \/><\/p>\n<p>&nbsp;<\/p>\n","protected":false},"excerpt":{"rendered":"<p>Den heutigen weiteren Regentag konnte ich f\u00fcr die Bearbeitung der restlichen Fotos meiner Graub\u00fcnden-Reise nutzen. Schwerpunkt meiner Kamera-Motive (anders als bei den Handy-Blogfotos) lag bei den Landschaften ohne Menschen. Beim heutigen Titelmotiv habe ich gerne eine Ausnahme gemacht. So intensiv habe ich L\u00e4rchen noch nie leuchten gesehen\u2026: Fasziniert hat mich auch das Thema \u201aLandschaft und landschaftsgerechte Architektur\u2018\u2026: \u2026 die R\u00fccksicht nimmt auf ihre nat\u00fcrliche Umgebung, und die Bereitschaft zeigt, sich&hellip;<\/p>\n","protected":false},"author":2,"featured_media":22343,"comment_status":"open","ping_status":"open","sticky":false,"template":"","format":"standard","meta":{"footnotes":""},"categories":[27,39,48,3,44,52,4,33],"tags":[],"class_list":["post-22342","post","type-post","status-publish","format-standard","has-post-thumbnail","hentry","category-alle-bilder","category-arbeit","category-herbst","category-menschen","category-pflanzen","category-schnee","category-spuren","category-woanders"],"jetpack_featured_media_url":"https:\/\/jessel.de\/365-tage-sylt\/wp-content\/uploads\/2025\/10\/IMG_3519.jpeg","_links":{"self":[{"href":"https:\/\/jessel.de\/365-tage-sylt\/wp-json\/wp\/v2\/posts\/22342","targetHints":{"allow":["GET"]}}],"collection":[{"href":"https:\/\/jessel.de\/365-tage-sylt\/wp-json\/wp\/v2\/posts"}],"about":[{"href":"https:\/\/jessel.de\/365-tage-sylt\/wp-json\/wp\/v2\/types\/post"}],"author":[{"embeddable":true,"href":"https:\/\/jessel.de\/365-tage-sylt\/wp-json\/wp\/v2\/users\/2"}],"replies":[{"embeddable":true,"href":"https:\/\/jessel.de\/365-tage-sylt\/wp-json\/wp\/v2\/comments?post=22342"}],"version-history":[{"count":5,"href":"https:\/\/jessel.de\/365-tage-sylt\/wp-json\/wp\/v2\/posts\/22342\/revisions"}],"predecessor-version":[{"id":22355,"href":"https:\/\/jessel.de\/365-tage-sylt\/wp-json\/wp\/v2\/posts\/22342\/revisions\/22355"}],"wp:featuredmedia":[{"embeddable":true,"href":"https:\/\/jessel.de\/365-tage-sylt\/wp-json\/wp\/v2\/media\/22343"}],"wp:attachment":[{"href":"https:\/\/jessel.de\/365-tage-sylt\/wp-json\/wp\/v2\/media?parent=22342"}],"wp:term":[{"taxonomy":"category","embeddable":true,"href":"https:\/\/jessel.de\/365-tage-sylt\/wp-json\/wp\/v2\/categories?post=22342"},{"taxonomy":"post_tag","embeddable":true,"href":"https:\/\/jessel.de\/365-tage-sylt\/wp-json\/wp\/v2\/tags?post=22342"}],"curies":[{"name":"wp","href":"https:\/\/api.w.org\/{rel}","templated":true}]}}