{"id":22356,"date":"2025-10-31T07:47:36","date_gmt":"2025-10-31T07:47:36","guid":{"rendered":"https:\/\/jessel.de\/365-tage-sylt\/?p=22356"},"modified":"2025-10-31T07:48:46","modified_gmt":"2025-10-31T07:48:46","slug":"30-oktober-sylt-eine-seenlandschaft","status":"publish","type":"post","link":"https:\/\/jessel.de\/365-tage-sylt\/30-oktober-sylt-eine-seenlandschaft\/","title":{"rendered":"30. Oktober: Sylt &#8211; eine Seenlandschaft"},"content":{"rendered":"<p>Es regnet die komplette Nach durch. Erst gegen 7 Uhr am Morgen wechselt es zu Schauerwetter. Hier die aktuelle Lage:<\/p>\n<p><img loading=\"lazy\" decoding=\"async\" class=\"alignnone size-full wp-image-22358\" src=\"https:\/\/jessel.de\/365-tage-sylt\/wp-content\/uploads\/2025\/10\/IMG_3528.jpeg\" alt=\"\" width=\"800\" height=\"1100\" srcset=\"https:\/\/jessel.de\/365-tage-sylt\/wp-content\/uploads\/2025\/10\/IMG_3528.jpeg 800w, https:\/\/jessel.de\/365-tage-sylt\/wp-content\/uploads\/2025\/10\/IMG_3528-218x300.jpeg 218w, https:\/\/jessel.de\/365-tage-sylt\/wp-content\/uploads\/2025\/10\/IMG_3528-745x1024.jpeg 745w, https:\/\/jessel.de\/365-tage-sylt\/wp-content\/uploads\/2025\/10\/IMG_3528-768x1056.jpeg 768w\" sizes=\"auto, (max-width: 800px) 100vw, 800px\" \/><\/p>\n<p>Immerhin entwickelt sich ein recht sch\u00f6ner Tag, den ich allerdings wegen anderweitiger Verpflichtungen nicht f\u00fcr weitere Fotos nutzen kann. (Emoji Bedauern ausdr\u00fcck)<\/p>\n","protected":false},"excerpt":{"rendered":"<p>Es regnet die komplette Nach durch. Erst gegen 7 Uhr am Morgen wechselt es zu Schauerwetter. Hier die aktuelle Lage: Immerhin entwickelt sich ein recht sch\u00f6ner Tag, den ich allerdings wegen anderweitiger Verpflichtungen nicht f\u00fcr weitere Fotos nutzen kann. (Emoji Bedauern ausdr\u00fcck)<\/p>\n","protected":false},"author":2,"featured_media":22357,"comment_status":"open","ping_status":"open","sticky":false,"template":"","format":"standard","meta":{"footnotes":""},"categories":[27,39,28,48,35,4,7],"tags":[],"class_list":["post-22356","post","type-post","status-publish","format-standard","has-post-thumbnail","hentry","category-alle-bilder","category-arbeit","category-haeuser","category-herbst","category-schlechtes-wetter","category-spuren","category-westerland"],"jetpack_featured_media_url":"https:\/\/jessel.de\/365-tage-sylt\/wp-content\/uploads\/2025\/10\/IMG_3527.jpeg","_links":{"self":[{"href":"https:\/\/jessel.de\/365-tage-sylt\/wp-json\/wp\/v2\/posts\/22356","targetHints":{"allow":["GET"]}}],"collection":[{"href":"https:\/\/jessel.de\/365-tage-sylt\/wp-json\/wp\/v2\/posts"}],"about":[{"href":"https:\/\/jessel.de\/365-tage-sylt\/wp-json\/wp\/v2\/types\/post"}],"author":[{"embeddable":true,"href":"https:\/\/jessel.de\/365-tage-sylt\/wp-json\/wp\/v2\/users\/2"}],"replies":[{"embeddable":true,"href":"https:\/\/jessel.de\/365-tage-sylt\/wp-json\/wp\/v2\/comments?post=22356"}],"version-history":[{"count":2,"href":"https:\/\/jessel.de\/365-tage-sylt\/wp-json\/wp\/v2\/posts\/22356\/revisions"}],"predecessor-version":[{"id":22360,"href":"https:\/\/jessel.de\/365-tage-sylt\/wp-json\/wp\/v2\/posts\/22356\/revisions\/22360"}],"wp:featuredmedia":[{"embeddable":true,"href":"https:\/\/jessel.de\/365-tage-sylt\/wp-json\/wp\/v2\/media\/22357"}],"wp:attachment":[{"href":"https:\/\/jessel.de\/365-tage-sylt\/wp-json\/wp\/v2\/media?parent=22356"}],"wp:term":[{"taxonomy":"category","embeddable":true,"href":"https:\/\/jessel.de\/365-tage-sylt\/wp-json\/wp\/v2\/categories?post=22356"},{"taxonomy":"post_tag","embeddable":true,"href":"https:\/\/jessel.de\/365-tage-sylt\/wp-json\/wp\/v2\/tags?post=22356"}],"curies":[{"name":"wp","href":"https:\/\/api.w.org\/{rel}","templated":true}]}}