{"id":22738,"date":"2025-12-08T06:15:22","date_gmt":"2025-12-08T06:15:22","guid":{"rendered":"https:\/\/jessel.de\/365-tage-sylt\/?p=22738"},"modified":"2025-12-08T06:16:03","modified_gmt":"2025-12-08T06:16:03","slug":"4-7-dezember-dann-eben-weihnachtsmarkt","status":"publish","type":"post","link":"https:\/\/jessel.de\/365-tage-sylt\/4-7-dezember-dann-eben-weihnachtsmarkt\/","title":{"rendered":"4. &#8211; 7. Dezember: Dann eben\u2026: Weihnachtsmarkt"},"content":{"rendered":"<p>Wie versprochen, bleibt die Sonne verschollen. Nein, falsch: Um kurz nach 15 Uhr dringt sie heute \u00fcberraschend f\u00fcr wenige Minuten durch das Wolken-Grau. Ich gleich r\u00fcber zur Promenade, in Erwartung einer Licht-Show sondergleichen, da verschwindet sie bereits wieder\u2026 aber der kurze Lichtblick tat gut, zumal es morgen sogar f\u00fcr zwei Stunden reichen k\u00f6nnte. Stirbt die Hoffnung zuletzt? Eindeutig: JA!<\/p>\n","protected":false},"excerpt":{"rendered":"<p>Wie versprochen, bleibt die Sonne verschollen. Nein, falsch: Um kurz nach 15 Uhr dringt sie heute \u00fcberraschend f\u00fcr wenige Minuten durch das Wolken-Grau. Ich gleich r\u00fcber zur Promenade, in Erwartung einer Licht-Show sondergleichen, da verschwindet sie bereits wieder\u2026 aber der kurze Lichtblick tat gut, zumal es morgen sogar f\u00fcr zwei Stunden reichen k\u00f6nnte. Stirbt die Hoffnung zuletzt? Eindeutig: JA!<\/p>\n","protected":false},"author":2,"featured_media":22739,"comment_status":"open","ping_status":"open","sticky":false,"template":"","format":"standard","meta":{"footnotes":""},"categories":[27,39,28,48,43,3,35,30,7],"tags":[],"class_list":["post-22738","post","type-post","status-publish","format-standard","has-post-thumbnail","hentry","category-alle-bilder","category-arbeit","category-haeuser","category-herbst","category-kulinarik","category-menschen","category-schlechtes-wetter","category-tradition","category-westerland"],"jetpack_featured_media_url":"https:\/\/jessel.de\/365-tage-sylt\/wp-content\/uploads\/2025\/12\/IMG_3926.jpeg","_links":{"self":[{"href":"https:\/\/jessel.de\/365-tage-sylt\/wp-json\/wp\/v2\/posts\/22738","targetHints":{"allow":["GET"]}}],"collection":[{"href":"https:\/\/jessel.de\/365-tage-sylt\/wp-json\/wp\/v2\/posts"}],"about":[{"href":"https:\/\/jessel.de\/365-tage-sylt\/wp-json\/wp\/v2\/types\/post"}],"author":[{"embeddable":true,"href":"https:\/\/jessel.de\/365-tage-sylt\/wp-json\/wp\/v2\/users\/2"}],"replies":[{"embeddable":true,"href":"https:\/\/jessel.de\/365-tage-sylt\/wp-json\/wp\/v2\/comments?post=22738"}],"version-history":[{"count":2,"href":"https:\/\/jessel.de\/365-tage-sylt\/wp-json\/wp\/v2\/posts\/22738\/revisions"}],"predecessor-version":[{"id":22741,"href":"https:\/\/jessel.de\/365-tage-sylt\/wp-json\/wp\/v2\/posts\/22738\/revisions\/22741"}],"wp:featuredmedia":[{"embeddable":true,"href":"https:\/\/jessel.de\/365-tage-sylt\/wp-json\/wp\/v2\/media\/22739"}],"wp:attachment":[{"href":"https:\/\/jessel.de\/365-tage-sylt\/wp-json\/wp\/v2\/media?parent=22738"}],"wp:term":[{"taxonomy":"category","embeddable":true,"href":"https:\/\/jessel.de\/365-tage-sylt\/wp-json\/wp\/v2\/categories?post=22738"},{"taxonomy":"post_tag","embeddable":true,"href":"https:\/\/jessel.de\/365-tage-sylt\/wp-json\/wp\/v2\/tags?post=22738"}],"curies":[{"name":"wp","href":"https:\/\/api.w.org\/{rel}","templated":true}]}}