{"id":22742,"date":"2025-12-08T20:47:43","date_gmt":"2025-12-08T20:47:43","guid":{"rendered":"https:\/\/jessel.de\/365-tage-sylt\/?p=22742"},"modified":"2025-12-08T20:51:54","modified_gmt":"2025-12-08T20:51:54","slug":"8-dezember-ein-ganz-wunderbares-foto","status":"publish","type":"post","link":"https:\/\/jessel.de\/365-tage-sylt\/8-dezember-ein-ganz-wunderbares-foto\/","title":{"rendered":"8. Dezember: Ein ganz wunderbares Foto\u2026"},"content":{"rendered":"<p>\u2026, das meinen seelischen Zustand aufgrund der D\u00fcsternis der letzten Woche verbl\u00fcffend gut trifft, macht mir heute vormittag viel Freude. \u00dcberhaupt habe ich mir das winterliche Halblicht zum Thema gemacht\u2026:<\/p>\n<p><img loading=\"lazy\" decoding=\"async\" class=\"alignnone size-full wp-image-22749\" src=\"https:\/\/jessel.de\/365-tage-sylt\/wp-content\/uploads\/2025\/12\/IMG_3927.jpeg\" alt=\"\" width=\"1204\" height=\"800\" srcset=\"https:\/\/jessel.de\/365-tage-sylt\/wp-content\/uploads\/2025\/12\/IMG_3927.jpeg 1204w, https:\/\/jessel.de\/365-tage-sylt\/wp-content\/uploads\/2025\/12\/IMG_3927-300x199.jpeg 300w, https:\/\/jessel.de\/365-tage-sylt\/wp-content\/uploads\/2025\/12\/IMG_3927-1024x680.jpeg 1024w, https:\/\/jessel.de\/365-tage-sylt\/wp-content\/uploads\/2025\/12\/IMG_3927-768x510.jpeg 768w\" sizes=\"auto, (max-width: 1204px) 100vw, 1204px\" \/><\/p>\n<p>\u2026 und verfolge dieses in Westerlands Forsten\u2026:<\/p>\n<p><img loading=\"lazy\" decoding=\"async\" class=\"alignnone size-full wp-image-22744\" src=\"https:\/\/jessel.de\/365-tage-sylt\/wp-content\/uploads\/2025\/12\/IMG_3932.jpeg\" alt=\"\" width=\"1204\" height=\"800\" srcset=\"https:\/\/jessel.de\/365-tage-sylt\/wp-content\/uploads\/2025\/12\/IMG_3932.jpeg 1204w, https:\/\/jessel.de\/365-tage-sylt\/wp-content\/uploads\/2025\/12\/IMG_3932-300x199.jpeg 300w, https:\/\/jessel.de\/365-tage-sylt\/wp-content\/uploads\/2025\/12\/IMG_3932-1024x680.jpeg 1024w, https:\/\/jessel.de\/365-tage-sylt\/wp-content\/uploads\/2025\/12\/IMG_3932-768x510.jpeg 768w\" sizes=\"auto, (max-width: 1204px) 100vw, 1204px\" \/><\/p>\n<p>\u2026 und auch beim Gang an den Strand:<\/p>\n<p><img loading=\"lazy\" decoding=\"async\" class=\"alignnone size-full wp-image-22746\" src=\"https:\/\/jessel.de\/365-tage-sylt\/wp-content\/uploads\/2025\/12\/IMG_3930.jpeg\" alt=\"\" width=\"1204\" height=\"800\" srcset=\"https:\/\/jessel.de\/365-tage-sylt\/wp-content\/uploads\/2025\/12\/IMG_3930.jpeg 1204w, https:\/\/jessel.de\/365-tage-sylt\/wp-content\/uploads\/2025\/12\/IMG_3930-300x199.jpeg 300w, https:\/\/jessel.de\/365-tage-sylt\/wp-content\/uploads\/2025\/12\/IMG_3930-1024x680.jpeg 1024w, https:\/\/jessel.de\/365-tage-sylt\/wp-content\/uploads\/2025\/12\/IMG_3930-768x510.jpeg 768w\" sizes=\"auto, (max-width: 1204px) 100vw, 1204px\" \/><\/p>\n<p>Auch dort begegnen mir veritable \u201eDunkle Gesellen\u201c &#8211; sicher erinnert Ihr diesen Ausdruck aus den Ausstellungen, die ich gemeinsam mit dem expressionistischen Malerkollegen Lars Wiggert zeigte:<\/p>\n<p><img loading=\"lazy\" decoding=\"async\" class=\"alignnone size-full wp-image-22748\" src=\"https:\/\/jessel.de\/365-tage-sylt\/wp-content\/uploads\/2025\/12\/IMG_3928.jpeg\" alt=\"\" width=\"1457\" height=\"800\" srcset=\"https:\/\/jessel.de\/365-tage-sylt\/wp-content\/uploads\/2025\/12\/IMG_3928.jpeg 1457w, https:\/\/jessel.de\/365-tage-sylt\/wp-content\/uploads\/2025\/12\/IMG_3928-300x165.jpeg 300w, https:\/\/jessel.de\/365-tage-sylt\/wp-content\/uploads\/2025\/12\/IMG_3928-1024x562.jpeg 1024w, https:\/\/jessel.de\/365-tage-sylt\/wp-content\/uploads\/2025\/12\/IMG_3928-768x422.jpeg 768w\" sizes=\"auto, (max-width: 1457px) 100vw, 1457px\" \/><\/p>\n<p>Leider kommt der Zauber des heutigen Titelbildes im Blog-Kleinformat kaum zur Geltung. Umso faszinierender ist es im Gro\u00dfformat, das alle Schatten-Nuancen zeigt. Ein Print in der Gr\u00f6\u00dfe 100\/150 cm w\u00e4re der Knaller.<\/p>\n<p>\u00dcbrigens gab\u2019s heute insgesamt fast vier Stunden Sonnenschein (meist hinter d\u00fcnnen Schleierwolken), und prompt ist mein Zustand ein besserer\u2026 ;-). Das schreibe ich, weil schon besorgte Anfragen kamen\u2026. danke daf\u00fcr!<\/p>\n","protected":false},"excerpt":{"rendered":"<p>\u2026, das meinen seelischen Zustand aufgrund der D\u00fcsternis der letzten Woche verbl\u00fcffend gut trifft, macht mir heute vormittag viel Freude. \u00dcberhaupt habe ich mir das winterliche Halblicht zum Thema gemacht\u2026: \u2026 und verfolge dieses in Westerlands Forsten\u2026: \u2026 und auch beim Gang an den Strand: Auch dort begegnen mir veritable \u201eDunkle Gesellen\u201c &#8211; sicher erinnert Ihr diesen Ausdruck aus den Ausstellungen, die ich gemeinsam mit dem expressionistischen Malerkollegen Lars Wiggert&hellip;<\/p>\n","protected":false},"author":2,"featured_media":22743,"comment_status":"open","ping_status":"open","sticky":false,"template":"","format":"standard","meta":{"footnotes":""},"categories":[27,39,48,44,4,7],"tags":[],"class_list":["post-22742","post","type-post","status-publish","format-standard","has-post-thumbnail","hentry","category-alle-bilder","category-arbeit","category-herbst","category-pflanzen","category-spuren","category-westerland"],"jetpack_featured_media_url":"https:\/\/jessel.de\/365-tage-sylt\/wp-content\/uploads\/2025\/12\/IMG_3933.jpeg","_links":{"self":[{"href":"https:\/\/jessel.de\/365-tage-sylt\/wp-json\/wp\/v2\/posts\/22742","targetHints":{"allow":["GET"]}}],"collection":[{"href":"https:\/\/jessel.de\/365-tage-sylt\/wp-json\/wp\/v2\/posts"}],"about":[{"href":"https:\/\/jessel.de\/365-tage-sylt\/wp-json\/wp\/v2\/types\/post"}],"author":[{"embeddable":true,"href":"https:\/\/jessel.de\/365-tage-sylt\/wp-json\/wp\/v2\/users\/2"}],"replies":[{"embeddable":true,"href":"https:\/\/jessel.de\/365-tage-sylt\/wp-json\/wp\/v2\/comments?post=22742"}],"version-history":[{"count":4,"href":"https:\/\/jessel.de\/365-tage-sylt\/wp-json\/wp\/v2\/posts\/22742\/revisions"}],"predecessor-version":[{"id":22753,"href":"https:\/\/jessel.de\/365-tage-sylt\/wp-json\/wp\/v2\/posts\/22742\/revisions\/22753"}],"wp:featuredmedia":[{"embeddable":true,"href":"https:\/\/jessel.de\/365-tage-sylt\/wp-json\/wp\/v2\/media\/22743"}],"wp:attachment":[{"href":"https:\/\/jessel.de\/365-tage-sylt\/wp-json\/wp\/v2\/media?parent=22742"}],"wp:term":[{"taxonomy":"category","embeddable":true,"href":"https:\/\/jessel.de\/365-tage-sylt\/wp-json\/wp\/v2\/categories?post=22742"},{"taxonomy":"post_tag","embeddable":true,"href":"https:\/\/jessel.de\/365-tage-sylt\/wp-json\/wp\/v2\/tags?post=22742"}],"curies":[{"name":"wp","href":"https:\/\/api.w.org\/{rel}","templated":true}]}}