{"id":2292,"date":"2017-08-29T18:45:04","date_gmt":"2017-08-29T18:45:04","guid":{"rendered":"http:\/\/jessel.de\/365-tage-sylt\/?p=2292"},"modified":"2017-08-29T19:24:57","modified_gmt":"2017-08-29T19:24:57","slug":"gruesse-vom-campingplatz-in-kampen","status":"publish","type":"post","link":"https:\/\/jessel.de\/365-tage-sylt\/gruesse-vom-campingplatz-in-kampen\/","title":{"rendered":"Gr\u00fc\u00dfe vom Campingplatz in Kampen!"},"content":{"rendered":"<p>Wir sind von Freunden eingeladen zu einem abendlichen Treffen aufm Kampener Campingplatz. Aber das ist ja schon das Ende des Tages. Fangen wir mal von vorne an&#8230;<\/p>\n<p>Ich radel&#8216; im Morgengrauen \u00fcber \u00a0Rantum auf den Rantum Becken Deich. Strammer S\u00fcdwind, das Watt riecht wie Fischsuppe am 4. Tag. Sehr dunstig. Die Sonne k\u00e4mpft sich erst 20 Minuten nach Aufgang durch die Wolken:<\/p>\n<p><img loading=\"lazy\" decoding=\"async\" class=\"alignnone size-full wp-image-2296\" src=\"http:\/\/jessel.de\/365-tage-sylt\/wp-content\/uploads\/2017\/08\/L1006955.jpg\" alt=\"\" width=\"1204\" height=\"800\" srcset=\"https:\/\/jessel.de\/365-tage-sylt\/wp-content\/uploads\/2017\/08\/L1006955.jpg 1204w, https:\/\/jessel.de\/365-tage-sylt\/wp-content\/uploads\/2017\/08\/L1006955-300x199.jpg 300w, https:\/\/jessel.de\/365-tage-sylt\/wp-content\/uploads\/2017\/08\/L1006955-768x510.jpg 768w, https:\/\/jessel.de\/365-tage-sylt\/wp-content\/uploads\/2017\/08\/L1006955-1024x680.jpg 1024w\" sizes=\"auto, (max-width: 1204px) 100vw, 1204px\" \/><\/p>\n<p>F\u00fcr Fotos ist dieses Licht nicht geschaffen. Oder doch? F\u00fcr bl\u00fchende Hortensien nicht schlecht &#8211; fast wie im Studio:<\/p>\n<p><img loading=\"lazy\" decoding=\"async\" class=\"alignnone size-full wp-image-2297\" src=\"http:\/\/jessel.de\/365-tage-sylt\/wp-content\/uploads\/2017\/08\/L1006962.jpg\" alt=\"\" width=\"1204\" height=\"800\" srcset=\"https:\/\/jessel.de\/365-tage-sylt\/wp-content\/uploads\/2017\/08\/L1006962.jpg 1204w, https:\/\/jessel.de\/365-tage-sylt\/wp-content\/uploads\/2017\/08\/L1006962-300x199.jpg 300w, https:\/\/jessel.de\/365-tage-sylt\/wp-content\/uploads\/2017\/08\/L1006962-768x510.jpg 768w, https:\/\/jessel.de\/365-tage-sylt\/wp-content\/uploads\/2017\/08\/L1006962-1024x680.jpg 1024w\" sizes=\"auto, (max-width: 1204px) 100vw, 1204px\" \/><\/p>\n<p>F\u00fcr Urbane Architektur &#8211; \u00a0Impressionen eignet sich der Dunst-Reflektor auch:<\/p>\n<p><img loading=\"lazy\" decoding=\"async\" class=\"alignnone size-full wp-image-2298\" src=\"http:\/\/jessel.de\/365-tage-sylt\/wp-content\/uploads\/2017\/08\/L1006970.jpg\" alt=\"\" width=\"1204\" height=\"800\" srcset=\"https:\/\/jessel.de\/365-tage-sylt\/wp-content\/uploads\/2017\/08\/L1006970.jpg 1204w, https:\/\/jessel.de\/365-tage-sylt\/wp-content\/uploads\/2017\/08\/L1006970-300x199.jpg 300w, https:\/\/jessel.de\/365-tage-sylt\/wp-content\/uploads\/2017\/08\/L1006970-768x510.jpg 768w, https:\/\/jessel.de\/365-tage-sylt\/wp-content\/uploads\/2017\/08\/L1006970-1024x680.jpg 1024w\" sizes=\"auto, (max-width: 1204px) 100vw, 1204px\" \/><\/p>\n<p>Bald nach 9 Uhr wird&#8217;s klarer. Ich gehe \u00fcber die Promenade. Hier alles beim Alten:<\/p>\n<p><img loading=\"lazy\" decoding=\"async\" class=\"alignnone size-full wp-image-2301\" src=\"http:\/\/jessel.de\/365-tage-sylt\/wp-content\/uploads\/2017\/08\/L1006983.jpg\" alt=\"\" width=\"1204\" height=\"800\" srcset=\"https:\/\/jessel.de\/365-tage-sylt\/wp-content\/uploads\/2017\/08\/L1006983.jpg 1204w, https:\/\/jessel.de\/365-tage-sylt\/wp-content\/uploads\/2017\/08\/L1006983-300x199.jpg 300w, https:\/\/jessel.de\/365-tage-sylt\/wp-content\/uploads\/2017\/08\/L1006983-768x510.jpg 768w, https:\/\/jessel.de\/365-tage-sylt\/wp-content\/uploads\/2017\/08\/L1006983-1024x680.jpg 1024w\" sizes=\"auto, (max-width: 1204px) 100vw, 1204px\" \/><\/p>\n<p>Der Ausdruck &#8222;BILDung&#8220; stammt \u00fcbrigens nicht von mir, sondern von meiner griesgr\u00e4migen Br\u00f6tchenverk\u00e4uferin, die den Fans dieses Pamphlets damit suggeriert, sie t\u00e4ten sich was Gutes.<\/p>\n<p>Am Strand herrscht zu dieser Zeit noch Ruhe:<\/p>\n<p><img loading=\"lazy\" decoding=\"async\" class=\"alignnone size-full wp-image-2300\" src=\"http:\/\/jessel.de\/365-tage-sylt\/wp-content\/uploads\/2017\/08\/L1006978-Kopie.jpg\" alt=\"\" width=\"2000\" height=\"779\" srcset=\"https:\/\/jessel.de\/365-tage-sylt\/wp-content\/uploads\/2017\/08\/L1006978-Kopie.jpg 2000w, https:\/\/jessel.de\/365-tage-sylt\/wp-content\/uploads\/2017\/08\/L1006978-Kopie-300x117.jpg 300w, https:\/\/jessel.de\/365-tage-sylt\/wp-content\/uploads\/2017\/08\/L1006978-Kopie-768x299.jpg 768w, https:\/\/jessel.de\/365-tage-sylt\/wp-content\/uploads\/2017\/08\/L1006978-Kopie-1024x399.jpg 1024w\" sizes=\"auto, (max-width: 2000px) 100vw, 2000px\" \/><\/p>\n<p>Nochmal Ruhe:<\/p>\n<p><img loading=\"lazy\" decoding=\"async\" class=\"alignnone size-full wp-image-2299\" src=\"http:\/\/jessel.de\/365-tage-sylt\/wp-content\/uploads\/2017\/08\/L1006974.jpg\" alt=\"\" width=\"1204\" height=\"800\" srcset=\"https:\/\/jessel.de\/365-tage-sylt\/wp-content\/uploads\/2017\/08\/L1006974.jpg 1204w, https:\/\/jessel.de\/365-tage-sylt\/wp-content\/uploads\/2017\/08\/L1006974-300x199.jpg 300w, https:\/\/jessel.de\/365-tage-sylt\/wp-content\/uploads\/2017\/08\/L1006974-768x510.jpg 768w, https:\/\/jessel.de\/365-tage-sylt\/wp-content\/uploads\/2017\/08\/L1006974-1024x680.jpg 1024w\" sizes=\"auto, (max-width: 1204px) 100vw, 1204px\" \/><\/p>\n<p>Als sich das bald nach 10 Uhr schlagartig zu \u00e4ndern beginnt, mache ich die Fliege:<\/p>\n<p><img loading=\"lazy\" decoding=\"async\" class=\"alignnone size-full wp-image-2302\" src=\"http:\/\/jessel.de\/365-tage-sylt\/wp-content\/uploads\/2017\/08\/L1006991.jpg\" alt=\"\" width=\"1204\" height=\"800\" srcset=\"https:\/\/jessel.de\/365-tage-sylt\/wp-content\/uploads\/2017\/08\/L1006991.jpg 1204w, https:\/\/jessel.de\/365-tage-sylt\/wp-content\/uploads\/2017\/08\/L1006991-300x199.jpg 300w, https:\/\/jessel.de\/365-tage-sylt\/wp-content\/uploads\/2017\/08\/L1006991-768x510.jpg 768w, https:\/\/jessel.de\/365-tage-sylt\/wp-content\/uploads\/2017\/08\/L1006991-1024x680.jpg 1024w\" sizes=\"auto, (max-width: 1204px) 100vw, 1204px\" \/><\/p>\n<p>&#8230; und geniesse den Nachmittag in Haus &amp; Garten&#8230; da bekomme ich Besuch:<\/p>\n<p><img loading=\"lazy\" decoding=\"async\" class=\"alignnone size-full wp-image-2294\" src=\"http:\/\/jessel.de\/365-tage-sylt\/wp-content\/uploads\/2017\/08\/IMG_1678.jpg\" alt=\"\" width=\"1067\" height=\"800\" srcset=\"https:\/\/jessel.de\/365-tage-sylt\/wp-content\/uploads\/2017\/08\/IMG_1678.jpg 1067w, https:\/\/jessel.de\/365-tage-sylt\/wp-content\/uploads\/2017\/08\/IMG_1678-300x225.jpg 300w, https:\/\/jessel.de\/365-tage-sylt\/wp-content\/uploads\/2017\/08\/IMG_1678-768x576.jpg 768w, https:\/\/jessel.de\/365-tage-sylt\/wp-content\/uploads\/2017\/08\/IMG_1678-1024x768.jpg 1024w\" sizes=\"auto, (max-width: 1067px) 100vw, 1067px\" \/><\/p>\n<p>Genau! Von Laura Kranich aus Kiel. Ich hatte Euch von der Gewitterwolken-Fotografin bereits berichtet. Nun ist sie nach Sylt gekommen, um in dieser Nacht Meeresleuchten zu fotografieren&#8230; Morgen mit einem der ersten Z\u00fcge zwischen 4 und 5 Uhr geht&#8217;s wieder aufs Festland zur\u00fcck. Wir schnacken ne Runde bei Tee und Kaffee, dann radelt sie los Richtung List. Dorthin, wo die Insel nachts am Dunkelsten ist&#8230; viel Erfolg, Laura!<\/p>\n","protected":false},"excerpt":{"rendered":"<p>Wir sind von Freunden eingeladen zu einem abendlichen Treffen aufm Kampener Campingplatz. Aber das ist ja schon das Ende des Tages. Fangen wir mal von vorne an&#8230; Ich radel&#8216; im Morgengrauen \u00fcber \u00a0Rantum auf den Rantum Becken Deich. Strammer S\u00fcdwind, das Watt riecht wie Fischsuppe am 4. Tag. Sehr dunstig. Die Sonne k\u00e4mpft sich erst 20 Minuten nach Aufgang durch die Wolken: F\u00fcr Fotos ist dieses Licht nicht geschaffen. Oder&hellip;<\/p>\n","protected":false},"author":2,"featured_media":2295,"comment_status":"open","ping_status":"open","sticky":false,"template":"","format":"standard","meta":{"footnotes":""},"categories":[27,25,43,3,44,46,2,29],"tags":[],"class_list":["post-2292","post","type-post","status-publish","format-standard","has-post-thumbnail","hentry","category-alle-bilder","category-kampen","category-kulinarik","category-menschen","category-pflanzen","category-sommer","category-tourismus","category-verkehr"],"jetpack_featured_media_url":"https:\/\/jessel.de\/365-tage-sylt\/wp-content\/uploads\/2017\/08\/IMG_1681.jpg","_links":{"self":[{"href":"https:\/\/jessel.de\/365-tage-sylt\/wp-json\/wp\/v2\/posts\/2292","targetHints":{"allow":["GET"]}}],"collection":[{"href":"https:\/\/jessel.de\/365-tage-sylt\/wp-json\/wp\/v2\/posts"}],"about":[{"href":"https:\/\/jessel.de\/365-tage-sylt\/wp-json\/wp\/v2\/types\/post"}],"author":[{"embeddable":true,"href":"https:\/\/jessel.de\/365-tage-sylt\/wp-json\/wp\/v2\/users\/2"}],"replies":[{"embeddable":true,"href":"https:\/\/jessel.de\/365-tage-sylt\/wp-json\/wp\/v2\/comments?post=2292"}],"version-history":[{"count":7,"href":"https:\/\/jessel.de\/365-tage-sylt\/wp-json\/wp\/v2\/posts\/2292\/revisions"}],"predecessor-version":[{"id":2308,"href":"https:\/\/jessel.de\/365-tage-sylt\/wp-json\/wp\/v2\/posts\/2292\/revisions\/2308"}],"wp:featuredmedia":[{"embeddable":true,"href":"https:\/\/jessel.de\/365-tage-sylt\/wp-json\/wp\/v2\/media\/2295"}],"wp:attachment":[{"href":"https:\/\/jessel.de\/365-tage-sylt\/wp-json\/wp\/v2\/media?parent=2292"}],"wp:term":[{"taxonomy":"category","embeddable":true,"href":"https:\/\/jessel.de\/365-tage-sylt\/wp-json\/wp\/v2\/categories?post=2292"},{"taxonomy":"post_tag","embeddable":true,"href":"https:\/\/jessel.de\/365-tage-sylt\/wp-json\/wp\/v2\/tags?post=2292"}],"curies":[{"name":"wp","href":"https:\/\/api.w.org\/{rel}","templated":true}]}}