{"id":23156,"date":"2026-01-26T19:23:02","date_gmt":"2026-01-26T19:23:02","guid":{"rendered":"https:\/\/jessel.de\/365-tage-sylt\/?p=23156"},"modified":"2026-01-27T05:58:07","modified_gmt":"2026-01-27T05:58:07","slug":"25-26-januar-ou-suis-je","status":"publish","type":"post","link":"https:\/\/jessel.de\/365-tage-sylt\/25-26-januar-ou-suis-je\/","title":{"rendered":"25.\/26. Januar: \u201eO\u00f9 suis-je?\u201c"},"content":{"rendered":"<p>In diesem Fall interessiert mich nicht nur das Land und die Stadt\u2026:<\/p>\n<p><img loading=\"lazy\" decoding=\"async\" class=\"size-full wp-image-23159\" src=\"https:\/\/jessel.de\/365-tage-sylt\/wp-content\/uploads\/2026\/01\/IMG_4307.jpeg\" alt=\"\" width=\"1100\" height=\"800\" srcset=\"https:\/\/jessel.de\/365-tage-sylt\/wp-content\/uploads\/2026\/01\/IMG_4307.jpeg 1100w, https:\/\/jessel.de\/365-tage-sylt\/wp-content\/uploads\/2026\/01\/IMG_4307-300x218.jpeg 300w, https:\/\/jessel.de\/365-tage-sylt\/wp-content\/uploads\/2026\/01\/IMG_4307-1024x745.jpeg 1024w, https:\/\/jessel.de\/365-tage-sylt\/wp-content\/uploads\/2026\/01\/IMG_4307-768x559.jpeg 768w\" sizes=\"auto, (max-width: 1100px) 100vw, 1100px\" \/><\/p>\n<p>\u2026 sondern auch der Stadtteil, bzw. das Arrondissement, wie man\/frau es hier nennt:<\/p>\n<p><img loading=\"lazy\" decoding=\"async\" class=\"size-full wp-image-23158\" src=\"https:\/\/jessel.de\/365-tage-sylt\/wp-content\/uploads\/2026\/01\/IMG_4308.jpeg\" alt=\"\" width=\"800\" height=\"1100\" srcset=\"https:\/\/jessel.de\/365-tage-sylt\/wp-content\/uploads\/2026\/01\/IMG_4308.jpeg 800w, https:\/\/jessel.de\/365-tage-sylt\/wp-content\/uploads\/2026\/01\/IMG_4308-218x300.jpeg 218w, https:\/\/jessel.de\/365-tage-sylt\/wp-content\/uploads\/2026\/01\/IMG_4308-745x1024.jpeg 745w, https:\/\/jessel.de\/365-tage-sylt\/wp-content\/uploads\/2026\/01\/IMG_4308-768x1056.jpeg 768w\" sizes=\"auto, (max-width: 800px) 100vw, 800px\" \/><\/p>\n<p>Morgen geht\u2019s weiter\u2026<\/p>\n<p>Poah, seid Ihr flink! Kaum habe ich ein paar St\u00fcndchen geschlafen, sind die L\u00f6sungen auf dem Tisch &#8211; alle Achtung, Kinnings!<\/p>\n<p>Aaalso: Ich startete am Sonntagmittag in Westerland zu meinem Geburtstagsgeschenk, einer Bahnfahrt nach Paris. Man soll sich ja auch mal selbst belohnen, las ich irgendwo:<\/p>\n<p><img loading=\"lazy\" decoding=\"async\" class=\"size-full wp-image-23167\" src=\"https:\/\/jessel.de\/365-tage-sylt\/wp-content\/uploads\/2026\/01\/IMG_4316.jpeg\" alt=\"\" width=\"1100\" height=\"800\" srcset=\"https:\/\/jessel.de\/365-tage-sylt\/wp-content\/uploads\/2026\/01\/IMG_4316.jpeg 1100w, https:\/\/jessel.de\/365-tage-sylt\/wp-content\/uploads\/2026\/01\/IMG_4316-300x218.jpeg 300w, https:\/\/jessel.de\/365-tage-sylt\/wp-content\/uploads\/2026\/01\/IMG_4316-1024x745.jpeg 1024w, https:\/\/jessel.de\/365-tage-sylt\/wp-content\/uploads\/2026\/01\/IMG_4316-768x559.jpeg 768w\" sizes=\"auto, (max-width: 1100px) 100vw, 1100px\" \/><\/p>\n<p>\u00dcber kleine H\u00fcrden &#8211; zum Beispiel den Schienenersatzverkehr in Nieb\u00fcll (Fahrer sitzt drinnen und trinkt Kaffee, 150 Reisende stehen in der K\u00e4lte)\u2026:<\/p>\n<p><img loading=\"lazy\" decoding=\"async\" class=\"size-full wp-image-23169\" src=\"https:\/\/jessel.de\/365-tage-sylt\/wp-content\/uploads\/2026\/01\/IMG_4314.jpeg\" alt=\"\" width=\"1100\" height=\"800\" srcset=\"https:\/\/jessel.de\/365-tage-sylt\/wp-content\/uploads\/2026\/01\/IMG_4314.jpeg 1100w, https:\/\/jessel.de\/365-tage-sylt\/wp-content\/uploads\/2026\/01\/IMG_4314-300x218.jpeg 300w, https:\/\/jessel.de\/365-tage-sylt\/wp-content\/uploads\/2026\/01\/IMG_4314-1024x745.jpeg 1024w, https:\/\/jessel.de\/365-tage-sylt\/wp-content\/uploads\/2026\/01\/IMG_4314-768x559.jpeg 768w\" sizes=\"auto, (max-width: 1100px) 100vw, 1100px\" \/><\/p>\n<p>\u2026 erreiche ich Hamburg und mache ein kleines P\u00e4uschen. Hier ein passendes Open-Air-Werk eines unbekannten Street-Art K\u00fcnstlers. Oder wisst Ihr etwa auch, wer das gepinselt hat?:<\/p>\n<p><img loading=\"lazy\" decoding=\"async\" class=\"size-full wp-image-23170\" src=\"https:\/\/jessel.de\/365-tage-sylt\/wp-content\/uploads\/2026\/01\/IMG_4313.jpeg\" alt=\"\" width=\"1100\" height=\"800\" srcset=\"https:\/\/jessel.de\/365-tage-sylt\/wp-content\/uploads\/2026\/01\/IMG_4313.jpeg 1100w, https:\/\/jessel.de\/365-tage-sylt\/wp-content\/uploads\/2026\/01\/IMG_4313-300x218.jpeg 300w, https:\/\/jessel.de\/365-tage-sylt\/wp-content\/uploads\/2026\/01\/IMG_4313-1024x745.jpeg 1024w, https:\/\/jessel.de\/365-tage-sylt\/wp-content\/uploads\/2026\/01\/IMG_4313-768x559.jpeg 768w\" sizes=\"auto, (max-width: 1100px) 100vw, 1100px\" \/><\/p>\n<p>Ziemlich fr\u00fch\u2026:<\/p>\n<p><img loading=\"lazy\" decoding=\"async\" class=\"size-full wp-image-23171\" src=\"https:\/\/jessel.de\/365-tage-sylt\/wp-content\/uploads\/2026\/01\/IMG_4312.jpeg\" alt=\"\" width=\"1100\" height=\"800\" srcset=\"https:\/\/jessel.de\/365-tage-sylt\/wp-content\/uploads\/2026\/01\/IMG_4312.jpeg 1100w, https:\/\/jessel.de\/365-tage-sylt\/wp-content\/uploads\/2026\/01\/IMG_4312-300x218.jpeg 300w, https:\/\/jessel.de\/365-tage-sylt\/wp-content\/uploads\/2026\/01\/IMG_4312-1024x745.jpeg 1024w, https:\/\/jessel.de\/365-tage-sylt\/wp-content\/uploads\/2026\/01\/IMG_4312-768x559.jpeg 768w\" sizes=\"auto, (max-width: 1100px) 100vw, 1100px\" \/><\/p>\n<p>\u2026 geht\u2019s am Montagmorgen weiter, und ich habe ein Riiieeesen-Gl\u00fcck, dass ich so zeitig unterwegs bin, denn sonst w\u00e4re ich wegen des starken Schneefalls und Glatteises kaum bis nach Hannover gekommen\u2026 (Bet-Emoji)<\/p>\n<p>Also komme ich in Frankfurt mit nur zweist\u00fcndiger Versp\u00e4tung an\u2026:<\/p>\n<p><img loading=\"lazy\" decoding=\"async\" class=\"size-full wp-image-23166\" src=\"https:\/\/jessel.de\/365-tage-sylt\/wp-content\/uploads\/2026\/01\/IMG_4317.jpeg\" alt=\"\" width=\"1100\" height=\"800\" srcset=\"https:\/\/jessel.de\/365-tage-sylt\/wp-content\/uploads\/2026\/01\/IMG_4317.jpeg 1100w, https:\/\/jessel.de\/365-tage-sylt\/wp-content\/uploads\/2026\/01\/IMG_4317-300x218.jpeg 300w, https:\/\/jessel.de\/365-tage-sylt\/wp-content\/uploads\/2026\/01\/IMG_4317-1024x745.jpeg 1024w, https:\/\/jessel.de\/365-tage-sylt\/wp-content\/uploads\/2026\/01\/IMG_4317-768x559.jpeg 768w\" sizes=\"auto, (max-width: 1100px) 100vw, 1100px\" \/><\/p>\n<p>\u2026 und nat\u00fcrlich ist mein Anschlusszug nach Paris weg.<\/p>\n<p>Aber da zieht die DB pl\u00f6tzlich einen Trumpf aus dem \u00c4rmel: Einen Zug, der am fr\u00fchen Morgen eigentlich h\u00e4tte in \u00a0Berlin starten sollen, aber ausgefallen ist &#8211; aus obigen Gr\u00fcnden. Und dieser Zug &#8211; simsalabim &#8211; rollt gegen 11 Uhr ein, ist nur lockerst besetzt und schafft es auch, die letzten Schneekilometer trotz vereister Oberleitungen und Schneeverwehungen raus aus Frankfurt zu bewerkstelligen\u2026 ab Mannheim ist der Winter-Spuk vorbei.<\/p>\n<p>Und siehe da, ein deutscher Siemens-ICE kann auch schnell &#8211; man muss ihn nur lassen. Kaum haben wir Strasbourg hinter uns, gibt\u2019s Gummi, und zwar so richtig:<\/p>\n<p><img loading=\"lazy\" decoding=\"async\" class=\"size-full wp-image-23172\" src=\"https:\/\/jessel.de\/365-tage-sylt\/wp-content\/uploads\/2026\/01\/IMG_4311.jpeg\" alt=\"\" width=\"1100\" height=\"800\" srcset=\"https:\/\/jessel.de\/365-tage-sylt\/wp-content\/uploads\/2026\/01\/IMG_4311.jpeg 1100w, https:\/\/jessel.de\/365-tage-sylt\/wp-content\/uploads\/2026\/01\/IMG_4311-300x218.jpeg 300w, https:\/\/jessel.de\/365-tage-sylt\/wp-content\/uploads\/2026\/01\/IMG_4311-1024x745.jpeg 1024w, https:\/\/jessel.de\/365-tage-sylt\/wp-content\/uploads\/2026\/01\/IMG_4311-768x559.jpeg 768w\" sizes=\"auto, (max-width: 1100px) 100vw, 1100px\" \/><\/p>\n<p>Sooo sch\u00f6\u00f6\u00f6n, dieses Geburtstagsgeschenk! Ich fahre p\u00fcnktlich um 14:45 Uhr im Gare de l\u2018Est ein und habe nur einen 20-min\u00fctigen Fussmarsch bis zu meinem Hotel aufm Montmartre, direkt hinter dem Caf\u00e9 Bruant:<\/p>\n<p><img loading=\"lazy\" decoding=\"async\" class=\"size-full wp-image-23168\" src=\"https:\/\/jessel.de\/365-tage-sylt\/wp-content\/uploads\/2026\/01\/IMG_4315.jpeg\" alt=\"\" width=\"800\" height=\"1100\" srcset=\"https:\/\/jessel.de\/365-tage-sylt\/wp-content\/uploads\/2026\/01\/IMG_4315.jpeg 800w, https:\/\/jessel.de\/365-tage-sylt\/wp-content\/uploads\/2026\/01\/IMG_4315-218x300.jpeg 218w, https:\/\/jessel.de\/365-tage-sylt\/wp-content\/uploads\/2026\/01\/IMG_4315-745x1024.jpeg 745w, https:\/\/jessel.de\/365-tage-sylt\/wp-content\/uploads\/2026\/01\/IMG_4315-768x1056.jpeg 768w\" sizes=\"auto, (max-width: 800px) 100vw, 800px\" \/><\/p>\n<p>Darauf ein Gl\u00e4schen Wein! Und die entspannte Pariser Bistrot-Stimmung inhalieren! Genau hier sa\u00df ich auf meiner ersten Auslandstour im Jahr 1976\u2026:<\/p>\n<p><img loading=\"lazy\" decoding=\"async\" class=\"size-full wp-image-23174\" src=\"https:\/\/jessel.de\/365-tage-sylt\/wp-content\/uploads\/2026\/01\/IMG_4309.jpeg\" alt=\"\" width=\"800\" height=\"1100\" srcset=\"https:\/\/jessel.de\/365-tage-sylt\/wp-content\/uploads\/2026\/01\/IMG_4309.jpeg 800w, https:\/\/jessel.de\/365-tage-sylt\/wp-content\/uploads\/2026\/01\/IMG_4309-218x300.jpeg 218w, https:\/\/jessel.de\/365-tage-sylt\/wp-content\/uploads\/2026\/01\/IMG_4309-745x1024.jpeg 745w, https:\/\/jessel.de\/365-tage-sylt\/wp-content\/uploads\/2026\/01\/IMG_4309-768x1056.jpeg 768w\" sizes=\"auto, (max-width: 800px) 100vw, 800px\" \/><\/p>\n<p>\u2026 und tats\u00e4chlich erinnere ich mich auf einem ausgedehnten Spaziergang gut an diverse \u00d6rtlichkeiten, die ich vor 50 (F\u00dcNFZIG!) Jahren besuchte:<\/p>\n<p><img loading=\"lazy\" decoding=\"async\" class=\"size-full wp-image-23173\" src=\"https:\/\/jessel.de\/365-tage-sylt\/wp-content\/uploads\/2026\/01\/IMG_4310.jpeg\" alt=\"\" width=\"1100\" height=\"800\" srcset=\"https:\/\/jessel.de\/365-tage-sylt\/wp-content\/uploads\/2026\/01\/IMG_4310.jpeg 1100w, https:\/\/jessel.de\/365-tage-sylt\/wp-content\/uploads\/2026\/01\/IMG_4310-300x218.jpeg 300w, https:\/\/jessel.de\/365-tage-sylt\/wp-content\/uploads\/2026\/01\/IMG_4310-1024x745.jpeg 1024w, https:\/\/jessel.de\/365-tage-sylt\/wp-content\/uploads\/2026\/01\/IMG_4310-768x559.jpeg 768w\" sizes=\"auto, (max-width: 1100px) 100vw, 1100px\" \/><\/p>\n<p>Hans im Gl\u00fcck 2026 (Tr\u00e4ne-quetsch-Emoji)<\/p>\n","protected":false},"excerpt":{"rendered":"<p>In diesem Fall interessiert mich nicht nur das Land und die Stadt\u2026: \u2026 sondern auch der Stadtteil, bzw. das Arrondissement, wie man\/frau es hier nennt: Morgen geht\u2019s weiter\u2026 Poah, seid Ihr flink! Kaum habe ich ein paar St\u00fcndchen geschlafen, sind die L\u00f6sungen auf dem Tisch &#8211; alle Achtung, Kinnings! Aaalso: Ich startete am Sonntagmittag in Westerland zu meinem Geburtstagsgeschenk, einer Bahnfahrt nach Paris. Man soll sich ja auch mal selbst&hellip;<\/p>\n","protected":false},"author":2,"featured_media":23157,"comment_status":"open","ping_status":"open","sticky":false,"template":"","format":"standard","meta":{"footnotes":""},"categories":[27,37],"tags":[],"class_list":["post-23156","post","type-post","status-publish","format-standard","has-post-thumbnail","hentry","category-alle-bilder","category-buhne"],"jetpack_featured_media_url":"https:\/\/jessel.de\/365-tage-sylt\/wp-content\/uploads\/2026\/01\/IMG_4306.jpeg","_links":{"self":[{"href":"https:\/\/jessel.de\/365-tage-sylt\/wp-json\/wp\/v2\/posts\/23156","targetHints":{"allow":["GET"]}}],"collection":[{"href":"https:\/\/jessel.de\/365-tage-sylt\/wp-json\/wp\/v2\/posts"}],"about":[{"href":"https:\/\/jessel.de\/365-tage-sylt\/wp-json\/wp\/v2\/types\/post"}],"author":[{"embeddable":true,"href":"https:\/\/jessel.de\/365-tage-sylt\/wp-json\/wp\/v2\/users\/2"}],"replies":[{"embeddable":true,"href":"https:\/\/jessel.de\/365-tage-sylt\/wp-json\/wp\/v2\/comments?post=23156"}],"version-history":[{"count":6,"href":"https:\/\/jessel.de\/365-tage-sylt\/wp-json\/wp\/v2\/posts\/23156\/revisions"}],"predecessor-version":[{"id":23178,"href":"https:\/\/jessel.de\/365-tage-sylt\/wp-json\/wp\/v2\/posts\/23156\/revisions\/23178"}],"wp:featuredmedia":[{"embeddable":true,"href":"https:\/\/jessel.de\/365-tage-sylt\/wp-json\/wp\/v2\/media\/23157"}],"wp:attachment":[{"href":"https:\/\/jessel.de\/365-tage-sylt\/wp-json\/wp\/v2\/media?parent=23156"}],"wp:term":[{"taxonomy":"category","embeddable":true,"href":"https:\/\/jessel.de\/365-tage-sylt\/wp-json\/wp\/v2\/categories?post=23156"},{"taxonomy":"post_tag","embeddable":true,"href":"https:\/\/jessel.de\/365-tage-sylt\/wp-json\/wp\/v2\/tags?post=23156"}],"curies":[{"name":"wp","href":"https:\/\/api.w.org\/{rel}","templated":true}]}}