{"id":23179,"date":"2026-01-27T20:29:16","date_gmt":"2026-01-27T20:29:16","guid":{"rendered":"https:\/\/jessel.de\/365-tage-sylt\/?p=23179"},"modified":"2026-01-28T05:28:21","modified_gmt":"2026-01-28T05:28:21","slug":"27-januar-un-jour-de-pluie-a-montmartre","status":"publish","type":"post","link":"https:\/\/jessel.de\/365-tage-sylt\/27-januar-un-jour-de-pluie-a-montmartre\/","title":{"rendered":"27. Januar: Un jour de pluie \u00e0 Montmartre"},"content":{"rendered":"<p>Nach dem 18-st\u00fcndigen Einsatz am gestrigen Tag gehe ich mit redlich erarbeiteter M\u00fcdigkeit ins Bett. Herrlich ruhig ist\u2019s in meinem Zimmer zum Innenhof, beste Bedingungen f\u00fcr einen traumlos tiefen Schlaf\u2026 und geraaade bin ich in der Fr\u00fche erwacht, als um kurz vor 6 Uhr mit gewaltigem Geschepper\u2019 die M\u00fclleimer \u00fcber das Kopfsteinpflaster zur Stra\u00dfe gerollt werden.<\/p>\n<p>Kurz darauf beginnt der Regen. Zun\u00e4chst zaghaft, dann mit zunehmender Konstanz, und gegen 7 Uhr pladdert es so richtig los\u2026 Genauso war es von \u02cbMeteofrance Paris\u2018 angek\u00fcndigt, und deshalb wei\u00df ich auch, dass dieser Regen heute bis mindestens 14 oder sogar 15 Uhr anhalten wird.<\/p>\n<p>Ein kleiner Spaziergang \u00fcber die RUE DES ABBESSES und die RUE LEPIC zeigt mir, wie mit dieser Malaise professionell umgegangen wird. Ganz einfach: Man\/frau schnackt nicht lange rum, sondern marschiert schnurstracks ins n\u00e4chstgelegene Caf\u00e9:<\/p>\n<p><img loading=\"lazy\" decoding=\"async\" class=\"size-full wp-image-23187\" src=\"https:\/\/jessel.de\/365-tage-sylt\/wp-content\/uploads\/2026\/01\/IMG_4345.jpeg\" alt=\"\" width=\"1600\" height=\"800\" srcset=\"https:\/\/jessel.de\/365-tage-sylt\/wp-content\/uploads\/2026\/01\/IMG_4345.jpeg 1600w, https:\/\/jessel.de\/365-tage-sylt\/wp-content\/uploads\/2026\/01\/IMG_4345-300x150.jpeg 300w, https:\/\/jessel.de\/365-tage-sylt\/wp-content\/uploads\/2026\/01\/IMG_4345-1024x512.jpeg 1024w, https:\/\/jessel.de\/365-tage-sylt\/wp-content\/uploads\/2026\/01\/IMG_4345-768x384.jpeg 768w, https:\/\/jessel.de\/365-tage-sylt\/wp-content\/uploads\/2026\/01\/IMG_4345-1536x768.jpeg 1536w\" sizes=\"auto, (max-width: 1600px) 100vw, 1600px\" \/><\/p>\n<p>Wir sind hier ja nicht in Duhnen! In diesen beiden paradiesischen Stra\u00dfen gibt\u2019s mit Sicherheit mehr als 50 P\u00e2tisserien und Boulangerien\u2026:<\/p>\n<p><img loading=\"lazy\" decoding=\"async\" class=\"alignnone size-full wp-image-23182\" src=\"https:\/\/jessel.de\/365-tage-sylt\/wp-content\/uploads\/2026\/01\/IMG_4342.jpeg\" alt=\"\" width=\"1200\" height=\"800\" srcset=\"https:\/\/jessel.de\/365-tage-sylt\/wp-content\/uploads\/2026\/01\/IMG_4342.jpeg 1200w, https:\/\/jessel.de\/365-tage-sylt\/wp-content\/uploads\/2026\/01\/IMG_4342-300x200.jpeg 300w, https:\/\/jessel.de\/365-tage-sylt\/wp-content\/uploads\/2026\/01\/IMG_4342-1024x683.jpeg 1024w, https:\/\/jessel.de\/365-tage-sylt\/wp-content\/uploads\/2026\/01\/IMG_4342-768x512.jpeg 768w\" sizes=\"auto, (max-width: 1200px) 100vw, 1200px\" \/><\/p>\n<p>\u2026desweiteren nat\u00fcrlich auch Caf\u00e9\u2018s, Bistro\u2018s, ja selbst Brasserien, die ihre klamme fr\u00fchmorgendliche Klientel so gar nicht gerne im Regen stehen lassen wollen\u2026:<\/p>\n<p><img loading=\"lazy\" decoding=\"async\" class=\"alignnone size-full wp-image-23181\" src=\"https:\/\/jessel.de\/365-tage-sylt\/wp-content\/uploads\/2026\/01\/IMG_4343.jpeg\" alt=\"\" width=\"1500\" height=\"800\" srcset=\"https:\/\/jessel.de\/365-tage-sylt\/wp-content\/uploads\/2026\/01\/IMG_4343.jpeg 1500w, https:\/\/jessel.de\/365-tage-sylt\/wp-content\/uploads\/2026\/01\/IMG_4343-300x160.jpeg 300w, https:\/\/jessel.de\/365-tage-sylt\/wp-content\/uploads\/2026\/01\/IMG_4343-1024x546.jpeg 1024w, https:\/\/jessel.de\/365-tage-sylt\/wp-content\/uploads\/2026\/01\/IMG_4343-768x410.jpeg 768w\" sizes=\"auto, (max-width: 1500px) 100vw, 1500px\" \/><\/p>\n<p>\u2026 und so lande auch ich in einem dieser heimeligen franz\u00f6sischen Heiligt\u00fcmer, die den feuchten Morgen und ohnehin auch die kaum mehr zumutbaren Weltl\u00e4ufte ganz einfach nicht zu sich hineinlassen\u2026:<\/p>\n<p><img loading=\"lazy\" decoding=\"async\" class=\"size-full wp-image-23184\" src=\"https:\/\/jessel.de\/365-tage-sylt\/wp-content\/uploads\/2026\/01\/IMG_4340.jpeg\" alt=\"\" width=\"800\" height=\"1100\" srcset=\"https:\/\/jessel.de\/365-tage-sylt\/wp-content\/uploads\/2026\/01\/IMG_4340.jpeg 800w, https:\/\/jessel.de\/365-tage-sylt\/wp-content\/uploads\/2026\/01\/IMG_4340-218x300.jpeg 218w, https:\/\/jessel.de\/365-tage-sylt\/wp-content\/uploads\/2026\/01\/IMG_4340-745x1024.jpeg 745w, https:\/\/jessel.de\/365-tage-sylt\/wp-content\/uploads\/2026\/01\/IMG_4340-768x1056.jpeg 768w\" sizes=\"auto, (max-width: 800px) 100vw, 800px\" \/><\/p>\n<p>Ich wei\u00df zu diesem Zeitpunkt noch nicht, dass dieser Croissant der beste sein wird, den ich in meinem Leben essen werde: Diese splittrige Textur! Dieses kopfkissenweiche Innere! Dieser vollbuttrige Geschmack! Dieses\u2026 ach, ich lass\u2018 es. Diese Wohltat zu beschreiben, ist ein vergebliches Unterfangen. Dazu der umwerfende Espresso, serviert von einer jungen Frau mit dem Charme einer Audrey Hepburn\u2026 Das Paradies ist oft so naaaaah\u2026<\/p>\n<p>Gegen 11 Uhr bekomme ich eine \u201aVisite f\u00e9minine\u2018 von meiner belle-s\u0153ur Christina aus Lyon:<\/p>\n<p><img loading=\"lazy\" decoding=\"async\" class=\"size-full wp-image-23180\" src=\"https:\/\/jessel.de\/365-tage-sylt\/wp-content\/uploads\/2026\/01\/IMG_4344.jpeg\" alt=\"\" width=\"600\" height=\"800\" srcset=\"https:\/\/jessel.de\/365-tage-sylt\/wp-content\/uploads\/2026\/01\/IMG_4344.jpeg 600w, https:\/\/jessel.de\/365-tage-sylt\/wp-content\/uploads\/2026\/01\/IMG_4344-225x300.jpeg 225w\" sizes=\"auto, (max-width: 600px) 100vw, 600px\" \/><\/p>\n<p>Belle s\u0153ur (sch\u00f6ne Schwester) ist der reizende franz\u00f6sische Ausdruck f\u00fcr \u201eSchw\u00e4gerin\u201c, hihi. Sofort hat sie einen gutaussehenden brasilianischen Sambat\u00e4nzer samt Familie aus der Menge gefischt, der obiges Foto von uns macht. Womit der offizielle Teil dieses Treffens dann auch erledigt w\u00e4re.<\/p>\n<p>Mit parapluies bewaffnet, machen wir zun\u00e4chst einen Rundgang durch Montmartre. Hier die \u201esch\u00f6nste Stra\u00dfe\u201c &#8211; von ganz Paris, lese ich irgendwo. Ob das wohl stimmt? (Gr\u00fcbel-Emoji):<\/p>\n<p><img loading=\"lazy\" decoding=\"async\" class=\"size-full wp-image-23198\" src=\"https:\/\/jessel.de\/365-tage-sylt\/wp-content\/uploads\/2026\/01\/IMG_4356.jpeg\" alt=\"\" width=\"1100\" height=\"800\" srcset=\"https:\/\/jessel.de\/365-tage-sylt\/wp-content\/uploads\/2026\/01\/IMG_4356.jpeg 1100w, https:\/\/jessel.de\/365-tage-sylt\/wp-content\/uploads\/2026\/01\/IMG_4356-300x218.jpeg 300w, https:\/\/jessel.de\/365-tage-sylt\/wp-content\/uploads\/2026\/01\/IMG_4356-1024x745.jpeg 1024w, https:\/\/jessel.de\/365-tage-sylt\/wp-content\/uploads\/2026\/01\/IMG_4356-768x559.jpeg 768w\" sizes=\"auto, (max-width: 1100px) 100vw, 1100px\" \/><\/p>\n<p>Gleich um die Ecke, wie alles \u201a\u00e0 Montmartre\u2018, findet sich das Mus\u00e9e des Ortes, das als \u201eehemaliges Atelier\u201c von keinem Geringeren als August Renoir firmiert, you remember?:<\/p>\n<p><img loading=\"lazy\" decoding=\"async\" class=\"alignnone size-full wp-image-23199\" src=\"https:\/\/jessel.de\/365-tage-sylt\/wp-content\/uploads\/2026\/01\/IMG_4354.jpeg\" alt=\"\" width=\"1100\" height=\"800\" srcset=\"https:\/\/jessel.de\/365-tage-sylt\/wp-content\/uploads\/2026\/01\/IMG_4354.jpeg 1100w, https:\/\/jessel.de\/365-tage-sylt\/wp-content\/uploads\/2026\/01\/IMG_4354-300x218.jpeg 300w, https:\/\/jessel.de\/365-tage-sylt\/wp-content\/uploads\/2026\/01\/IMG_4354-1024x745.jpeg 1024w, https:\/\/jessel.de\/365-tage-sylt\/wp-content\/uploads\/2026\/01\/IMG_4354-768x559.jpeg 768w\" sizes=\"auto, (max-width: 1100px) 100vw, 1100px\" \/><\/p>\n<p>Der arbeitete zwar keine zwei Jahre hier, passte sich aber schnell in die K\u00fcnstler-und Partyszene Montmartres zum Beginn des 20. Jahrhunderts ein. Nach der Eingemeindung in die rasant wachsende Gro\u00dfstadt ging es hier n\u00e4mlich ziemlich hei\u00df her, mal untertrieben ausgedr\u00fcckt:<\/p>\n<p><img loading=\"lazy\" decoding=\"async\" class=\"size-full wp-image-23201\" src=\"https:\/\/jessel.de\/365-tage-sylt\/wp-content\/uploads\/2026\/01\/IMG_4349.jpeg\" alt=\"\" width=\"1100\" height=\"800\" srcset=\"https:\/\/jessel.de\/365-tage-sylt\/wp-content\/uploads\/2026\/01\/IMG_4349.jpeg 1100w, https:\/\/jessel.de\/365-tage-sylt\/wp-content\/uploads\/2026\/01\/IMG_4349-300x218.jpeg 300w, https:\/\/jessel.de\/365-tage-sylt\/wp-content\/uploads\/2026\/01\/IMG_4349-1024x745.jpeg 1024w, https:\/\/jessel.de\/365-tage-sylt\/wp-content\/uploads\/2026\/01\/IMG_4349-768x559.jpeg 768w\" sizes=\"auto, (max-width: 1100px) 100vw, 1100px\" \/><\/p>\n<p>Die haben\u2018s richtig krachen lassen, entnehmen wir unz\u00e4hligen Gem\u00e4lden und Plakaten beim Rundgang durch das schnuckelige Museum:<\/p>\n<p><img loading=\"lazy\" decoding=\"async\" class=\"size-full wp-image-23202\" src=\"https:\/\/jessel.de\/365-tage-sylt\/wp-content\/uploads\/2026\/01\/IMG_4348.jpeg\" alt=\"\" width=\"800\" height=\"1100\" srcset=\"https:\/\/jessel.de\/365-tage-sylt\/wp-content\/uploads\/2026\/01\/IMG_4348.jpeg 800w, https:\/\/jessel.de\/365-tage-sylt\/wp-content\/uploads\/2026\/01\/IMG_4348-218x300.jpeg 218w, https:\/\/jessel.de\/365-tage-sylt\/wp-content\/uploads\/2026\/01\/IMG_4348-745x1024.jpeg 745w, https:\/\/jessel.de\/365-tage-sylt\/wp-content\/uploads\/2026\/01\/IMG_4348-768x1056.jpeg 768w\" sizes=\"auto, (max-width: 800px) 100vw, 800px\" \/><\/p>\n<p>Hier ein Blick auf den Ende des 19. Jahrhunderts noch wenig bebauten Kalkberg\u2026:<\/p>\n<p><img loading=\"lazy\" decoding=\"async\" class=\"size-full wp-image-23200\" src=\"https:\/\/jessel.de\/365-tage-sylt\/wp-content\/uploads\/2026\/01\/IMG_4352.jpeg\" alt=\"\" width=\"1100\" height=\"800\" srcset=\"https:\/\/jessel.de\/365-tage-sylt\/wp-content\/uploads\/2026\/01\/IMG_4352.jpeg 1100w, https:\/\/jessel.de\/365-tage-sylt\/wp-content\/uploads\/2026\/01\/IMG_4352-300x218.jpeg 300w, https:\/\/jessel.de\/365-tage-sylt\/wp-content\/uploads\/2026\/01\/IMG_4352-1024x745.jpeg 1024w, https:\/\/jessel.de\/365-tage-sylt\/wp-content\/uploads\/2026\/01\/IMG_4352-768x559.jpeg 768w\" sizes=\"auto, (max-width: 1100px) 100vw, 1100px\" \/><\/p>\n<p>\u2026 und hier ein Foto der noch recht elenden Lebensbedingungen\u2026:<\/p>\n<p><img loading=\"lazy\" decoding=\"async\" class=\"alignnone size-full wp-image-23197\" src=\"https:\/\/jessel.de\/365-tage-sylt\/wp-content\/uploads\/2026\/01\/IMG_4357.jpeg\" alt=\"\" width=\"800\" height=\"800\" srcset=\"https:\/\/jessel.de\/365-tage-sylt\/wp-content\/uploads\/2026\/01\/IMG_4357.jpeg 800w, https:\/\/jessel.de\/365-tage-sylt\/wp-content\/uploads\/2026\/01\/IMG_4357-300x300.jpeg 300w, https:\/\/jessel.de\/365-tage-sylt\/wp-content\/uploads\/2026\/01\/IMG_4357-150x150.jpeg 150w, https:\/\/jessel.de\/365-tage-sylt\/wp-content\/uploads\/2026\/01\/IMG_4357-768x768.jpeg 768w\" sizes=\"auto, (max-width: 800px) 100vw, 800px\" \/><\/p>\n<p>\u2026 die letztlich die finanzschwachen K\u00fcnstler anzogen.<\/p>\n<p>Hach &#8211; was f\u00fcr ein sch\u00f6ner Tag!:<\/p>\n<p><img loading=\"lazy\" decoding=\"async\" class=\"size-full wp-image-23203\" src=\"https:\/\/jessel.de\/365-tage-sylt\/wp-content\/uploads\/2026\/01\/IMG_4355.jpeg\" alt=\"\" width=\"800\" height=\"1100\" srcset=\"https:\/\/jessel.de\/365-tage-sylt\/wp-content\/uploads\/2026\/01\/IMG_4355.jpeg 800w, https:\/\/jessel.de\/365-tage-sylt\/wp-content\/uploads\/2026\/01\/IMG_4355-218x300.jpeg 218w, https:\/\/jessel.de\/365-tage-sylt\/wp-content\/uploads\/2026\/01\/IMG_4355-745x1024.jpeg 745w, https:\/\/jessel.de\/365-tage-sylt\/wp-content\/uploads\/2026\/01\/IMG_4355-768x1056.jpeg 768w\" sizes=\"auto, (max-width: 800px) 100vw, 800px\" \/><\/p>\n<p>Nach einem kr\u00e4ftigenden Mahl im Restaurant \u201aSankt Hans\u2018\u2026:<\/p>\n<p><img loading=\"lazy\" decoding=\"async\" class=\"size-full wp-image-23204\" src=\"https:\/\/jessel.de\/365-tage-sylt\/wp-content\/uploads\/2026\/01\/IMG_4351.jpeg\" alt=\"\" width=\"1100\" height=\"800\" srcset=\"https:\/\/jessel.de\/365-tage-sylt\/wp-content\/uploads\/2026\/01\/IMG_4351.jpeg 1100w, https:\/\/jessel.de\/365-tage-sylt\/wp-content\/uploads\/2026\/01\/IMG_4351-300x218.jpeg 300w, https:\/\/jessel.de\/365-tage-sylt\/wp-content\/uploads\/2026\/01\/IMG_4351-1024x745.jpeg 1024w, https:\/\/jessel.de\/365-tage-sylt\/wp-content\/uploads\/2026\/01\/IMG_4351-768x559.jpeg 768w\" sizes=\"auto, (max-width: 1100px) 100vw, 1100px\" \/><\/p>\n<p>\u2026 verabschiedet sich Christina (leider schon wieder), und ich gehe &#8211; im nun auch abklingenden Regen &#8211; noch einmal auf den sch\u00f6nsten Aussichtspunkt von Paris\u2026:<\/p>\n<p><img loading=\"lazy\" decoding=\"async\" class=\"size-full wp-image-23205\" src=\"https:\/\/jessel.de\/365-tage-sylt\/wp-content\/uploads\/2026\/01\/IMG_4350.jpeg\" alt=\"\" width=\"1100\" height=\"800\" srcset=\"https:\/\/jessel.de\/365-tage-sylt\/wp-content\/uploads\/2026\/01\/IMG_4350.jpeg 1100w, https:\/\/jessel.de\/365-tage-sylt\/wp-content\/uploads\/2026\/01\/IMG_4350-300x218.jpeg 300w, https:\/\/jessel.de\/365-tage-sylt\/wp-content\/uploads\/2026\/01\/IMG_4350-1024x745.jpeg 1024w, https:\/\/jessel.de\/365-tage-sylt\/wp-content\/uploads\/2026\/01\/IMG_4350-768x559.jpeg 768w\" sizes=\"auto, (max-width: 1100px) 100vw, 1100px\" \/><\/p>\n<p>\u2026 und bleibe dort bis zum Einbruch der Dunkelheit:<\/p>\n<p><img loading=\"lazy\" decoding=\"async\" class=\"size-full wp-image-23207\" src=\"https:\/\/jessel.de\/365-tage-sylt\/wp-content\/uploads\/2026\/01\/IMG_4358.jpeg\" alt=\"\" width=\"1100\" height=\"800\" srcset=\"https:\/\/jessel.de\/365-tage-sylt\/wp-content\/uploads\/2026\/01\/IMG_4358.jpeg 1100w, https:\/\/jessel.de\/365-tage-sylt\/wp-content\/uploads\/2026\/01\/IMG_4358-300x218.jpeg 300w, https:\/\/jessel.de\/365-tage-sylt\/wp-content\/uploads\/2026\/01\/IMG_4358-1024x745.jpeg 1024w, https:\/\/jessel.de\/365-tage-sylt\/wp-content\/uploads\/2026\/01\/IMG_4358-768x559.jpeg 768w\" sizes=\"auto, (max-width: 1100px) 100vw, 1100px\" \/><\/p>\n<p>Eine gute Entscheidung, wie sich herausstellt.<\/p>\n<p>&nbsp;<\/p>\n<p>&nbsp;<\/p>\n","protected":false},"excerpt":{"rendered":"<p>Nach dem 18-st\u00fcndigen Einsatz am gestrigen Tag gehe ich mit redlich erarbeiteter M\u00fcdigkeit ins Bett. Herrlich ruhig ist\u2019s in meinem Zimmer zum Innenhof, beste Bedingungen f\u00fcr einen traumlos tiefen Schlaf\u2026 und geraaade bin ich in der Fr\u00fche erwacht, als um kurz vor 6 Uhr mit gewaltigem Geschepper\u2019 die M\u00fclleimer \u00fcber das Kopfsteinpflaster zur Stra\u00dfe gerollt werden. Kurz darauf beginnt der Regen. Zun\u00e4chst zaghaft, dann mit zunehmender Konstanz, und gegen 7&hellip;<\/p>\n","protected":false},"author":2,"featured_media":23185,"comment_status":"open","ping_status":"open","sticky":false,"template":"","format":"standard","meta":{"footnotes":""},"categories":[27,39,28,2],"tags":[],"class_list":["post-23179","post","type-post","status-publish","format-standard","has-post-thumbnail","hentry","category-alle-bilder","category-arbeit","category-haeuser","category-tourismus"],"jetpack_featured_media_url":"https:\/\/jessel.de\/365-tage-sylt\/wp-content\/uploads\/2026\/01\/IMG_4341-1.jpeg","_links":{"self":[{"href":"https:\/\/jessel.de\/365-tage-sylt\/wp-json\/wp\/v2\/posts\/23179","targetHints":{"allow":["GET"]}}],"collection":[{"href":"https:\/\/jessel.de\/365-tage-sylt\/wp-json\/wp\/v2\/posts"}],"about":[{"href":"https:\/\/jessel.de\/365-tage-sylt\/wp-json\/wp\/v2\/types\/post"}],"author":[{"embeddable":true,"href":"https:\/\/jessel.de\/365-tage-sylt\/wp-json\/wp\/v2\/users\/2"}],"replies":[{"embeddable":true,"href":"https:\/\/jessel.de\/365-tage-sylt\/wp-json\/wp\/v2\/comments?post=23179"}],"version-history":[{"count":14,"href":"https:\/\/jessel.de\/365-tage-sylt\/wp-json\/wp\/v2\/posts\/23179\/revisions"}],"predecessor-version":[{"id":23210,"href":"https:\/\/jessel.de\/365-tage-sylt\/wp-json\/wp\/v2\/posts\/23179\/revisions\/23210"}],"wp:featuredmedia":[{"embeddable":true,"href":"https:\/\/jessel.de\/365-tage-sylt\/wp-json\/wp\/v2\/media\/23185"}],"wp:attachment":[{"href":"https:\/\/jessel.de\/365-tage-sylt\/wp-json\/wp\/v2\/media?parent=23179"}],"wp:term":[{"taxonomy":"category","embeddable":true,"href":"https:\/\/jessel.de\/365-tage-sylt\/wp-json\/wp\/v2\/categories?post=23179"},{"taxonomy":"post_tag","embeddable":true,"href":"https:\/\/jessel.de\/365-tage-sylt\/wp-json\/wp\/v2\/tags?post=23179"}],"curies":[{"name":"wp","href":"https:\/\/api.w.org\/{rel}","templated":true}]}}