{"id":23211,"date":"2026-01-28T20:23:12","date_gmt":"2026-01-28T20:23:12","guid":{"rendered":"https:\/\/jessel.de\/365-tage-sylt\/?p=23211"},"modified":"2026-01-29T14:15:42","modified_gmt":"2026-01-29T14:15:42","slug":"28-januar-aujourdhui-a-paris","status":"publish","type":"post","link":"https:\/\/jessel.de\/365-tage-sylt\/28-januar-aujourdhui-a-paris\/","title":{"rendered":"28. Januar: Aujourd\u2018hui, dans le centre de Paris\u2026"},"content":{"rendered":"<p>Ich verlasse mein gesch\u00e4tztes Montmartre-Hotel in der RUE DES ABBESSES bereits um 8 Uhr, trinke kurz einen \u201aCaf\u00e9\u2018 (mit Croissant, versteht sich) bei Audrey, und tingel\u2018 dann los Richtung Innenstadt. Auf Sylter Verh\u00e4ltnisse umgerechnet, eine Strecke von Westerland nach Kampen. Mit mir str\u00f6mt die arbeitende Bev\u00f6lkerung gen Stadtzentrum, es f\u00fchlt sich ein wenig an wie an hektischen Tagen auf dem Jakobsweg, nur bedeutend lauter wegen des br\u00fcllenden Verkehrs.<\/p>\n<p>Mein Ziel ist die Seine- Insel \u201a\u00ceLE DE LA CIT\u00c9\u2018, genauer gesagt: Die auf dieser Insel thronende CATH\u00c9DALE NOTRE DAME, die nach ihrem Brand im April 2019 in Rekordzeit wieder instand gesetzt wurde, nicht zuletzt wegen der Spendenbereitschaft der Bev\u00f6lkerung: Nach nur einer(!) Woche lag die gesch\u00e4tzte Gesamtsumme von \u00fcber 600 Millionen Euro vor\u2026 sp\u00e4ter wurden es \u00fcber 900 Millionen. Seit gut einem Jahr ist die Kirche nun wieder ge\u00f6ffnet, und das m\u00e4chtige Glockengel\u00e4ut weist mir bereits aus Kilometern Entfernung den Weg. Bereits am gestrigen Abend hatte ich online einen Time-Slot um 10 Uhr ergattert, aber der Andrang h\u00e4lt sich an diesem Januartag noch sichtlich in Grenzen, angenehmerweise:<\/p>\n<p><img loading=\"lazy\" decoding=\"async\" class=\"size-full wp-image-23213\" src=\"https:\/\/jessel.de\/365-tage-sylt\/wp-content\/uploads\/2026\/01\/IMG_4384.jpeg\" alt=\"\" width=\"1100\" height=\"800\" srcset=\"https:\/\/jessel.de\/365-tage-sylt\/wp-content\/uploads\/2026\/01\/IMG_4384.jpeg 1100w, https:\/\/jessel.de\/365-tage-sylt\/wp-content\/uploads\/2026\/01\/IMG_4384-300x218.jpeg 300w, https:\/\/jessel.de\/365-tage-sylt\/wp-content\/uploads\/2026\/01\/IMG_4384-1024x745.jpeg 1024w, https:\/\/jessel.de\/365-tage-sylt\/wp-content\/uploads\/2026\/01\/IMG_4384-768x559.jpeg 768w\" sizes=\"auto, (max-width: 1100px) 100vw, 1100px\" \/><\/p>\n<p>Je weiter ich ins Kirchenschiff vordringe, desto mehr staune (nicht nur) ich einerseits \u00fcber die makellose Restaurierung\u2026:<\/p>\n<p><img loading=\"lazy\" decoding=\"async\" class=\"size-full wp-image-23214\" src=\"https:\/\/jessel.de\/365-tage-sylt\/wp-content\/uploads\/2026\/01\/IMG_4390.jpeg\" alt=\"\" width=\"1100\" height=\"800\" srcset=\"https:\/\/jessel.de\/365-tage-sylt\/wp-content\/uploads\/2026\/01\/IMG_4390.jpeg 1100w, https:\/\/jessel.de\/365-tage-sylt\/wp-content\/uploads\/2026\/01\/IMG_4390-300x218.jpeg 300w, https:\/\/jessel.de\/365-tage-sylt\/wp-content\/uploads\/2026\/01\/IMG_4390-1024x745.jpeg 1024w, https:\/\/jessel.de\/365-tage-sylt\/wp-content\/uploads\/2026\/01\/IMG_4390-768x559.jpeg 768w\" sizes=\"auto, (max-width: 1100px) 100vw, 1100px\" \/><\/p>\n<p>\u2026 andererseits \u00fcber die dargestellte Brutalit\u00e4t in katholischen Gottesh\u00e4usern. Darf ich mal vermuten, dass die Grundlagen des \u201eproblematischen Verh\u00e4ltnisses\u201c der Christenheit zum Islam auch von solchen Abbildungen gen\u00e4hrt wurde\/wird? Gerne erhoffe ich hierzu die ein oder andere \u201eAufkl\u00e4rung\u201c durch Blogleser katholischen Glaubens (\u2026 und sonstige an diesem Thema Interessierte nat\u00fcrlich)\u2026:<\/p>\n<p><img loading=\"lazy\" decoding=\"async\" class=\"size-full wp-image-23217\" src=\"https:\/\/jessel.de\/365-tage-sylt\/wp-content\/uploads\/2026\/01\/IMG_4385.jpeg\" alt=\"\" width=\"800\" height=\"1100\" srcset=\"https:\/\/jessel.de\/365-tage-sylt\/wp-content\/uploads\/2026\/01\/IMG_4385.jpeg 800w, https:\/\/jessel.de\/365-tage-sylt\/wp-content\/uploads\/2026\/01\/IMG_4385-218x300.jpeg 218w, https:\/\/jessel.de\/365-tage-sylt\/wp-content\/uploads\/2026\/01\/IMG_4385-745x1024.jpeg 745w, https:\/\/jessel.de\/365-tage-sylt\/wp-content\/uploads\/2026\/01\/IMG_4385-768x1056.jpeg 768w\" sizes=\"auto, (max-width: 800px) 100vw, 800px\" \/><\/p>\n<p>Was mich im Positiven am meisten fasziniert, sind die wahrhaft \u00fcberirdischen Bleiverglasungen\u2026:<\/p>\n<p><img loading=\"lazy\" decoding=\"async\" class=\"size-full wp-image-23215\" src=\"https:\/\/jessel.de\/365-tage-sylt\/wp-content\/uploads\/2026\/01\/IMG_4387.jpeg\" alt=\"\" width=\"1100\" height=\"800\" srcset=\"https:\/\/jessel.de\/365-tage-sylt\/wp-content\/uploads\/2026\/01\/IMG_4387.jpeg 1100w, https:\/\/jessel.de\/365-tage-sylt\/wp-content\/uploads\/2026\/01\/IMG_4387-300x218.jpeg 300w, https:\/\/jessel.de\/365-tage-sylt\/wp-content\/uploads\/2026\/01\/IMG_4387-1024x745.jpeg 1024w, https:\/\/jessel.de\/365-tage-sylt\/wp-content\/uploads\/2026\/01\/IMG_4387-768x559.jpeg 768w\" sizes=\"auto, (max-width: 1100px) 100vw, 1100px\" \/><\/p>\n<p>\u2026 und das geheimnisvolle Lichterspiel im dunkleren Teil der Kathedrale\u2026:<\/p>\n<p><img loading=\"lazy\" decoding=\"async\" class=\"size-full wp-image-23216\" src=\"https:\/\/jessel.de\/365-tage-sylt\/wp-content\/uploads\/2026\/01\/IMG_4386.jpeg\" alt=\"\" width=\"1100\" height=\"800\" srcset=\"https:\/\/jessel.de\/365-tage-sylt\/wp-content\/uploads\/2026\/01\/IMG_4386.jpeg 1100w, https:\/\/jessel.de\/365-tage-sylt\/wp-content\/uploads\/2026\/01\/IMG_4386-300x218.jpeg 300w, https:\/\/jessel.de\/365-tage-sylt\/wp-content\/uploads\/2026\/01\/IMG_4386-1024x745.jpeg 1024w, https:\/\/jessel.de\/365-tage-sylt\/wp-content\/uploads\/2026\/01\/IMG_4386-768x559.jpeg 768w\" sizes=\"auto, (max-width: 1100px) 100vw, 1100px\" \/><\/p>\n<p>Wieviel Stunden konzentrierter Arbeit m\u00f6gen in diesen Bildern stecken\u2026!?:<\/p>\n<p><img loading=\"lazy\" decoding=\"async\" class=\"size-full wp-image-23220\" src=\"https:\/\/jessel.de\/365-tage-sylt\/wp-content\/uploads\/2026\/01\/IMG_4388.jpeg\" alt=\"\" width=\"1100\" height=\"800\" srcset=\"https:\/\/jessel.de\/365-tage-sylt\/wp-content\/uploads\/2026\/01\/IMG_4388.jpeg 1100w, https:\/\/jessel.de\/365-tage-sylt\/wp-content\/uploads\/2026\/01\/IMG_4388-300x218.jpeg 300w, https:\/\/jessel.de\/365-tage-sylt\/wp-content\/uploads\/2026\/01\/IMG_4388-1024x745.jpeg 1024w, https:\/\/jessel.de\/365-tage-sylt\/wp-content\/uploads\/2026\/01\/IMG_4388-768x559.jpeg 768w\" sizes=\"auto, (max-width: 1100px) 100vw, 1100px\" \/><\/p>\n<p><img loading=\"lazy\" decoding=\"async\" class=\"size-full wp-image-23219\" src=\"https:\/\/jessel.de\/365-tage-sylt\/wp-content\/uploads\/2026\/01\/IMG_4389.jpeg\" alt=\"\" width=\"800\" height=\"1100\" srcset=\"https:\/\/jessel.de\/365-tage-sylt\/wp-content\/uploads\/2026\/01\/IMG_4389.jpeg 800w, https:\/\/jessel.de\/365-tage-sylt\/wp-content\/uploads\/2026\/01\/IMG_4389-218x300.jpeg 218w, https:\/\/jessel.de\/365-tage-sylt\/wp-content\/uploads\/2026\/01\/IMG_4389-745x1024.jpeg 745w, https:\/\/jessel.de\/365-tage-sylt\/wp-content\/uploads\/2026\/01\/IMG_4389-768x1056.jpeg 768w\" sizes=\"auto, (max-width: 800px) 100vw, 800px\" \/><\/p>\n<p><img loading=\"lazy\" decoding=\"async\" class=\"alignnone size-full wp-image-23218\" src=\"https:\/\/jessel.de\/365-tage-sylt\/wp-content\/uploads\/2026\/01\/IMG_4391.jpeg\" alt=\"\" width=\"800\" height=\"1100\" srcset=\"https:\/\/jessel.de\/365-tage-sylt\/wp-content\/uploads\/2026\/01\/IMG_4391.jpeg 800w, https:\/\/jessel.de\/365-tage-sylt\/wp-content\/uploads\/2026\/01\/IMG_4391-218x300.jpeg 218w, https:\/\/jessel.de\/365-tage-sylt\/wp-content\/uploads\/2026\/01\/IMG_4391-745x1024.jpeg 745w, https:\/\/jessel.de\/365-tage-sylt\/wp-content\/uploads\/2026\/01\/IMG_4391-768x1056.jpeg 768w\" sizes=\"auto, (max-width: 800px) 100vw, 800px\" \/><\/p>\n<p>Aaalso hier drinnen w\u00fcrde ich gerne mal EINE WOCHE LANG fotografieren, um diese gro\u00dfartige Arbeit mit guten Fotos zu w\u00fcrdigen. Leider m\u00fcsste die Kirche f\u00fcr diese Zeit auf ausdr\u00fccklichen Wunsch des Fotografen nochmals komplett geschlossen werden. (mehrere Lach-Emojis)<\/p>\n<p>Im Anschluss f\u00fchle ich mich nach diesem sakralen Aderlass einfach nur blendend. Sogar die Sonne l\u00e4sst sich, wenn auch nur schemenhaft, mal sehen.<\/p>\n<p><img loading=\"lazy\" decoding=\"async\" class=\"size-full wp-image-23221\" src=\"https:\/\/jessel.de\/365-tage-sylt\/wp-content\/uploads\/2026\/01\/IMG_4392.jpeg\" alt=\"\" width=\"1100\" height=\"800\" srcset=\"https:\/\/jessel.de\/365-tage-sylt\/wp-content\/uploads\/2026\/01\/IMG_4392.jpeg 1100w, https:\/\/jessel.de\/365-tage-sylt\/wp-content\/uploads\/2026\/01\/IMG_4392-300x218.jpeg 300w, https:\/\/jessel.de\/365-tage-sylt\/wp-content\/uploads\/2026\/01\/IMG_4392-1024x745.jpeg 1024w, https:\/\/jessel.de\/365-tage-sylt\/wp-content\/uploads\/2026\/01\/IMG_4392-768x559.jpeg 768w\" sizes=\"auto, (max-width: 1100px) 100vw, 1100px\" \/><\/p>\n<p>Ich laufe von der Seine-Insel zur \u201aRIVE GAUCHE\u2018 r\u00fcber, in das Edel-Szene-Viertel ST.-GERMAIN-DES-PR\u00c9S. Mein Ziel: Die MAISON DU CHOCOLAT! Auf dem Weg dahin laufe ich an Schaufensterdekorationen vorbei, denen ich staunend ansehe, da\u00df ich mich hier nicht in der Westerl\u00e4nder Friedrichstra\u00dfe befinde:<\/p>\n<p><img loading=\"lazy\" decoding=\"async\" class=\"size-full wp-image-23229\" src=\"https:\/\/jessel.de\/365-tage-sylt\/wp-content\/uploads\/2026\/01\/IMG_4394.jpeg\" alt=\"\" width=\"1100\" height=\"800\" srcset=\"https:\/\/jessel.de\/365-tage-sylt\/wp-content\/uploads\/2026\/01\/IMG_4394.jpeg 1100w, https:\/\/jessel.de\/365-tage-sylt\/wp-content\/uploads\/2026\/01\/IMG_4394-300x218.jpeg 300w, https:\/\/jessel.de\/365-tage-sylt\/wp-content\/uploads\/2026\/01\/IMG_4394-1024x745.jpeg 1024w, https:\/\/jessel.de\/365-tage-sylt\/wp-content\/uploads\/2026\/01\/IMG_4394-768x559.jpeg 768w\" sizes=\"auto, (max-width: 1100px) 100vw, 1100px\" \/><\/p>\n<p>In der Maison du Chocolat besorge ich eine (versprochene) Kleinigkeit f\u00fcr meine \u00e4lteste Blogleserin und Freundin Karin (94), bekennende grooo\u00dfe Paris-Liebhaberin und &#8211; in aktiven Zeiten &#8211; regelm\u00e4\u00dfige Besucherin dieses Schokoladenparadieses. Zusammen machten wir mehrere, unvergessliche \u00a0Reisen ins Franz\u00f6sische, sowohl nach Paris als auch in die Provence. Es war sooo sch\u00f6n! Liebe Karin, nun habe ich mir in den Kopf gesetzt, von Paris nach Sylt in einem Rutsch durchzufahren, denn wer wei\u00df besser als Du, da\u00df diese au\u00dferplanetarischen Pralinen m\u00f6glichst frisch genossen werden sollten. Dr\u00fcck mir die Daumen, da\u00df die DB sich meinem Vorhaben nicht in den Weg stellt, s\u2018il vous pla\u00eet! (Zwinker-Emoji)<\/p>\n<p>Als ich aus diesem Mekka aller Liebhaber edelster Confiserie auf die Stra\u00dfe trete, bin ich noch besser drauf als ohnehin schon. Und entscheide mich, meinen Paris-Spaziergang einfach in gro\u00dfer Runde fortzusetzen. Als n\u00e4chstes Ziel visiere ich nun an: La Tour Eiffel! Dazu m\u00f6chte ich mitteilen, da\u00df ich in meinem Leben wohl zwanzigmal in Paris \u00a0gewesen bin, meist zwar nur zu kurzen \u00dcbernachtungsstopps auf dem Weg nach Portugal, zumindest aber in s\u00fcdlichere Gefilde. Und nur bei meinem ersten Besuch (1976) schaute ich auch beim Eiffelturm vorbei.<\/p>\n<p>F\u00fcnfzig Jahre sp\u00e4ter nun also der zweite Besuch. Um der Situation das Profane zu nehmen, w\u00e4hle ich keinesfalls den direkten Weg, sondern baue ein paar spontane Schlenker ein &#8211; so wechsel\u2018 ich beispielsweise das Seine-Ufer \u00fcber die nach einem russischen Zaren benannte PONT ALEXANDRE III\u2026:<\/p>\n<p><img loading=\"lazy\" decoding=\"async\" class=\"size-full wp-image-23233\" src=\"https:\/\/jessel.de\/365-tage-sylt\/wp-content\/uploads\/2026\/01\/IMG_4396.jpeg\" alt=\"\" width=\"1100\" height=\"800\" srcset=\"https:\/\/jessel.de\/365-tage-sylt\/wp-content\/uploads\/2026\/01\/IMG_4396.jpeg 1100w, https:\/\/jessel.de\/365-tage-sylt\/wp-content\/uploads\/2026\/01\/IMG_4396-300x218.jpeg 300w, https:\/\/jessel.de\/365-tage-sylt\/wp-content\/uploads\/2026\/01\/IMG_4396-1024x745.jpeg 1024w, https:\/\/jessel.de\/365-tage-sylt\/wp-content\/uploads\/2026\/01\/IMG_4396-768x559.jpeg 768w\" sizes=\"auto, (max-width: 1100px) 100vw, 1100px\" \/><\/p>\n<p>\u2026verharre im Stra\u00dfenstaub zu F\u00fc\u00dfen der beeindruckenden CATH\u00c9DRALE DE LA ST. TRINIT\u00c9 mit ihren gewaltigen goldenen Zwiebelt\u00fcrmen\u2026:<\/p>\n<p><img loading=\"lazy\" decoding=\"async\" class=\"size-full wp-image-23240\" src=\"https:\/\/jessel.de\/365-tage-sylt\/wp-content\/uploads\/2026\/01\/IMG_4395-1.jpeg\" alt=\"\" width=\"800\" height=\"1100\" srcset=\"https:\/\/jessel.de\/365-tage-sylt\/wp-content\/uploads\/2026\/01\/IMG_4395-1.jpeg 800w, https:\/\/jessel.de\/365-tage-sylt\/wp-content\/uploads\/2026\/01\/IMG_4395-1-218x300.jpeg 218w, https:\/\/jessel.de\/365-tage-sylt\/wp-content\/uploads\/2026\/01\/IMG_4395-1-745x1024.jpeg 745w, https:\/\/jessel.de\/365-tage-sylt\/wp-content\/uploads\/2026\/01\/IMG_4395-1-768x1056.jpeg 768w\" sizes=\"auto, (max-width: 800px) 100vw, 800px\" \/><\/p>\n<p>\u2026 und wechsel\u2018 im Anschlu\u00df nochmals die Ufer \u00fcber die \u00fcber 200 Jahre alte PONT D\u2018I\u00c9NA, um Euch den Eiffelturm somit aus verschiedenen Perspektiven darzubieten:<\/p>\n<p><img loading=\"lazy\" decoding=\"async\" class=\"size-full wp-image-23235\" src=\"https:\/\/jessel.de\/365-tage-sylt\/wp-content\/uploads\/2026\/01\/IMG_4397.jpeg\" alt=\"\" width=\"800\" height=\"1100\" srcset=\"https:\/\/jessel.de\/365-tage-sylt\/wp-content\/uploads\/2026\/01\/IMG_4397.jpeg 800w, https:\/\/jessel.de\/365-tage-sylt\/wp-content\/uploads\/2026\/01\/IMG_4397-218x300.jpeg 218w, https:\/\/jessel.de\/365-tage-sylt\/wp-content\/uploads\/2026\/01\/IMG_4397-745x1024.jpeg 745w, https:\/\/jessel.de\/365-tage-sylt\/wp-content\/uploads\/2026\/01\/IMG_4397-768x1056.jpeg 768w\" sizes=\"auto, (max-width: 800px) 100vw, 800px\" \/><\/p>\n<p>Von hier sind\u2019s eigentlich nur einige Treppenstufen hinauf zur PLACE DE TROCAD\u00c9RO, von wo aus dem flanierenden Publikum der unverstellteste Blick \u00fcber dieses st\u00e4dtebauliche Gesamtkunstwerk geboten wird.<\/p>\n<p>Noch w\u00e4hrend ich &#8211; vergeblich &#8211; versuche, dieses wirklich imposante Ensemble in ein aussagekr\u00e4ftiges Foto zu zweidimensionalisieren, sehe ich zun\u00e4chst nur eine auffallend hektisierte Menschentraube an der Kreiselseite des Trocad\u00e9ro. Bis ich erkenne, da\u00df das alles Fotografen sind! DAS MUSS mich interessieren, immerhin k\u00f6nnte sich deren Interesse einer Wanderd\u00fcne widmen, die just &#8211; streng verbotenerweise &#8211; den Trocad\u00e9ro zu verschlucken droht! Man wei\u00df ja nie! Ich also hin, denn auf sowas habe ich gerade noch gewartet\u2026<\/p>\n<p>Die Fotografen, locker einhundert an der Zahl, ordne ich nach wenigen Blicken dem eher schmierig daherkommendem Paparazzo-Typus zu, seltsam gemischt allerdings mit einzelnen Schn\u00f6selexemplaren in betont modischem Outfit &#8211; und eigenen Assistenten, die den spitzmundig gekreischten Befehlen ihrer Chefs in gebotener Gesch\u00e4ftigkeit zu folgen suchen.<\/p>\n<p>Nicht ganz einfach, dieses Unterfangen, hat doch die Konkurrenz l\u00e4ngst diverse Open Air-Fotostudios mitten in all dem Gew\u00fchl errichtet, inklusive kompletter Blitzanlagen und Akku-Generatoren, Schminktischen samt Spiegeln und Getr\u00e4nken\u2026 w\u00e4hrend auf dem Trocad\u00e9ro-Kreisel eine schwarze Edellimousine nach der n\u00e4chsten vorf\u00e4hrt, und sich erste Protagonistinnen der PARISER FASHION WEEK (Aha!) mit betont laaangen Beinen und suuuperreizend niedergeschlagenen Augen aus den gepuderten Fahrzeugen sch\u00e4\u00e4\u00e4len. Erste Exemplare dieser Gattung Weib f\u00fchren bereits mitten auf der Stra\u00dfe waghalsive Catwalk-Man\u00f6ver vor. Und sobald eine weitere Autot\u00fcr zaghaft von innen ge\u00f6ffnet wird, stehen smarte Butler und prallk\u00f6rpriges Sicherheitspersonal in Sekundenschnelle vor diesen armen, durchweg hungrig aussehenden Sch\u00f6nheiten, die sich in kaltem Wind, mehr oder weniger schwachbekleidet, den begehrlichen Blicken und Rufen dieser Meute fotografischer Fleischbeschauer ausgesetzt sehen.<\/p>\n<p>Schwer zu ertragen.<br \/>\nFliehen oder Standhalten?<\/p>\n<p>Oder gar den Angriff nach vorne wagen?<\/p>\n<p>Etwas abseits des Gedr\u00e4nges trete ich, da sich \u00fcberraschend die Gelegenheit auftut, verlegen auf zwei dieser bedauernswerten Gesch\u00f6pfe zu und fl\u00fcstere Aug\u2018 in Auge: \u201eMesdames, pouirrez-vous m\u2019offrir un sourir pour mes lecteurs du blog?\u201c Erstaunte, grooo\u00dfe Blicke auf einer Seite, weiiiche Knie auf der anderen\u2026<\/p>\n<p>Sie machen\u2018s!!! Hier zwei Ergebnisse unserer menschenw\u00fcrdigen und einmin\u00fctigen Zusammenarbeit &#8211; mit allen Rechten (Zufrieden-Emoji):<\/p>\n<p><img loading=\"lazy\" decoding=\"async\" class=\"alignnone size-full wp-image-23247\" src=\"https:\/\/jessel.de\/365-tage-sylt\/wp-content\/uploads\/2026\/01\/IMG_4399.jpeg\" alt=\"\" width=\"800\" height=\"1100\" srcset=\"https:\/\/jessel.de\/365-tage-sylt\/wp-content\/uploads\/2026\/01\/IMG_4399.jpeg 800w, https:\/\/jessel.de\/365-tage-sylt\/wp-content\/uploads\/2026\/01\/IMG_4399-218x300.jpeg 218w, https:\/\/jessel.de\/365-tage-sylt\/wp-content\/uploads\/2026\/01\/IMG_4399-745x1024.jpeg 745w, https:\/\/jessel.de\/365-tage-sylt\/wp-content\/uploads\/2026\/01\/IMG_4399-768x1056.jpeg 768w\" sizes=\"auto, (max-width: 800px) 100vw, 800px\" \/> <img loading=\"lazy\" decoding=\"async\" class=\"alignnone size-full wp-image-23248\" src=\"https:\/\/jessel.de\/365-tage-sylt\/wp-content\/uploads\/2026\/01\/IMG_4398.jpeg\" alt=\"\" width=\"800\" height=\"1100\" srcset=\"https:\/\/jessel.de\/365-tage-sylt\/wp-content\/uploads\/2026\/01\/IMG_4398.jpeg 800w, https:\/\/jessel.de\/365-tage-sylt\/wp-content\/uploads\/2026\/01\/IMG_4398-218x300.jpeg 218w, https:\/\/jessel.de\/365-tage-sylt\/wp-content\/uploads\/2026\/01\/IMG_4398-745x1024.jpeg 745w, https:\/\/jessel.de\/365-tage-sylt\/wp-content\/uploads\/2026\/01\/IMG_4398-768x1056.jpeg 768w\" sizes=\"auto, (max-width: 800px) 100vw, 800px\" \/><\/p>\n<p>Hossa die Waldfee, irgendwie s\u00fc\u00df, oder? Ein wenig mehr L\u00e4cheln h\u00e4tte ich mir nat\u00fcrlich schon gew\u00fcnscht, aaaber das ist in der Branche halbwegs\/ganzwegs verp\u00f6nt &#8211; und diesen M\u00e4dels l\u00e4ngst abtrainiert, leider. \u201eMan kann nicht alles haben\u201c, das sage ich mir ohnehin des \u00d6fteren nach so manchem Fotoeinsatz. Ob auf dem Trocad\u00e9ro oder in den Wanderd\u00fcnen\u2026<\/p>\n<p>Womit dieser Tag eigentlich gelaufen w\u00e4re, vom Heimweg mal abgesehen. Ich entscheide mich schnell, dieses gef\u00fchlt schwer ambivalente Get\u00fcmmel zu verlassen und steuere zun\u00e4chst auf den ARC DE TRIOMPHE zu, dann geht\u2019s weiter zur PLACE DE CLICHY, wo ich mich mal kurzzeitig am riesigen CIMETI\u00c8RE DE MONTMARTRE verfranse.<\/p>\n<p>Offenbar eine F\u00fcgung von oberster Stelle, wie sich zeigt. Offenbar dank meines Kirchenbesuchs am Morgen. (Hand vorm Mund &#8211; Emoji) Denn ein Blick \u00fcber die hohe Friedhofsmauer, den wegen meines Kleinwuchses nur mein Handy in hoooch ausgestreckter Hand wahrnehmen kann, zeigt ein st\u00e4dtebauliches Feature, das ich so noch nie gesehen habe: n\u00e4mlich eine j\u00fcngere Bebauung, die sich &#8211; tats\u00e4chlich und gekonnt &#8211; an der antiken Gr\u00e4berarchitektur orientiert:<\/p>\n<p><img loading=\"lazy\" decoding=\"async\" class=\"size-full wp-image-23255\" src=\"https:\/\/jessel.de\/365-tage-sylt\/wp-content\/uploads\/2026\/01\/IMG_4401.jpeg\" alt=\"\" width=\"1100\" height=\"800\" srcset=\"https:\/\/jessel.de\/365-tage-sylt\/wp-content\/uploads\/2026\/01\/IMG_4401.jpeg 1100w, https:\/\/jessel.de\/365-tage-sylt\/wp-content\/uploads\/2026\/01\/IMG_4401-300x218.jpeg 300w, https:\/\/jessel.de\/365-tage-sylt\/wp-content\/uploads\/2026\/01\/IMG_4401-1024x745.jpeg 1024w, https:\/\/jessel.de\/365-tage-sylt\/wp-content\/uploads\/2026\/01\/IMG_4401-768x559.jpeg 768w\" sizes=\"auto, (max-width: 1100px) 100vw, 1100px\" \/><\/p>\n<p>Ganz gro\u00dfes Braaavoooh! DAS ist doch der Hammer. Danke, Paris, f\u00fcr dieses Abschiedsgeschenk!<\/p>\n<p>Angekommen in der RUE DES ABBESSES, zeigt mein Handy-Tacho 37.800 Schritte an. Daf\u00fcr f\u00fchle ich mich noch ziemlich gut beieinander. Diesen Testlauf f\u00fcr die im M\u00e4rz projektierte Jakobsweg-Tour auf dem CAMINHO PORTUGU\u00caS habe ich &#8211; mit Beistand von oben &#8211; offenbar bestanden.<\/p>\n","protected":false},"excerpt":{"rendered":"<p>Ich verlasse mein gesch\u00e4tztes Montmartre-Hotel in der RUE DES ABBESSES bereits um 8 Uhr, trinke kurz einen \u201aCaf\u00e9\u2018 (mit Croissant, versteht sich) bei Audrey, und tingel\u2018 dann los Richtung Innenstadt. Auf Sylter Verh\u00e4ltnisse umgerechnet, eine Strecke von Westerland nach Kampen. Mit mir str\u00f6mt die arbeitende Bev\u00f6lkerung gen Stadtzentrum, es f\u00fchlt sich ein wenig an wie an hektischen Tagen auf dem Jakobsweg, nur bedeutend lauter wegen des br\u00fcllenden Verkehrs. Mein Ziel&hellip;<\/p>\n","protected":false},"author":2,"featured_media":23212,"comment_status":"open","ping_status":"open","sticky":false,"template":"","format":"standard","meta":{"footnotes":""},"categories":[27,39,3,35,23,33],"tags":[],"class_list":["post-23211","post","type-post","status-publish","format-standard","has-post-thumbnail","hentry","category-alle-bilder","category-arbeit","category-menschen","category-schlechtes-wetter","category-winter","category-woanders"],"jetpack_featured_media_url":"https:\/\/jessel.de\/365-tage-sylt\/wp-content\/uploads\/2026\/01\/IMG_4400.jpeg","_links":{"self":[{"href":"https:\/\/jessel.de\/365-tage-sylt\/wp-json\/wp\/v2\/posts\/23211","targetHints":{"allow":["GET"]}}],"collection":[{"href":"https:\/\/jessel.de\/365-tage-sylt\/wp-json\/wp\/v2\/posts"}],"about":[{"href":"https:\/\/jessel.de\/365-tage-sylt\/wp-json\/wp\/v2\/types\/post"}],"author":[{"embeddable":true,"href":"https:\/\/jessel.de\/365-tage-sylt\/wp-json\/wp\/v2\/users\/2"}],"replies":[{"embeddable":true,"href":"https:\/\/jessel.de\/365-tage-sylt\/wp-json\/wp\/v2\/comments?post=23211"}],"version-history":[{"count":29,"href":"https:\/\/jessel.de\/365-tage-sylt\/wp-json\/wp\/v2\/posts\/23211\/revisions"}],"predecessor-version":[{"id":23259,"href":"https:\/\/jessel.de\/365-tage-sylt\/wp-json\/wp\/v2\/posts\/23211\/revisions\/23259"}],"wp:featuredmedia":[{"embeddable":true,"href":"https:\/\/jessel.de\/365-tage-sylt\/wp-json\/wp\/v2\/media\/23212"}],"wp:attachment":[{"href":"https:\/\/jessel.de\/365-tage-sylt\/wp-json\/wp\/v2\/media?parent=23211"}],"wp:term":[{"taxonomy":"category","embeddable":true,"href":"https:\/\/jessel.de\/365-tage-sylt\/wp-json\/wp\/v2\/categories?post=23211"},{"taxonomy":"post_tag","embeddable":true,"href":"https:\/\/jessel.de\/365-tage-sylt\/wp-json\/wp\/v2\/tags?post=23211"}],"curies":[{"name":"wp","href":"https:\/\/api.w.org\/{rel}","templated":true}]}}