{"id":23595,"date":"2026-03-11T20:20:25","date_gmt":"2026-03-11T20:20:25","guid":{"rendered":"https:\/\/jessel.de\/365-tage-sylt\/?p=23595"},"modified":"2026-03-11T20:22:59","modified_gmt":"2026-03-11T20:22:59","slug":"11-maerz-tapetenwechsel","status":"publish","type":"post","link":"https:\/\/jessel.de\/365-tage-sylt\/11-maerz-tapetenwechsel\/","title":{"rendered":"11. M\u00e4rz: Tapetenwechsel"},"content":{"rendered":"<p>Es gibt 18-Stunden-Tage, die k\u00f6nnen Spa\u00df machen: Um 3 Uhr in der Fr\u00fch\u2019 aufstehen, um 6 Uhr abfliegen, und ab 10:30 Uhr an grandiosesten Gestaden kilometerlange Wanderungen unternehmen:<\/p>\n<p><img loading=\"lazy\" decoding=\"async\" class=\"size-full wp-image-23599\" src=\"https:\/\/jessel.de\/365-tage-sylt\/wp-content\/uploads\/2026\/03\/IMG_4687.jpeg\" alt=\"\" width=\"1100\" height=\"800\" srcset=\"https:\/\/jessel.de\/365-tage-sylt\/wp-content\/uploads\/2026\/03\/IMG_4687.jpeg 1100w, https:\/\/jessel.de\/365-tage-sylt\/wp-content\/uploads\/2026\/03\/IMG_4687-300x218.jpeg 300w, https:\/\/jessel.de\/365-tage-sylt\/wp-content\/uploads\/2026\/03\/IMG_4687-1024x745.jpeg 1024w, https:\/\/jessel.de\/365-tage-sylt\/wp-content\/uploads\/2026\/03\/IMG_4687-768x559.jpeg 768w\" sizes=\"auto, (max-width: 1100px) 100vw, 1100px\" \/><\/p>\n<p>Da erhebt sich nat\u00fcrlich die Frage: \u201eWo bin ich!?\u201c Hihi.<\/p>\n<p>Ihr k\u00f6nnt ja schon mal ein bisschen \u00fcberlegen, wo ich stecke. F\u00fcr die Recherchen noch ein paar Bilder vom heutigen Spaziergang:<\/p>\n<p><img loading=\"lazy\" decoding=\"async\" class=\"alignnone size-full wp-image-23597\" src=\"https:\/\/jessel.de\/365-tage-sylt\/wp-content\/uploads\/2026\/03\/IMG_4689.jpeg\" alt=\"\" width=\"1100\" height=\"800\" srcset=\"https:\/\/jessel.de\/365-tage-sylt\/wp-content\/uploads\/2026\/03\/IMG_4689.jpeg 1100w, https:\/\/jessel.de\/365-tage-sylt\/wp-content\/uploads\/2026\/03\/IMG_4689-300x218.jpeg 300w, https:\/\/jessel.de\/365-tage-sylt\/wp-content\/uploads\/2026\/03\/IMG_4689-1024x745.jpeg 1024w, https:\/\/jessel.de\/365-tage-sylt\/wp-content\/uploads\/2026\/03\/IMG_4689-768x559.jpeg 768w\" sizes=\"auto, (max-width: 1100px) 100vw, 1100px\" \/><\/p>\n<p>Vor der K\u00fcste steht eine mordsm\u00e4\u00dfige Brandung, die f\u00fcr den einzigen Wermutstropfen des Tages sorgte: An Baden war &#8211; ohne direkte Lebensgefahr &#8211; \u00fcberhaupt nicht zu denken. Im Januar und Februar litt dieser K\u00fcstenabschnitt unter einer ganzen Reihe von Sturmfluten, deren Wirken noch allerorten zu bewundern ist\u2026:<\/p>\n<p><img loading=\"lazy\" decoding=\"async\" class=\"size-full wp-image-23604\" src=\"https:\/\/jessel.de\/365-tage-sylt\/wp-content\/uploads\/2026\/03\/IMG_4690-1.jpeg\" alt=\"\" width=\"1100\" height=\"800\" srcset=\"https:\/\/jessel.de\/365-tage-sylt\/wp-content\/uploads\/2026\/03\/IMG_4690-1.jpeg 1100w, https:\/\/jessel.de\/365-tage-sylt\/wp-content\/uploads\/2026\/03\/IMG_4690-1-300x218.jpeg 300w, https:\/\/jessel.de\/365-tage-sylt\/wp-content\/uploads\/2026\/03\/IMG_4690-1-1024x745.jpeg 1024w, https:\/\/jessel.de\/365-tage-sylt\/wp-content\/uploads\/2026\/03\/IMG_4690-1-768x559.jpeg 768w\" sizes=\"auto, (max-width: 1100px) 100vw, 1100px\" \/><\/p>\n<p>\u2026 insbesondere an den kilometerlangen Holzstegen, sogar noch hinter den D\u00fcnen, auf denen ich alleine heute 12 Kilometer zur\u00fccklegte:<\/p>\n<p><img loading=\"lazy\" decoding=\"async\" class=\"size-full wp-image-23611\" src=\"https:\/\/jessel.de\/365-tage-sylt\/wp-content\/uploads\/2026\/03\/IMG_4691.jpeg\" alt=\"\" width=\"1100\" height=\"800\" srcset=\"https:\/\/jessel.de\/365-tage-sylt\/wp-content\/uploads\/2026\/03\/IMG_4691.jpeg 1100w, https:\/\/jessel.de\/365-tage-sylt\/wp-content\/uploads\/2026\/03\/IMG_4691-300x218.jpeg 300w, https:\/\/jessel.de\/365-tage-sylt\/wp-content\/uploads\/2026\/03\/IMG_4691-1024x745.jpeg 1024w, https:\/\/jessel.de\/365-tage-sylt\/wp-content\/uploads\/2026\/03\/IMG_4691-768x559.jpeg 768w\" sizes=\"auto, (max-width: 1100px) 100vw, 1100px\" \/><\/p>\n<p>Trotz schwacher ablandiger Winde ist der Swell auch heute noch 4-5 Meter hoch:<\/p>\n<p><img loading=\"lazy\" decoding=\"async\" class=\"size-full wp-image-23609\" src=\"https:\/\/jessel.de\/365-tage-sylt\/wp-content\/uploads\/2026\/03\/IMG_4693.jpeg\" alt=\"\" width=\"1100\" height=\"800\" srcset=\"https:\/\/jessel.de\/365-tage-sylt\/wp-content\/uploads\/2026\/03\/IMG_4693.jpeg 1100w, https:\/\/jessel.de\/365-tage-sylt\/wp-content\/uploads\/2026\/03\/IMG_4693-300x218.jpeg 300w, https:\/\/jessel.de\/365-tage-sylt\/wp-content\/uploads\/2026\/03\/IMG_4693-1024x745.jpeg 1024w, https:\/\/jessel.de\/365-tage-sylt\/wp-content\/uploads\/2026\/03\/IMG_4693-768x559.jpeg 768w\" sizes=\"auto, (max-width: 1100px) 100vw, 1100px\" \/><\/p>\n<p>\u2026 und alle Str\u00e4nde sind von den St\u00fcrmen gezeichnet\u2026:<\/p>\n<p><img loading=\"lazy\" decoding=\"async\" class=\"size-full wp-image-23610\" src=\"https:\/\/jessel.de\/365-tage-sylt\/wp-content\/uploads\/2026\/03\/IMG_4692.jpeg\" alt=\"\" width=\"1100\" height=\"800\" srcset=\"https:\/\/jessel.de\/365-tage-sylt\/wp-content\/uploads\/2026\/03\/IMG_4692.jpeg 1100w, https:\/\/jessel.de\/365-tage-sylt\/wp-content\/uploads\/2026\/03\/IMG_4692-300x218.jpeg 300w, https:\/\/jessel.de\/365-tage-sylt\/wp-content\/uploads\/2026\/03\/IMG_4692-1024x745.jpeg 1024w, https:\/\/jessel.de\/365-tage-sylt\/wp-content\/uploads\/2026\/03\/IMG_4692-768x559.jpeg 768w\" sizes=\"auto, (max-width: 1100px) 100vw, 1100px\" \/><\/p>\n<p>\u2026 was auch einer der Gr\u00fcnde ist, warum ich hier bin:<\/p>\n<p><img loading=\"lazy\" decoding=\"async\" class=\"size-full wp-image-23598\" src=\"https:\/\/jessel.de\/365-tage-sylt\/wp-content\/uploads\/2026\/03\/IMG_4688.jpeg\" alt=\"\" width=\"1100\" height=\"800\" srcset=\"https:\/\/jessel.de\/365-tage-sylt\/wp-content\/uploads\/2026\/03\/IMG_4688.jpeg 1100w, https:\/\/jessel.de\/365-tage-sylt\/wp-content\/uploads\/2026\/03\/IMG_4688-300x218.jpeg 300w, https:\/\/jessel.de\/365-tage-sylt\/wp-content\/uploads\/2026\/03\/IMG_4688-1024x745.jpeg 1024w, https:\/\/jessel.de\/365-tage-sylt\/wp-content\/uploads\/2026\/03\/IMG_4688-768x559.jpeg 768w\" sizes=\"auto, (max-width: 1100px) 100vw, 1100px\" \/><\/p>\n<p>Nach 22 Kilometern, mit nur einer kurzen Fr\u00fchst\u00fccksrast zwischendurch, schmeckt das Essen mit frisch gegrillter St\u00f6ckermakrele nat\u00fcrlich besonders gut:<\/p>\n<p><img loading=\"lazy\" decoding=\"async\" class=\"size-full wp-image-23615\" src=\"https:\/\/jessel.de\/365-tage-sylt\/wp-content\/uploads\/2026\/03\/IMG_4695-1.jpeg\" alt=\"\" width=\"1100\" height=\"800\" srcset=\"https:\/\/jessel.de\/365-tage-sylt\/wp-content\/uploads\/2026\/03\/IMG_4695-1.jpeg 1100w, https:\/\/jessel.de\/365-tage-sylt\/wp-content\/uploads\/2026\/03\/IMG_4695-1-300x218.jpeg 300w, https:\/\/jessel.de\/365-tage-sylt\/wp-content\/uploads\/2026\/03\/IMG_4695-1-1024x745.jpeg 1024w, https:\/\/jessel.de\/365-tage-sylt\/wp-content\/uploads\/2026\/03\/IMG_4695-1-768x559.jpeg 768w\" sizes=\"auto, (max-width: 1100px) 100vw, 1100px\" \/><\/p>\n<p>Zum Abschluss noch ein Bild von dem Ort, in dem ich die erste Nacht verbringe:<\/p>\n<p><img loading=\"lazy\" decoding=\"async\" class=\"alignnone size-full wp-image-23617\" src=\"https:\/\/jessel.de\/365-tage-sylt\/wp-content\/uploads\/2026\/03\/IMG_4697.jpeg\" alt=\"\" width=\"1100\" height=\"800\" srcset=\"https:\/\/jessel.de\/365-tage-sylt\/wp-content\/uploads\/2026\/03\/IMG_4697.jpeg 1100w, https:\/\/jessel.de\/365-tage-sylt\/wp-content\/uploads\/2026\/03\/IMG_4697-300x218.jpeg 300w, https:\/\/jessel.de\/365-tage-sylt\/wp-content\/uploads\/2026\/03\/IMG_4697-1024x745.jpeg 1024w, https:\/\/jessel.de\/365-tage-sylt\/wp-content\/uploads\/2026\/03\/IMG_4697-768x559.jpeg 768w\" sizes=\"auto, (max-width: 1100px) 100vw, 1100px\" \/><\/p>\n<p>Mehr als dessen Namen will ich ja gar nicht wissen, hihi.<\/p>\n<p>&nbsp;<\/p>\n<p>&nbsp;<\/p>\n<p>&nbsp;<\/p>\n<p>&nbsp;<\/p>\n<p>&nbsp;<\/p>\n<p>&nbsp;<\/p>\n","protected":false},"excerpt":{"rendered":"<p>Es gibt 18-Stunden-Tage, die k\u00f6nnen Spa\u00df machen: Um 3 Uhr in der Fr\u00fch\u2019 aufstehen, um 6 Uhr abfliegen, und ab 10:30 Uhr an grandiosesten Gestaden kilometerlange Wanderungen unternehmen: Da erhebt sich nat\u00fcrlich die Frage: \u201eWo bin ich!?\u201c Hihi. Ihr k\u00f6nnt ja schon mal ein bisschen \u00fcberlegen, wo ich stecke. F\u00fcr die Recherchen noch ein paar Bilder vom heutigen Spaziergang: Vor der K\u00fcste steht eine mordsm\u00e4\u00dfige Brandung, die f\u00fcr den einzigen&hellip;<\/p>\n","protected":false},"author":2,"featured_media":23603,"comment_status":"open","ping_status":"open","sticky":false,"template":"","format":"standard","meta":{"footnotes":""},"categories":[27,39,3,2,29,23,33],"tags":[],"class_list":["post-23595","post","type-post","status-publish","format-standard","has-post-thumbnail","hentry","category-alle-bilder","category-arbeit","category-menschen","category-tourismus","category-verkehr","category-winter","category-woanders"],"jetpack_featured_media_url":"https:\/\/jessel.de\/365-tage-sylt\/wp-content\/uploads\/2026\/03\/IMG_4686-1.jpeg","_links":{"self":[{"href":"https:\/\/jessel.de\/365-tage-sylt\/wp-json\/wp\/v2\/posts\/23595","targetHints":{"allow":["GET"]}}],"collection":[{"href":"https:\/\/jessel.de\/365-tage-sylt\/wp-json\/wp\/v2\/posts"}],"about":[{"href":"https:\/\/jessel.de\/365-tage-sylt\/wp-json\/wp\/v2\/types\/post"}],"author":[{"embeddable":true,"href":"https:\/\/jessel.de\/365-tage-sylt\/wp-json\/wp\/v2\/users\/2"}],"replies":[{"embeddable":true,"href":"https:\/\/jessel.de\/365-tage-sylt\/wp-json\/wp\/v2\/comments?post=23595"}],"version-history":[{"count":10,"href":"https:\/\/jessel.de\/365-tage-sylt\/wp-json\/wp\/v2\/posts\/23595\/revisions"}],"predecessor-version":[{"id":23621,"href":"https:\/\/jessel.de\/365-tage-sylt\/wp-json\/wp\/v2\/posts\/23595\/revisions\/23621"}],"wp:featuredmedia":[{"embeddable":true,"href":"https:\/\/jessel.de\/365-tage-sylt\/wp-json\/wp\/v2\/media\/23603"}],"wp:attachment":[{"href":"https:\/\/jessel.de\/365-tage-sylt\/wp-json\/wp\/v2\/media?parent=23595"}],"wp:term":[{"taxonomy":"category","embeddable":true,"href":"https:\/\/jessel.de\/365-tage-sylt\/wp-json\/wp\/v2\/categories?post=23595"},{"taxonomy":"post_tag","embeddable":true,"href":"https:\/\/jessel.de\/365-tage-sylt\/wp-json\/wp\/v2\/tags?post=23595"}],"curies":[{"name":"wp","href":"https:\/\/api.w.org\/{rel}","templated":true}]}}