{"id":23666,"date":"2026-03-13T18:00:11","date_gmt":"2026-03-13T18:00:11","guid":{"rendered":"https:\/\/jessel.de\/365-tage-sylt\/?p=23666"},"modified":"2026-03-14T03:21:13","modified_gmt":"2026-03-14T03:21:13","slug":"freitag-der-13-maerz-ein-dia-de-chuva-regentag-im-norden-portugals","status":"publish","type":"post","link":"https:\/\/jessel.de\/365-tage-sylt\/freitag-der-13-maerz-ein-dia-de-chuva-regentag-im-norden-portugals\/","title":{"rendered":"Freitag, der 13. M\u00e4rz: Ein \u201aDia de chuva\u2018 (= Regentag) im Norden Portugals"},"content":{"rendered":"<p>Um 6:45 Uhr breche ich auf zur heutigen Wegstrecke \u00fcber gut 20 Kilometer von BARCELOS nach VITORINO DOS PI\u00c2ES. Noch ein kurzer Blick zur\u00fcck auf das charmige Barcelos im Flur meines Hotels\u2026:<\/p>\n<p><img loading=\"lazy\" decoding=\"async\" class=\"size-full wp-image-23668\" src=\"https:\/\/jessel.de\/365-tage-sylt\/wp-content\/uploads\/2026\/03\/IMG_4751.jpeg\" alt=\"\" width=\"1300\" height=\"800\" srcset=\"https:\/\/jessel.de\/365-tage-sylt\/wp-content\/uploads\/2026\/03\/IMG_4751.jpeg 1300w, https:\/\/jessel.de\/365-tage-sylt\/wp-content\/uploads\/2026\/03\/IMG_4751-300x185.jpeg 300w, https:\/\/jessel.de\/365-tage-sylt\/wp-content\/uploads\/2026\/03\/IMG_4751-1024x630.jpeg 1024w, https:\/\/jessel.de\/365-tage-sylt\/wp-content\/uploads\/2026\/03\/IMG_4751-768x473.jpeg 768w\" sizes=\"auto, (max-width: 1300px) 100vw, 1300px\" \/><\/p>\n<p>\u2026 dann hole ich Loreen in ihrer Pilgerherberge ab, die praktischer- und zuf\u00e4lligerweise gleich gegen\u00fcber liegt. Das gemeinsame Wandern hat den langen gestrigen Weg k\u00fcrzer gemacht als er war, und deshalb versuchen wir es heute noch einmal als Pilger-Duo. Allerdings liegt die Luftfeuchte heute fr\u00fch bereits bei gef\u00fchlten 98%\u2026, und die Wettervorhersage verheisst nichts Gutes. Egal &#8211; damit haben wir nat\u00fcrlich gerechnet in der nordwestlichsten Ecke der Iberischen Halbinsel, die heute mit keltischem Ambiente kokettiert:<\/p>\n<p><img loading=\"lazy\" decoding=\"async\" class=\"size-full wp-image-23672\" src=\"https:\/\/jessel.de\/365-tage-sylt\/wp-content\/uploads\/2026\/03\/IMG_4743-1.jpeg\" alt=\"\" width=\"1100\" height=\"800\" srcset=\"https:\/\/jessel.de\/365-tage-sylt\/wp-content\/uploads\/2026\/03\/IMG_4743-1.jpeg 1100w, https:\/\/jessel.de\/365-tage-sylt\/wp-content\/uploads\/2026\/03\/IMG_4743-1-300x218.jpeg 300w, https:\/\/jessel.de\/365-tage-sylt\/wp-content\/uploads\/2026\/03\/IMG_4743-1-1024x745.jpeg 1024w, https:\/\/jessel.de\/365-tage-sylt\/wp-content\/uploads\/2026\/03\/IMG_4743-1-768x559.jpeg 768w\" sizes=\"auto, (max-width: 1100px) 100vw, 1100px\" \/><\/p>\n<p>Wenn man\/frau auf Pilgerwegen unterwegs ist, f\u00fchren diese &#8211; logo &#8211; an jeder irgendwie erreichbaren Kirche oder Kapelle vorbei. Alle, die mich kennen, wissen, dass ich eiiigentlich kein Kirchg\u00e4nger bin. Aber mal kurz reinluschern, das w\u00e4re doch ganz sch\u00f6n. Was auf spanischen Jakobswegen auch gang und gebe ist, funktioniert in Portugal nicht, denn hier steht der Pilger fast immer vor verschlossenen (Kirchen-)t\u00fcren. Schaaade irgendwie, besonders an Regentagen wie heute\u2026:<\/p>\n<p><img loading=\"lazy\" decoding=\"async\" class=\"size-full wp-image-23673\" src=\"https:\/\/jessel.de\/365-tage-sylt\/wp-content\/uploads\/2026\/03\/IMG_4746.jpeg\" alt=\"\" width=\"1100\" height=\"800\" srcset=\"https:\/\/jessel.de\/365-tage-sylt\/wp-content\/uploads\/2026\/03\/IMG_4746.jpeg 1100w, https:\/\/jessel.de\/365-tage-sylt\/wp-content\/uploads\/2026\/03\/IMG_4746-300x218.jpeg 300w, https:\/\/jessel.de\/365-tage-sylt\/wp-content\/uploads\/2026\/03\/IMG_4746-1024x745.jpeg 1024w, https:\/\/jessel.de\/365-tage-sylt\/wp-content\/uploads\/2026\/03\/IMG_4746-768x559.jpeg 768w\" sizes=\"auto, (max-width: 1100px) 100vw, 1100px\" \/><\/p>\n<p>\u2026 oooder wenn man sich &#8211; wie in nachfolgendem Falle einer modernen Bauweise &#8211; einfach gerne f\u00fcr die Innenarchitektur interessieren m\u00f6chte:<\/p>\n<p><img loading=\"lazy\" decoding=\"async\" class=\"size-full wp-image-23676\" src=\"https:\/\/jessel.de\/365-tage-sylt\/wp-content\/uploads\/2026\/03\/IMG_4747.jpeg\" alt=\"\" width=\"1100\" height=\"800\" srcset=\"https:\/\/jessel.de\/365-tage-sylt\/wp-content\/uploads\/2026\/03\/IMG_4747.jpeg 1100w, https:\/\/jessel.de\/365-tage-sylt\/wp-content\/uploads\/2026\/03\/IMG_4747-300x218.jpeg 300w, https:\/\/jessel.de\/365-tage-sylt\/wp-content\/uploads\/2026\/03\/IMG_4747-1024x745.jpeg 1024w, https:\/\/jessel.de\/365-tage-sylt\/wp-content\/uploads\/2026\/03\/IMG_4747-768x559.jpeg 768w\" sizes=\"auto, (max-width: 1100px) 100vw, 1100px\" \/><\/p>\n<p>Aber wie sagte bereits meine Ex-Lauffreundin Elke: \u201eMan kann nicht alles haben!\u201c Womit sie zweifelsohne recht hat, weshalb ich hier auch nicht weiter den Emp\u00f6rten spielen m\u00f6chte.<\/p>\n<p>WAS wir jedoch haben wollen, ist &#8211; alle zwei bis drei Stunden &#8211; ein \u201aCaf\u00e9 com leite\u2018 &#8211; Stopp in einer Pastelaria. Gerade bei dem feuchtkalten Wetter heute. Herrlich, leben wie Gott in Portugal, auf der regengesch\u00fctzten Terrasse genossen:<\/p>\n<p><img loading=\"lazy\" decoding=\"async\" class=\"size-full wp-image-23677\" src=\"https:\/\/jessel.de\/365-tage-sylt\/wp-content\/uploads\/2026\/03\/IMG_4750.jpeg\" alt=\"\" width=\"800\" height=\"1100\" srcset=\"https:\/\/jessel.de\/365-tage-sylt\/wp-content\/uploads\/2026\/03\/IMG_4750.jpeg 800w, https:\/\/jessel.de\/365-tage-sylt\/wp-content\/uploads\/2026\/03\/IMG_4750-218x300.jpeg 218w, https:\/\/jessel.de\/365-tage-sylt\/wp-content\/uploads\/2026\/03\/IMG_4750-745x1024.jpeg 745w, https:\/\/jessel.de\/365-tage-sylt\/wp-content\/uploads\/2026\/03\/IMG_4750-768x1056.jpeg 768w\" sizes=\"auto, (max-width: 800px) 100vw, 800px\" \/><\/p>\n<p>Andere Kulturdenkm\u00e4ler sind dagegen offen, und f\u00fcr Pilger seit dem 12. Jahrhundert frei zug\u00e4nglich. Zum Beispiel die entz\u00fcckende kleine Feldsteinbr\u00fccke\u2026:<\/p>\n<p><img loading=\"lazy\" decoding=\"async\" class=\"size-full wp-image-23682\" src=\"https:\/\/jessel.de\/365-tage-sylt\/wp-content\/uploads\/2026\/03\/IMG_4744-1.jpeg\" alt=\"\" width=\"1100\" height=\"800\" srcset=\"https:\/\/jessel.de\/365-tage-sylt\/wp-content\/uploads\/2026\/03\/IMG_4744-1.jpeg 1100w, https:\/\/jessel.de\/365-tage-sylt\/wp-content\/uploads\/2026\/03\/IMG_4744-1-300x218.jpeg 300w, https:\/\/jessel.de\/365-tage-sylt\/wp-content\/uploads\/2026\/03\/IMG_4744-1-1024x745.jpeg 1024w, https:\/\/jessel.de\/365-tage-sylt\/wp-content\/uploads\/2026\/03\/IMG_4744-1-768x559.jpeg 768w\" sizes=\"auto, (max-width: 1100px) 100vw, 1100px\" \/><\/p>\n<p>\u2026 PONTE DAS T\u00c1BUAS \u00fcber die Neiva\u2026:<\/p>\n<p><img loading=\"lazy\" decoding=\"async\" class=\"size-full wp-image-23686\" src=\"https:\/\/jessel.de\/365-tage-sylt\/wp-content\/uploads\/2026\/03\/IMG_4745.jpeg\" alt=\"\" width=\"1100\" height=\"800\" srcset=\"https:\/\/jessel.de\/365-tage-sylt\/wp-content\/uploads\/2026\/03\/IMG_4745.jpeg 1100w, https:\/\/jessel.de\/365-tage-sylt\/wp-content\/uploads\/2026\/03\/IMG_4745-300x218.jpeg 300w, https:\/\/jessel.de\/365-tage-sylt\/wp-content\/uploads\/2026\/03\/IMG_4745-1024x745.jpeg 1024w, https:\/\/jessel.de\/365-tage-sylt\/wp-content\/uploads\/2026\/03\/IMG_4745-768x559.jpeg 768w\" sizes=\"auto, (max-width: 1100px) 100vw, 1100px\" \/><\/p>\n<p>\u2026 die tats\u00e4chlich seit Mitte des 12. Jahrhunderts als wichtiger Knotenpunkt f\u00fcr H\u00e4ndler und Pilger zwischen Porto und Valen\u00e7a urkundlich bezeugt ist.<\/p>\n<p>Hach, das war ein sch\u00f6nes Pl\u00e4tzchen. Allerdings regnet es jetzt zunehmend Bindf\u00e4dchen, und so sputen wir uns zu unserem Zielort VITORINO DOS PI\u00c2ES, wo ich Loreen in ihrer Pilgerherberge absetze und &#8211; nach meiner Einquartierung in einem h\u00f6her gelegenen Ortsteil &#8211; mich schon seeehr auf den letzten Tagesordnungspunkt freue, das BACALH\u00c2O-Essen im nahen Restaurant A TABERNA, das f\u00fcr dieses Stockfischmen\u00fc in der ganzen Region bekannt ist:<\/p>\n<p><img loading=\"lazy\" decoding=\"async\" class=\"alignnone size-full wp-image-23687\" src=\"https:\/\/jessel.de\/365-tage-sylt\/wp-content\/uploads\/2026\/03\/IMG_4754.jpeg\" alt=\"\" width=\"1200\" height=\"800\" srcset=\"https:\/\/jessel.de\/365-tage-sylt\/wp-content\/uploads\/2026\/03\/IMG_4754.jpeg 1200w, https:\/\/jessel.de\/365-tage-sylt\/wp-content\/uploads\/2026\/03\/IMG_4754-300x200.jpeg 300w, https:\/\/jessel.de\/365-tage-sylt\/wp-content\/uploads\/2026\/03\/IMG_4754-1024x683.jpeg 1024w, https:\/\/jessel.de\/365-tage-sylt\/wp-content\/uploads\/2026\/03\/IMG_4754-768x512.jpeg 768w\" sizes=\"auto, (max-width: 1200px) 100vw, 1200px\" \/><\/p>\n<p>Sch\u00f6ner kann ein Abend nach einem wunderbar entspanntem portugiesischen Pilgertag doch gar nicht enden\u2026<\/p>\n<p>&nbsp;<\/p>\n<p>&nbsp;<\/p>\n<p>&nbsp;<\/p>\n<p>&nbsp;<\/p>\n<p>&nbsp;<\/p>\n<p>&nbsp;<\/p>\n<p>&nbsp;<\/p>\n<p>&nbsp;<\/p>\n","protected":false},"excerpt":{"rendered":"<p>Um 6:45 Uhr breche ich auf zur heutigen Wegstrecke \u00fcber gut 20 Kilometer von BARCELOS nach VITORINO DOS PI\u00c2ES. Noch ein kurzer Blick zur\u00fcck auf das charmige Barcelos im Flur meines Hotels\u2026: \u2026 dann hole ich Loreen in ihrer Pilgerherberge ab, die praktischer- und zuf\u00e4lligerweise gleich gegen\u00fcber liegt. Das gemeinsame Wandern hat den langen gestrigen Weg k\u00fcrzer gemacht als er war, und deshalb versuchen wir es heute noch einmal als&hellip;<\/p>\n","protected":false},"author":2,"featured_media":23667,"comment_status":"open","ping_status":"open","sticky":false,"template":"","format":"standard","meta":{"footnotes":""},"categories":[27,39,28,3,35,2,30,23,33],"tags":[],"class_list":["post-23666","post","type-post","status-publish","format-standard","has-post-thumbnail","hentry","category-alle-bilder","category-arbeit","category-haeuser","category-menschen","category-schlechtes-wetter","category-tourismus","category-tradition","category-winter","category-woanders"],"jetpack_featured_media_url":"https:\/\/jessel.de\/365-tage-sylt\/wp-content\/uploads\/2026\/03\/IMG_4749.jpeg","_links":{"self":[{"href":"https:\/\/jessel.de\/365-tage-sylt\/wp-json\/wp\/v2\/posts\/23666","targetHints":{"allow":["GET"]}}],"collection":[{"href":"https:\/\/jessel.de\/365-tage-sylt\/wp-json\/wp\/v2\/posts"}],"about":[{"href":"https:\/\/jessel.de\/365-tage-sylt\/wp-json\/wp\/v2\/types\/post"}],"author":[{"embeddable":true,"href":"https:\/\/jessel.de\/365-tage-sylt\/wp-json\/wp\/v2\/users\/2"}],"replies":[{"embeddable":true,"href":"https:\/\/jessel.de\/365-tage-sylt\/wp-json\/wp\/v2\/comments?post=23666"}],"version-history":[{"count":13,"href":"https:\/\/jessel.de\/365-tage-sylt\/wp-json\/wp\/v2\/posts\/23666\/revisions"}],"predecessor-version":[{"id":23690,"href":"https:\/\/jessel.de\/365-tage-sylt\/wp-json\/wp\/v2\/posts\/23666\/revisions\/23690"}],"wp:featuredmedia":[{"embeddable":true,"href":"https:\/\/jessel.de\/365-tage-sylt\/wp-json\/wp\/v2\/media\/23667"}],"wp:attachment":[{"href":"https:\/\/jessel.de\/365-tage-sylt\/wp-json\/wp\/v2\/media?parent=23666"}],"wp:term":[{"taxonomy":"category","embeddable":true,"href":"https:\/\/jessel.de\/365-tage-sylt\/wp-json\/wp\/v2\/categories?post=23666"},{"taxonomy":"post_tag","embeddable":true,"href":"https:\/\/jessel.de\/365-tage-sylt\/wp-json\/wp\/v2\/tags?post=23666"}],"curies":[{"name":"wp","href":"https:\/\/api.w.org\/{rel}","templated":true}]}}