{"id":23691,"date":"2026-03-14T21:38:05","date_gmt":"2026-03-14T21:38:05","guid":{"rendered":"https:\/\/jessel.de\/365-tage-sylt\/?p=23691"},"modified":"2026-03-14T22:22:26","modified_gmt":"2026-03-14T22:22:26","slug":"14-maerz-heute-abend-in-ponte-de-lima","status":"publish","type":"post","link":"https:\/\/jessel.de\/365-tage-sylt\/14-maerz-heute-abend-in-ponte-de-lima\/","title":{"rendered":"14. M\u00e4rz: Heute Abend, in Ponte de Lima\u2026"},"content":{"rendered":"<p>Was f\u00fcr ein gastfreundlicher Ort! Ich komme bereits um 10:15 Uhr an, nach gut 15 kilometriger Pilgertour, galt es doch, diese Wanderung bei Dauerniesel und -regen m\u00f6glichst flink zu absolvieren.<\/p>\n<p>Die tausenden Callas links und rechts des Caminhos sehen das &#8211; ihrer Natur gem\u00e4\u00df &#8211; anders: Sie bl\u00fchen erst so richtig auf bei dieser wunderbaren atlantischen Luftfeuchte\u2026:<\/p>\n<p><img loading=\"lazy\" decoding=\"async\" class=\"alignnone size-full wp-image-23695\" src=\"https:\/\/jessel.de\/365-tage-sylt\/wp-content\/uploads\/2026\/03\/IMG_4778.jpeg\" alt=\"\" width=\"1200\" height=\"800\" srcset=\"https:\/\/jessel.de\/365-tage-sylt\/wp-content\/uploads\/2026\/03\/IMG_4778.jpeg 1200w, https:\/\/jessel.de\/365-tage-sylt\/wp-content\/uploads\/2026\/03\/IMG_4778-300x200.jpeg 300w, https:\/\/jessel.de\/365-tage-sylt\/wp-content\/uploads\/2026\/03\/IMG_4778-1024x683.jpeg 1024w, https:\/\/jessel.de\/365-tage-sylt\/wp-content\/uploads\/2026\/03\/IMG_4778-768x512.jpeg 768w\" sizes=\"auto, (max-width: 1200px) 100vw, 1200px\" \/><\/p>\n<p>\u2026 und die allseits ans\u00e4ssigen Moose und Flechten stimmen gerne in diesen Kanon ein, ich h\u00f6re es f\u00f6rmlich:<\/p>\n<p><img loading=\"lazy\" decoding=\"async\" class=\"alignnone size-full wp-image-23707\" src=\"https:\/\/jessel.de\/365-tage-sylt\/wp-content\/uploads\/2026\/03\/IMG_4779-1.jpeg\" alt=\"\" width=\"1200\" height=\"800\" srcset=\"https:\/\/jessel.de\/365-tage-sylt\/wp-content\/uploads\/2026\/03\/IMG_4779-1.jpeg 1200w, https:\/\/jessel.de\/365-tage-sylt\/wp-content\/uploads\/2026\/03\/IMG_4779-1-300x200.jpeg 300w, https:\/\/jessel.de\/365-tage-sylt\/wp-content\/uploads\/2026\/03\/IMG_4779-1-1024x683.jpeg 1024w, https:\/\/jessel.de\/365-tage-sylt\/wp-content\/uploads\/2026\/03\/IMG_4779-1-768x512.jpeg 768w\" sizes=\"auto, (max-width: 1200px) 100vw, 1200px\" \/><\/p>\n<p>Selten wurde ich auf meinen Pilgertouren so einladend in eine Stadt geleitet. Eine mehrere hundert Meter lange Platanenallee, die \u201aAvenida dos Pl\u00e1tanos\u2019, gepflanzt 1901, empf\u00e4ngt den Fusspilger am Flussufer der Lima\u2026:<\/p>\n<p><img loading=\"lazy\" decoding=\"async\" class=\"size-full wp-image-23709\" src=\"https:\/\/jessel.de\/365-tage-sylt\/wp-content\/uploads\/2026\/03\/IMG_4776-1.jpeg\" alt=\"\" width=\"1200\" height=\"800\" srcset=\"https:\/\/jessel.de\/365-tage-sylt\/wp-content\/uploads\/2026\/03\/IMG_4776-1.jpeg 1200w, https:\/\/jessel.de\/365-tage-sylt\/wp-content\/uploads\/2026\/03\/IMG_4776-1-300x200.jpeg 300w, https:\/\/jessel.de\/365-tage-sylt\/wp-content\/uploads\/2026\/03\/IMG_4776-1-1024x683.jpeg 1024w, https:\/\/jessel.de\/365-tage-sylt\/wp-content\/uploads\/2026\/03\/IMG_4776-1-768x512.jpeg 768w\" sizes=\"auto, (max-width: 1200px) 100vw, 1200px\" \/><\/p>\n<p>\u2026 der dann weitergereicht wird an diese dem starken Regen abholde Folkloregruppe:<\/p>\n<p><img loading=\"lazy\" decoding=\"async\" class=\"size-full wp-image-23701\" src=\"https:\/\/jessel.de\/365-tage-sylt\/wp-content\/uploads\/2026\/03\/IMG_4770.jpeg\" alt=\"\" width=\"1200\" height=\"800\" srcset=\"https:\/\/jessel.de\/365-tage-sylt\/wp-content\/uploads\/2026\/03\/IMG_4770.jpeg 1200w, https:\/\/jessel.de\/365-tage-sylt\/wp-content\/uploads\/2026\/03\/IMG_4770-300x200.jpeg 300w, https:\/\/jessel.de\/365-tage-sylt\/wp-content\/uploads\/2026\/03\/IMG_4770-1024x683.jpeg 1024w, https:\/\/jessel.de\/365-tage-sylt\/wp-content\/uploads\/2026\/03\/IMG_4770-768x512.jpeg 768w\" sizes=\"auto, (max-width: 1200px) 100vw, 1200px\" \/><\/p>\n<p>\u2026 und an die niemals einem Scherz abgeneigten Bewohner Ponte de Limas\u2026:<\/p>\n<p><img loading=\"lazy\" decoding=\"async\" class=\"alignnone size-full wp-image-23700\" src=\"https:\/\/jessel.de\/365-tage-sylt\/wp-content\/uploads\/2026\/03\/IMG_4772.jpeg\" alt=\"\" width=\"1300\" height=\"800\" srcset=\"https:\/\/jessel.de\/365-tage-sylt\/wp-content\/uploads\/2026\/03\/IMG_4772.jpeg 1300w, https:\/\/jessel.de\/365-tage-sylt\/wp-content\/uploads\/2026\/03\/IMG_4772-300x185.jpeg 300w, https:\/\/jessel.de\/365-tage-sylt\/wp-content\/uploads\/2026\/03\/IMG_4772-1024x630.jpeg 1024w, https:\/\/jessel.de\/365-tage-sylt\/wp-content\/uploads\/2026\/03\/IMG_4772-768x473.jpeg 768w\" sizes=\"auto, (max-width: 1300px) 100vw, 1300px\" \/><\/p>\n<p>\u2026 die die Pilger hochleben lassen, auf diese nette Art und Weise:<\/p>\n<p><img loading=\"lazy\" decoding=\"async\" class=\"alignnone size-full wp-image-23698\" src=\"https:\/\/jessel.de\/365-tage-sylt\/wp-content\/uploads\/2026\/03\/IMG_4775.jpeg\" alt=\"\" width=\"800\" height=\"1000\" srcset=\"https:\/\/jessel.de\/365-tage-sylt\/wp-content\/uploads\/2026\/03\/IMG_4775.jpeg 800w, https:\/\/jessel.de\/365-tage-sylt\/wp-content\/uploads\/2026\/03\/IMG_4775-240x300.jpeg 240w, https:\/\/jessel.de\/365-tage-sylt\/wp-content\/uploads\/2026\/03\/IMG_4775-768x960.jpeg 768w\" sizes=\"auto, (max-width: 800px) 100vw, 800px\" \/><\/p>\n<p>\u2026 und noch Hilfestellung leisten f\u00fcr die Weiterreise:<\/p>\n<p><img loading=\"lazy\" decoding=\"async\" class=\"alignnone size-full wp-image-23699\" src=\"https:\/\/jessel.de\/365-tage-sylt\/wp-content\/uploads\/2026\/03\/IMG_4773.jpeg\" alt=\"\" width=\"800\" height=\"1300\" srcset=\"https:\/\/jessel.de\/365-tage-sylt\/wp-content\/uploads\/2026\/03\/IMG_4773.jpeg 800w, https:\/\/jessel.de\/365-tage-sylt\/wp-content\/uploads\/2026\/03\/IMG_4773-185x300.jpeg 185w, https:\/\/jessel.de\/365-tage-sylt\/wp-content\/uploads\/2026\/03\/IMG_4773-630x1024.jpeg 630w, https:\/\/jessel.de\/365-tage-sylt\/wp-content\/uploads\/2026\/03\/IMG_4773-768x1248.jpeg 768w\" sizes=\"auto, (max-width: 800px) 100vw, 800px\" \/><\/p>\n<p>F\u00fcr mich stehen gro\u00dfe Entscheidungen an. Morgen werde ich einer meiner \u201aOptionen\u2018 folgen, und dem historischen Caminho damit den R\u00fccken kehren. Zum \u201awarum\u2019 und \u201aweshalb\u2019 dann morgen mehr\u2026<\/p>\n<p>&nbsp;<\/p>\n<p>&nbsp;<\/p>\n","protected":false},"excerpt":{"rendered":"<p>Was f\u00fcr ein gastfreundlicher Ort! Ich komme bereits um 10:15 Uhr an, nach gut 15 kilometriger Pilgertour, galt es doch, diese Wanderung bei Dauerniesel und -regen m\u00f6glichst flink zu absolvieren. Die tausenden Callas links und rechts des Caminhos sehen das &#8211; ihrer Natur gem\u00e4\u00df &#8211; anders: Sie bl\u00fchen erst so richtig auf bei dieser wunderbaren atlantischen Luftfeuchte\u2026: \u2026 und die allseits ans\u00e4ssigen Moose und Flechten stimmen gerne in diesen Kanon&hellip;<\/p>\n","protected":false},"author":2,"featured_media":23692,"comment_status":"open","ping_status":"open","sticky":false,"template":"","format":"standard","meta":{"footnotes":""},"categories":[27,39,28,3,35,30,23,33],"tags":[],"class_list":["post-23691","post","type-post","status-publish","format-standard","has-post-thumbnail","hentry","category-alle-bilder","category-arbeit","category-haeuser","category-menschen","category-schlechtes-wetter","category-tradition","category-winter","category-woanders"],"jetpack_featured_media_url":"https:\/\/jessel.de\/365-tage-sylt\/wp-content\/uploads\/2026\/03\/IMG_4783.jpeg","_links":{"self":[{"href":"https:\/\/jessel.de\/365-tage-sylt\/wp-json\/wp\/v2\/posts\/23691","targetHints":{"allow":["GET"]}}],"collection":[{"href":"https:\/\/jessel.de\/365-tage-sylt\/wp-json\/wp\/v2\/posts"}],"about":[{"href":"https:\/\/jessel.de\/365-tage-sylt\/wp-json\/wp\/v2\/types\/post"}],"author":[{"embeddable":true,"href":"https:\/\/jessel.de\/365-tage-sylt\/wp-json\/wp\/v2\/users\/2"}],"replies":[{"embeddable":true,"href":"https:\/\/jessel.de\/365-tage-sylt\/wp-json\/wp\/v2\/comments?post=23691"}],"version-history":[{"count":10,"href":"https:\/\/jessel.de\/365-tage-sylt\/wp-json\/wp\/v2\/posts\/23691\/revisions"}],"predecessor-version":[{"id":23713,"href":"https:\/\/jessel.de\/365-tage-sylt\/wp-json\/wp\/v2\/posts\/23691\/revisions\/23713"}],"wp:featuredmedia":[{"embeddable":true,"href":"https:\/\/jessel.de\/365-tage-sylt\/wp-json\/wp\/v2\/media\/23692"}],"wp:attachment":[{"href":"https:\/\/jessel.de\/365-tage-sylt\/wp-json\/wp\/v2\/media?parent=23691"}],"wp:term":[{"taxonomy":"category","embeddable":true,"href":"https:\/\/jessel.de\/365-tage-sylt\/wp-json\/wp\/v2\/categories?post=23691"},{"taxonomy":"post_tag","embeddable":true,"href":"https:\/\/jessel.de\/365-tage-sylt\/wp-json\/wp\/v2\/tags?post=23691"}],"curies":[{"name":"wp","href":"https:\/\/api.w.org\/{rel}","templated":true}]}}