{"id":23714,"date":"2026-03-15T19:11:03","date_gmt":"2026-03-15T19:11:03","guid":{"rendered":"https:\/\/jessel.de\/365-tage-sylt\/?p=23714"},"modified":"2026-03-16T00:46:29","modified_gmt":"2026-03-16T00:46:29","slug":"15-maerz-der-ozean-ruft-haaans-komm-doch-wieder","status":"publish","type":"post","link":"https:\/\/jessel.de\/365-tage-sylt\/15-maerz-der-ozean-ruft-haaans-komm-doch-wieder\/","title":{"rendered":"15. M\u00e4rz: Der Ozean singt: \u201eHaaans, Junge komm\u2018 bald wieder\u2026!\u201c"},"content":{"rendered":"<p>Gl\u00fccklicherweise entscheide ich mich noch am gestrigen Abend, dieser Pilgertour eine klare Wende zu geben. Das erspart mir eine durchgegr\u00fcbelte Nacht. \u00a0Nachdem Loreen die Nachricht geschickt hat, dass der \u201eHinterland-Caminho\u201c auf der kommenden Etappe zur Schlammschlacht wird, und das mit eindr\u00fccklichen Fotos untermauert, erinnere ich mich, dass auch mein Reisef\u00fchrer warnt, diese Strecke bei Dauerregen zu laufen. Zumal es steile Passagen gibt, die dann superrutschig werden &#8211; und damit tats\u00e4chlich gef\u00e4hrlich.<\/p>\n<p>Also luscher\u2018 ich mal in meine OMIO-App hinein, ob es einen \u00d6PNV zur\u00fcck zur K\u00fcste gibt. Den \u00a0gibt\u2019s! Also buche ich kurzentschlossen einen Platz im Bus, der um 9:40 Uhr nach VIANA DO CASTELO f\u00e4hrt:<\/p>\n<p><img loading=\"lazy\" decoding=\"async\" class=\"alignnone size-full wp-image-23718\" src=\"https:\/\/jessel.de\/365-tage-sylt\/wp-content\/uploads\/2026\/03\/Screenshot_20260315_191224_com.android.gallery3d.jpeg\" alt=\"\" width=\"1080\" height=\"2340\" srcset=\"https:\/\/jessel.de\/365-tage-sylt\/wp-content\/uploads\/2026\/03\/Screenshot_20260315_191224_com.android.gallery3d.jpeg 1080w, https:\/\/jessel.de\/365-tage-sylt\/wp-content\/uploads\/2026\/03\/Screenshot_20260315_191224_com.android.gallery3d-138x300.jpeg 138w, https:\/\/jessel.de\/365-tage-sylt\/wp-content\/uploads\/2026\/03\/Screenshot_20260315_191224_com.android.gallery3d-473x1024.jpeg 473w, https:\/\/jessel.de\/365-tage-sylt\/wp-content\/uploads\/2026\/03\/Screenshot_20260315_191224_com.android.gallery3d-768x1664.jpeg 768w, https:\/\/jessel.de\/365-tage-sylt\/wp-content\/uploads\/2026\/03\/Screenshot_20260315_191224_com.android.gallery3d-709x1536.jpeg 709w, https:\/\/jessel.de\/365-tage-sylt\/wp-content\/uploads\/2026\/03\/Screenshot_20260315_191224_com.android.gallery3d-945x2048.jpeg 945w\" sizes=\"auto, (max-width: 1080px) 100vw, 1080px\" \/><\/p>\n<p>Gute Entscheidung! Es l\u00e4uft auch alles wie am Schn\u00fcrchen, und die Sonne scheint \u00a0bereits, als ich \u00fcber die Limabr\u00fccke Richtung Busbahnhof eile:<\/p>\n<p><img loading=\"lazy\" decoding=\"async\" class=\"size-full wp-image-23719\" src=\"https:\/\/jessel.de\/365-tage-sylt\/wp-content\/uploads\/2026\/03\/IMG_4819.jpeg\" alt=\"\" width=\"1100\" height=\"800\" srcset=\"https:\/\/jessel.de\/365-tage-sylt\/wp-content\/uploads\/2026\/03\/IMG_4819.jpeg 1100w, https:\/\/jessel.de\/365-tage-sylt\/wp-content\/uploads\/2026\/03\/IMG_4819-300x218.jpeg 300w, https:\/\/jessel.de\/365-tage-sylt\/wp-content\/uploads\/2026\/03\/IMG_4819-1024x745.jpeg 1024w, https:\/\/jessel.de\/365-tage-sylt\/wp-content\/uploads\/2026\/03\/IMG_4819-768x559.jpeg 768w\" sizes=\"auto, (max-width: 1100px) 100vw, 1100px\" \/><\/p>\n<p>Gute anderthalb Stunden geniesse ich die sonnige Sonntagvormittags-Stimmung in Viana do Castelo\u2026:<\/p>\n<p><img loading=\"lazy\" decoding=\"async\" class=\"size-full wp-image-23721\" src=\"https:\/\/jessel.de\/365-tage-sylt\/wp-content\/uploads\/2026\/03\/IMG_4816.jpeg\" alt=\"\" width=\"1100\" height=\"800\" srcset=\"https:\/\/jessel.de\/365-tage-sylt\/wp-content\/uploads\/2026\/03\/IMG_4816.jpeg 1100w, https:\/\/jessel.de\/365-tage-sylt\/wp-content\/uploads\/2026\/03\/IMG_4816-300x218.jpeg 300w, https:\/\/jessel.de\/365-tage-sylt\/wp-content\/uploads\/2026\/03\/IMG_4816-1024x745.jpeg 1024w, https:\/\/jessel.de\/365-tage-sylt\/wp-content\/uploads\/2026\/03\/IMG_4816-768x559.jpeg 768w\" sizes=\"auto, (max-width: 1100px) 100vw, 1100px\" \/><\/p>\n<p>\u2026 trinke einen Caf\u00e9, fotografiere etwas herum\u2026:<\/p>\n<p><img loading=\"lazy\" decoding=\"async\" class=\"size-full wp-image-23720\" src=\"https:\/\/jessel.de\/365-tage-sylt\/wp-content\/uploads\/2026\/03\/IMG_4818.jpeg\" alt=\"\" width=\"1100\" height=\"800\" srcset=\"https:\/\/jessel.de\/365-tage-sylt\/wp-content\/uploads\/2026\/03\/IMG_4818.jpeg 1100w, https:\/\/jessel.de\/365-tage-sylt\/wp-content\/uploads\/2026\/03\/IMG_4818-300x218.jpeg 300w, https:\/\/jessel.de\/365-tage-sylt\/wp-content\/uploads\/2026\/03\/IMG_4818-1024x745.jpeg 1024w, https:\/\/jessel.de\/365-tage-sylt\/wp-content\/uploads\/2026\/03\/IMG_4818-768x559.jpeg 768w\" sizes=\"auto, (max-width: 1100px) 100vw, 1100px\" \/><\/p>\n<p>\u2026 bevor ich den pittoresken Ort nach Norden durch gelbbl\u00fchende Felder Richtung K\u00fcste verlasse:<\/p>\n<p><img loading=\"lazy\" decoding=\"async\" class=\"size-full wp-image-23725\" src=\"https:\/\/jessel.de\/365-tage-sylt\/wp-content\/uploads\/2026\/03\/IMG_4811.jpeg\" alt=\"\" width=\"1100\" height=\"800\" srcset=\"https:\/\/jessel.de\/365-tage-sylt\/wp-content\/uploads\/2026\/03\/IMG_4811.jpeg 1100w, https:\/\/jessel.de\/365-tage-sylt\/wp-content\/uploads\/2026\/03\/IMG_4811-300x218.jpeg 300w, https:\/\/jessel.de\/365-tage-sylt\/wp-content\/uploads\/2026\/03\/IMG_4811-1024x745.jpeg 1024w, https:\/\/jessel.de\/365-tage-sylt\/wp-content\/uploads\/2026\/03\/IMG_4811-768x559.jpeg 768w\" sizes=\"auto, (max-width: 1100px) 100vw, 1100px\" \/><\/p>\n<p>Es f\u00fchlt sich an wie einer dieser windigen, k\u00fchlen Junimorgende auf Sylt: Gute 10 Kilometer herrlichster K\u00fcstenlandschaft liegen vor mir\u2026:<\/p>\n<p><img loading=\"lazy\" decoding=\"async\" class=\"size-full wp-image-23726\" src=\"https:\/\/jessel.de\/365-tage-sylt\/wp-content\/uploads\/2026\/03\/IMG_4807.jpeg\" alt=\"\" width=\"1100\" height=\"800\" srcset=\"https:\/\/jessel.de\/365-tage-sylt\/wp-content\/uploads\/2026\/03\/IMG_4807.jpeg 1100w, https:\/\/jessel.de\/365-tage-sylt\/wp-content\/uploads\/2026\/03\/IMG_4807-300x218.jpeg 300w, https:\/\/jessel.de\/365-tage-sylt\/wp-content\/uploads\/2026\/03\/IMG_4807-1024x745.jpeg 1024w, https:\/\/jessel.de\/365-tage-sylt\/wp-content\/uploads\/2026\/03\/IMG_4807-768x559.jpeg 768w\" sizes=\"auto, (max-width: 1100px) 100vw, 1100px\" \/><\/p>\n<p>\u2026 wobei mir ein frischer Nordwind mit Beaufort 6 direkt ins Gesicht bl\u00e4st. Und dieser Wind weht hier augenscheinlich h\u00e4ufiger\u2026:<\/p>\n<p><img loading=\"lazy\" decoding=\"async\" class=\"alignnone size-full wp-image-23727\" src=\"https:\/\/jessel.de\/365-tage-sylt\/wp-content\/uploads\/2026\/03\/IMG_4806.jpeg\" alt=\"\" width=\"1100\" height=\"800\" srcset=\"https:\/\/jessel.de\/365-tage-sylt\/wp-content\/uploads\/2026\/03\/IMG_4806.jpeg 1100w, https:\/\/jessel.de\/365-tage-sylt\/wp-content\/uploads\/2026\/03\/IMG_4806-300x218.jpeg 300w, https:\/\/jessel.de\/365-tage-sylt\/wp-content\/uploads\/2026\/03\/IMG_4806-1024x745.jpeg 1024w, https:\/\/jessel.de\/365-tage-sylt\/wp-content\/uploads\/2026\/03\/IMG_4806-768x559.jpeg 768w\" sizes=\"auto, (max-width: 1100px) 100vw, 1100px\" \/><\/p>\n<p>Deshalb auch die vielen (ehemaligen) Windm\u00fchlen, an denen ich vorbeimarschiere:<\/p>\n<p><img loading=\"lazy\" decoding=\"async\" class=\"size-full wp-image-23733\" src=\"https:\/\/jessel.de\/365-tage-sylt\/wp-content\/uploads\/2026\/03\/IMG_4812-1.jpeg\" alt=\"\" width=\"1100\" height=\"800\" srcset=\"https:\/\/jessel.de\/365-tage-sylt\/wp-content\/uploads\/2026\/03\/IMG_4812-1.jpeg 1100w, https:\/\/jessel.de\/365-tage-sylt\/wp-content\/uploads\/2026\/03\/IMG_4812-1-300x218.jpeg 300w, https:\/\/jessel.de\/365-tage-sylt\/wp-content\/uploads\/2026\/03\/IMG_4812-1-1024x745.jpeg 1024w, https:\/\/jessel.de\/365-tage-sylt\/wp-content\/uploads\/2026\/03\/IMG_4812-1-768x559.jpeg 768w\" sizes=\"auto, (max-width: 1100px) 100vw, 1100px\" \/><\/p>\n<p>\u2026 eine h\u00fcbscher als die andere:<\/p>\n<p><img loading=\"lazy\" decoding=\"async\" class=\"size-full wp-image-23730\" src=\"https:\/\/jessel.de\/365-tage-sylt\/wp-content\/uploads\/2026\/03\/IMG_4813.jpeg\" alt=\"\" width=\"1100\" height=\"800\" srcset=\"https:\/\/jessel.de\/365-tage-sylt\/wp-content\/uploads\/2026\/03\/IMG_4813.jpeg 1100w, https:\/\/jessel.de\/365-tage-sylt\/wp-content\/uploads\/2026\/03\/IMG_4813-300x218.jpeg 300w, https:\/\/jessel.de\/365-tage-sylt\/wp-content\/uploads\/2026\/03\/IMG_4813-1024x745.jpeg 1024w, https:\/\/jessel.de\/365-tage-sylt\/wp-content\/uploads\/2026\/03\/IMG_4813-768x559.jpeg 768w\" sizes=\"auto, (max-width: 1100px) 100vw, 1100px\" \/><\/p>\n<p>\u2026 und diese hier h\u00e4tte ich am liebsten mitgenommen. Hach, das w\u00e4re eine ideale Behausung f\u00fcr mich!:<\/p>\n<p><img loading=\"lazy\" decoding=\"async\" class=\"size-full wp-image-23731\" src=\"https:\/\/jessel.de\/365-tage-sylt\/wp-content\/uploads\/2026\/03\/IMG_4810.jpeg\" alt=\"\" width=\"1100\" height=\"800\" srcset=\"https:\/\/jessel.de\/365-tage-sylt\/wp-content\/uploads\/2026\/03\/IMG_4810.jpeg 1100w, https:\/\/jessel.de\/365-tage-sylt\/wp-content\/uploads\/2026\/03\/IMG_4810-300x218.jpeg 300w, https:\/\/jessel.de\/365-tage-sylt\/wp-content\/uploads\/2026\/03\/IMG_4810-1024x745.jpeg 1024w, https:\/\/jessel.de\/365-tage-sylt\/wp-content\/uploads\/2026\/03\/IMG_4810-768x559.jpeg 768w\" sizes=\"auto, (max-width: 1100px) 100vw, 1100px\" \/><\/p>\n<p>Wie in den letzten Tagen auf dem Historischen Weg im Hinterland sehe ich auch heute nur wenige Mitpilger. Der Caminho verabschiedet sich im weiteren auch hinter die Bahnlinie einige hundert Meter weiter \u00f6stlich, ich aber bleibe zun\u00e4chst in Meeresn\u00e4he in dieser erfrischenden Salzluft, bevor auch ich in AFIFE beim Bahnhof die Gleise quere\u2026:<\/p>\n<p><img loading=\"lazy\" decoding=\"async\" class=\"size-full wp-image-23735\" src=\"https:\/\/jessel.de\/365-tage-sylt\/wp-content\/uploads\/2026\/03\/IMG_4808.jpeg\" alt=\"\" width=\"1100\" height=\"800\" srcset=\"https:\/\/jessel.de\/365-tage-sylt\/wp-content\/uploads\/2026\/03\/IMG_4808.jpeg 1100w, https:\/\/jessel.de\/365-tage-sylt\/wp-content\/uploads\/2026\/03\/IMG_4808-300x218.jpeg 300w, https:\/\/jessel.de\/365-tage-sylt\/wp-content\/uploads\/2026\/03\/IMG_4808-1024x745.jpeg 1024w, https:\/\/jessel.de\/365-tage-sylt\/wp-content\/uploads\/2026\/03\/IMG_4808-768x559.jpeg 768w\" sizes=\"auto, (max-width: 1100px) 100vw, 1100px\" \/><\/p>\n<p>\u2026 und nur wenige hundert Meter weiter meine vorgebuchte Unterkunft erreiche:<\/p>\n<p><img loading=\"lazy\" decoding=\"async\" class=\"size-full wp-image-23740\" src=\"https:\/\/jessel.de\/365-tage-sylt\/wp-content\/uploads\/2026\/03\/IMG_4803.jpeg\" alt=\"\" width=\"1100\" height=\"800\" srcset=\"https:\/\/jessel.de\/365-tage-sylt\/wp-content\/uploads\/2026\/03\/IMG_4803.jpeg 1100w, https:\/\/jessel.de\/365-tage-sylt\/wp-content\/uploads\/2026\/03\/IMG_4803-300x218.jpeg 300w, https:\/\/jessel.de\/365-tage-sylt\/wp-content\/uploads\/2026\/03\/IMG_4803-1024x745.jpeg 1024w, https:\/\/jessel.de\/365-tage-sylt\/wp-content\/uploads\/2026\/03\/IMG_4803-768x559.jpeg 768w\" sizes=\"auto, (max-width: 1100px) 100vw, 1100px\" \/><\/p>\n<p>&nbsp;<\/p>\n<p>&nbsp;<\/p>\n<p>&nbsp;<\/p>\n<p>&nbsp;<\/p>\n<p>&nbsp;<\/p>\n<p>&nbsp;<\/p>\n<p>&nbsp;<\/p>\n<p>&nbsp;<\/p>\n<p>&nbsp;<\/p>\n","protected":false},"excerpt":{"rendered":"<p>Gl\u00fccklicherweise entscheide ich mich noch am gestrigen Abend, dieser Pilgertour eine klare Wende zu geben. Das erspart mir eine durchgegr\u00fcbelte Nacht. \u00a0Nachdem Loreen die Nachricht geschickt hat, dass der \u201eHinterland-Caminho\u201c auf der kommenden Etappe zur Schlammschlacht wird, und das mit eindr\u00fccklichen Fotos untermauert, erinnere ich mich, dass auch mein Reisef\u00fchrer warnt, diese Strecke bei Dauerregen zu laufen. Zumal es steile Passagen gibt, die dann superrutschig werden &#8211; und damit tats\u00e4chlich&hellip;<\/p>\n","protected":false},"author":2,"featured_media":23715,"comment_status":"open","ping_status":"open","sticky":false,"template":"","format":"standard","meta":{"footnotes":""},"categories":[27,39,3,23,33],"tags":[],"class_list":["post-23714","post","type-post","status-publish","format-standard","has-post-thumbnail","hentry","category-alle-bilder","category-arbeit","category-menschen","category-winter","category-woanders"],"jetpack_featured_media_url":"https:\/\/jessel.de\/365-tage-sylt\/wp-content\/uploads\/2026\/03\/IMG_4814.jpeg","_links":{"self":[{"href":"https:\/\/jessel.de\/365-tage-sylt\/wp-json\/wp\/v2\/posts\/23714","targetHints":{"allow":["GET"]}}],"collection":[{"href":"https:\/\/jessel.de\/365-tage-sylt\/wp-json\/wp\/v2\/posts"}],"about":[{"href":"https:\/\/jessel.de\/365-tage-sylt\/wp-json\/wp\/v2\/types\/post"}],"author":[{"embeddable":true,"href":"https:\/\/jessel.de\/365-tage-sylt\/wp-json\/wp\/v2\/users\/2"}],"replies":[{"embeddable":true,"href":"https:\/\/jessel.de\/365-tage-sylt\/wp-json\/wp\/v2\/comments?post=23714"}],"version-history":[{"count":13,"href":"https:\/\/jessel.de\/365-tage-sylt\/wp-json\/wp\/v2\/posts\/23714\/revisions"}],"predecessor-version":[{"id":23745,"href":"https:\/\/jessel.de\/365-tage-sylt\/wp-json\/wp\/v2\/posts\/23714\/revisions\/23745"}],"wp:featuredmedia":[{"embeddable":true,"href":"https:\/\/jessel.de\/365-tage-sylt\/wp-json\/wp\/v2\/media\/23715"}],"wp:attachment":[{"href":"https:\/\/jessel.de\/365-tage-sylt\/wp-json\/wp\/v2\/media?parent=23714"}],"wp:term":[{"taxonomy":"category","embeddable":true,"href":"https:\/\/jessel.de\/365-tage-sylt\/wp-json\/wp\/v2\/categories?post=23714"},{"taxonomy":"post_tag","embeddable":true,"href":"https:\/\/jessel.de\/365-tage-sylt\/wp-json\/wp\/v2\/tags?post=23714"}],"curies":[{"name":"wp","href":"https:\/\/api.w.org\/{rel}","templated":true}]}}