{"id":23746,"date":"2026-03-16T18:36:40","date_gmt":"2026-03-16T18:36:40","guid":{"rendered":"https:\/\/jessel.de\/365-tage-sylt\/?p=23746"},"modified":"2026-03-17T05:04:40","modified_gmt":"2026-03-17T05:04:40","slug":"16-maerz-a-praia-infinita-der-endlose-strand","status":"publish","type":"post","link":"https:\/\/jessel.de\/365-tage-sylt\/16-maerz-a-praia-infinita-der-endlose-strand\/","title":{"rendered":"16. M\u00e4rz: A praia infinita &#8211; Der endlose Strand"},"content":{"rendered":"<p>Eine innere Stimme r\u00e4t mir bereits im Morgengrauen, heute den Caminho Caminho sein zu lassen, und daf\u00fcr zumindest auf der ersten Streckenh\u00e4lfte die sich am Wegesrand erstreckenden Str\u00e4nde zu erkunden. \u201eDer Weg ist das Ziel\u201c hei\u00dft es immer wieder f\u00fcr Jakobspilger, dies gilt ganz besonders auf dem Portugiesischen K\u00fcstenweg, der &#8211; im Gegensatz zum inl\u00e4ndischen Weg &#8211; keinerlei historischen Bezug besitzt, sondern eher als (offenbar gelungener) Vorsto\u00df der K\u00fcstengemeinden zu sehen ist, sich vom gro\u00dfen touristischen Kuchen namens CAMINHO auch einen Anteil einzuverleiben.<\/p>\n<p>Meine Unterkunft in Afife liegt knapp einen Kilometer vom Meer entfernt. Allerdings h\u00f6re ich das Donnern der Atlantikbrandung wegen der fr\u00fchmorgendlichen Windstille sogar bei geschlossenem Fenster. Heimat! Also \u00f6ffne ich alle Luken und inhaliere den sanften Atem des Ozeans, hach!<br \/>\nSchwerer Dunst quillt \u00fcber die D\u00fcnen, laute M\u00f6wentrupps, vom ersten Sonnenlicht beschienen, gleiten \u00fcber mir gen Meer. Ich m\u00f6chte, nein &#8211; ich MUSS dabei sein.<\/p>\n<p>Und ich bin f\u00fcr l\u00e4ngere Zeit der einzige in diesem gewaltigen Naturspektakel, finde auch gleich eine kleine \u201eBadewanne\u201c zwischen den Felsen zum Anbaden 2026\u2026<\/p>\n<p>Auf meinem Weg nach Norden schlie\u00dft sich eine \u201eWilderness\u201c an. Als es am Strand nicht mehr weitergeht, finde ich hinter den D\u00fcnen einen Weg \u201edurchs Geb\u00fcsch\u201c,den sich die Fischer angelegt haben. Dahinter dann der n\u00e4chste Riesenstrand, nun bereits mit Blick auf VILA PRAIA DE \u00c2NCORA\u2026:<\/p>\n<p><img loading=\"lazy\" decoding=\"async\" class=\"size-full wp-image-23752\" src=\"https:\/\/jessel.de\/365-tage-sylt\/wp-content\/uploads\/2026\/03\/IMG_4846.jpeg\" alt=\"\" width=\"1100\" height=\"800\" srcset=\"https:\/\/jessel.de\/365-tage-sylt\/wp-content\/uploads\/2026\/03\/IMG_4846.jpeg 1100w, https:\/\/jessel.de\/365-tage-sylt\/wp-content\/uploads\/2026\/03\/IMG_4846-300x218.jpeg 300w, https:\/\/jessel.de\/365-tage-sylt\/wp-content\/uploads\/2026\/03\/IMG_4846-1024x745.jpeg 1024w, https:\/\/jessel.de\/365-tage-sylt\/wp-content\/uploads\/2026\/03\/IMG_4846-768x559.jpeg 768w\" sizes=\"auto, (max-width: 1100px) 100vw, 1100px\" \/><\/p>\n<p>\u00dcberraschung: Nach dem gestrigen Sonnentag sind &#8211; zu abertausenden &#8211; die Mittagsblumen aus dem Winterschlaf erwacht und s\u00e4umen meinen Weg\u2026 das ist ja wie im Paradies hier\u2026:<\/p>\n<p><img loading=\"lazy\" decoding=\"async\" class=\"alignnone size-full wp-image-23756\" src=\"https:\/\/jessel.de\/365-tage-sylt\/wp-content\/uploads\/2026\/03\/IMG_4858.jpeg\" alt=\"\" width=\"1100\" height=\"800\" srcset=\"https:\/\/jessel.de\/365-tage-sylt\/wp-content\/uploads\/2026\/03\/IMG_4858.jpeg 1100w, https:\/\/jessel.de\/365-tage-sylt\/wp-content\/uploads\/2026\/03\/IMG_4858-300x218.jpeg 300w, https:\/\/jessel.de\/365-tage-sylt\/wp-content\/uploads\/2026\/03\/IMG_4858-1024x745.jpeg 1024w, https:\/\/jessel.de\/365-tage-sylt\/wp-content\/uploads\/2026\/03\/IMG_4858-768x559.jpeg 768w\" sizes=\"auto, (max-width: 1100px) 100vw, 1100px\" \/><\/p>\n<p>In Vila Praia ist erstmal eine sch\u00f6pferische Pause im \u00f6rtlichen Promenadencaf\u00e9 angesagt:<\/p>\n<p><img loading=\"lazy\" decoding=\"async\" class=\"size-full wp-image-23758\" src=\"https:\/\/jessel.de\/365-tage-sylt\/wp-content\/uploads\/2026\/03\/IMG_4852.jpeg\" alt=\"\" width=\"1100\" height=\"800\" srcset=\"https:\/\/jessel.de\/365-tage-sylt\/wp-content\/uploads\/2026\/03\/IMG_4852.jpeg 1100w, https:\/\/jessel.de\/365-tage-sylt\/wp-content\/uploads\/2026\/03\/IMG_4852-300x218.jpeg 300w, https:\/\/jessel.de\/365-tage-sylt\/wp-content\/uploads\/2026\/03\/IMG_4852-1024x745.jpeg 1024w, https:\/\/jessel.de\/365-tage-sylt\/wp-content\/uploads\/2026\/03\/IMG_4852-768x559.jpeg 768w\" sizes=\"auto, (max-width: 1100px) 100vw, 1100px\" \/><\/p>\n<p>Okayokay, zugegeben: Zivilisation ist auch etwas Sch\u00f6nes. Au\u00dferdem treffe ich ab hier wieder auf meine Mitpilger, die sich ebenfalls der Mu\u00dfe und Kontemplation widmen. Weiterhin rollt eine 5-Meter-D\u00fcnung auf die Felsen zu, um vor unseren Augen mit ohrenbet\u00e4ubendem Gedonner zu zerst\u00e4uben:<\/p>\n<p><img loading=\"lazy\" decoding=\"async\" class=\"size-full wp-image-23759\" src=\"https:\/\/jessel.de\/365-tage-sylt\/wp-content\/uploads\/2026\/03\/IMG_4849.jpeg\" alt=\"\" width=\"1100\" height=\"800\" srcset=\"https:\/\/jessel.de\/365-tage-sylt\/wp-content\/uploads\/2026\/03\/IMG_4849.jpeg 1100w, https:\/\/jessel.de\/365-tage-sylt\/wp-content\/uploads\/2026\/03\/IMG_4849-300x218.jpeg 300w, https:\/\/jessel.de\/365-tage-sylt\/wp-content\/uploads\/2026\/03\/IMG_4849-1024x745.jpeg 1024w, https:\/\/jessel.de\/365-tage-sylt\/wp-content\/uploads\/2026\/03\/IMG_4849-768x559.jpeg 768w\" sizes=\"auto, (max-width: 1100px) 100vw, 1100px\" \/><\/p>\n<p>Dieser Tag ist mit Mega-Natur derart \u00fcbererf\u00fcllt, dass mir mittlerweile egal ist, was noch passiert. Ich werde mich auf alles einlassen. Ein seltenes Feature im Leben des Hans Jessel, mal unter uns gesagt. Und ein sp\u00fcrbarer Hinweis, dass der Caminho seine Wirkung entfaltet.<\/p>\n<p>Der spektakul\u00e4re K\u00fcstenweg schl\u00e4ngelt sich weiter nach Norden. Hinter einer Biegung der erste Blick aufs bereits spanische Galizien. Der kegelf\u00f6rmige Berg liegt bereits hinter der M\u00fcndung des Grenzflusses RIO MINHO:<\/p>\n<p><img loading=\"lazy\" decoding=\"async\" class=\"alignnone size-full wp-image-23760\" src=\"https:\/\/jessel.de\/365-tage-sylt\/wp-content\/uploads\/2026\/03\/IMG_4860.jpeg\" alt=\"\" width=\"1100\" height=\"800\" srcset=\"https:\/\/jessel.de\/365-tage-sylt\/wp-content\/uploads\/2026\/03\/IMG_4860.jpeg 1100w, https:\/\/jessel.de\/365-tage-sylt\/wp-content\/uploads\/2026\/03\/IMG_4860-300x218.jpeg 300w, https:\/\/jessel.de\/365-tage-sylt\/wp-content\/uploads\/2026\/03\/IMG_4860-1024x745.jpeg 1024w, https:\/\/jessel.de\/365-tage-sylt\/wp-content\/uploads\/2026\/03\/IMG_4860-768x559.jpeg 768w\" sizes=\"auto, (max-width: 1100px) 100vw, 1100px\" \/><\/p>\n<p>Dass wir uns hier auf einem in erster Linie spirituellem Weg befinden, wird immer wieder am Wegesrand deutlich. Pilger versuchen, an besonderen Orten am Wegesrand das Drama der eigenen Verg\u00e4nglichkeit in Form von Kunstwerken zu artikulieren. Das folgende ber\u00fchrt mich zutiefst, und ich lasse es bewusst unerkl\u00e4rt, wird doch jeder seine eigene Interpretation finden &#8211; oder vielleicht auch nicht:<\/p>\n<p><img loading=\"lazy\" decoding=\"async\" class=\"size-full wp-image-23768\" src=\"https:\/\/jessel.de\/365-tage-sylt\/wp-content\/uploads\/2026\/03\/IMG_4861.jpeg\" alt=\"\" width=\"1100\" height=\"800\" srcset=\"https:\/\/jessel.de\/365-tage-sylt\/wp-content\/uploads\/2026\/03\/IMG_4861.jpeg 1100w, https:\/\/jessel.de\/365-tage-sylt\/wp-content\/uploads\/2026\/03\/IMG_4861-300x218.jpeg 300w, https:\/\/jessel.de\/365-tage-sylt\/wp-content\/uploads\/2026\/03\/IMG_4861-1024x745.jpeg 1024w, https:\/\/jessel.de\/365-tage-sylt\/wp-content\/uploads\/2026\/03\/IMG_4861-768x559.jpeg 768w\" sizes=\"auto, (max-width: 1100px) 100vw, 1100px\" \/><\/p>\n<p>Also lege ich \u201emeinen\u201c Stein dazu und n\u00e4here mich weiter meinem heutigen Ziel CAMINHA. Auf einer Sandbarre im M\u00fcndungsbereich des Grenzflusses quere ich dazu noch einen wahren \u00a0\u201eM\u00e4rchenwald\u201c\u2026:<\/p>\n<p>&nbsp;<\/p>\n<p><img loading=\"lazy\" decoding=\"async\" class=\"size-full wp-image-23771\" src=\"https:\/\/jessel.de\/365-tage-sylt\/wp-content\/uploads\/2026\/03\/IMG_4854.jpeg\" alt=\"\" width=\"1100\" height=\"800\" srcset=\"https:\/\/jessel.de\/365-tage-sylt\/wp-content\/uploads\/2026\/03\/IMG_4854.jpeg 1100w, https:\/\/jessel.de\/365-tage-sylt\/wp-content\/uploads\/2026\/03\/IMG_4854-300x218.jpeg 300w, https:\/\/jessel.de\/365-tage-sylt\/wp-content\/uploads\/2026\/03\/IMG_4854-1024x745.jpeg 1024w, https:\/\/jessel.de\/365-tage-sylt\/wp-content\/uploads\/2026\/03\/IMG_4854-768x559.jpeg 768w\" sizes=\"auto, (max-width: 1100px) 100vw, 1100px\" \/><\/p>\n<p>\u2026 bevor ich &#8211; nun bereits am Flussufer &#8211; eine kuriose Situation erlebe: Das \u201ePILGRIMS TAXIBOOT\u201c hat hier seine allerbeste Location gefunden, verlockt es doch manchen von langer Wanderung weichgesp\u00fclten Pilger, sich die beiden Tagesetappen \u00fcber VALEN\u00c7A zu sparen, und &#8211; f\u00fcr gutes Geld &#8211; bereits hier \u00fcberzusetzen\u2026:<\/p>\n<p><img loading=\"lazy\" decoding=\"async\" class=\"size-full wp-image-23772\" src=\"https:\/\/jessel.de\/365-tage-sylt\/wp-content\/uploads\/2026\/03\/IMG_4856.jpeg\" alt=\"\" width=\"1100\" height=\"800\" srcset=\"https:\/\/jessel.de\/365-tage-sylt\/wp-content\/uploads\/2026\/03\/IMG_4856.jpeg 1100w, https:\/\/jessel.de\/365-tage-sylt\/wp-content\/uploads\/2026\/03\/IMG_4856-300x218.jpeg 300w, https:\/\/jessel.de\/365-tage-sylt\/wp-content\/uploads\/2026\/03\/IMG_4856-1024x745.jpeg 1024w, https:\/\/jessel.de\/365-tage-sylt\/wp-content\/uploads\/2026\/03\/IMG_4856-768x559.jpeg 768w\" sizes=\"auto, (max-width: 1100px) 100vw, 1100px\" \/><\/p>\n<p>W\u00e4hrend ich mich noch \u00fcber das gelungene Gesch\u00e4ftsmodell am\u00fcsiere, ruft eine weibliche Stimme vom nahen Parkplatz in geschliffenem Englisch, ob ich interessiert sei an einer \u00dcberfahrt. Ich drehe mich um und blicke auf eine hinreissende Sch\u00f6nheit in der Bl\u00fcte ihrer Jahre, offenbar die Kapit\u00e4nin dieses Bootes, die ihre laaangen Beine bereits mit Elan aus dem Auto pellt\u2026.<\/p>\n<p>Tja, M\u00e4del, die Bereitschaft zum Verzicht sollte die dominierende Charaktereigenschaft eines jeden Jakobspilgers sein, die tagt\u00e4glich abverlangt wird.<\/p>\n<p>Immer noch schmunzelnd, nicht zuletzt \u00fcber meine Standhaftigkeit, erreiche ich das Ortszentrum Caminhas\u2026:<\/p>\n<p><img loading=\"lazy\" decoding=\"async\" class=\"size-full wp-image-23774\" src=\"https:\/\/jessel.de\/365-tage-sylt\/wp-content\/uploads\/2026\/03\/IMG_4857.jpeg\" alt=\"\" width=\"1100\" height=\"800\" srcset=\"https:\/\/jessel.de\/365-tage-sylt\/wp-content\/uploads\/2026\/03\/IMG_4857.jpeg 1100w, https:\/\/jessel.de\/365-tage-sylt\/wp-content\/uploads\/2026\/03\/IMG_4857-300x218.jpeg 300w, https:\/\/jessel.de\/365-tage-sylt\/wp-content\/uploads\/2026\/03\/IMG_4857-1024x745.jpeg 1024w, https:\/\/jessel.de\/365-tage-sylt\/wp-content\/uploads\/2026\/03\/IMG_4857-768x559.jpeg 768w\" sizes=\"auto, (max-width: 1100px) 100vw, 1100px\" \/><\/p>\n<p>\u2026 und g\u00f6nne mir, zur Feier dieses erf\u00fcllten Pilgertages, ein Bier\u2018chen auf dem Hauotplatz der Altstadt:<\/p>\n<p><img loading=\"lazy\" decoding=\"async\" class=\"size-full wp-image-23775\" src=\"https:\/\/jessel.de\/365-tage-sylt\/wp-content\/uploads\/2026\/03\/IMG_4855.jpeg\" alt=\"\" width=\"800\" height=\"1100\" srcset=\"https:\/\/jessel.de\/365-tage-sylt\/wp-content\/uploads\/2026\/03\/IMG_4855.jpeg 800w, https:\/\/jessel.de\/365-tage-sylt\/wp-content\/uploads\/2026\/03\/IMG_4855-218x300.jpeg 218w, https:\/\/jessel.de\/365-tage-sylt\/wp-content\/uploads\/2026\/03\/IMG_4855-745x1024.jpeg 745w, https:\/\/jessel.de\/365-tage-sylt\/wp-content\/uploads\/2026\/03\/IMG_4855-768x1056.jpeg 768w\" sizes=\"auto, (max-width: 800px) 100vw, 800px\" \/><\/p>\n<p>&nbsp;<\/p>\n<p>&nbsp;<\/p>\n<p>&nbsp;<\/p>\n<p>&nbsp;<\/p>\n<p>&nbsp;<\/p>\n","protected":false},"excerpt":{"rendered":"<p>Eine innere Stimme r\u00e4t mir bereits im Morgengrauen, heute den Caminho Caminho sein zu lassen, und daf\u00fcr zumindest auf der ersten Streckenh\u00e4lfte die sich am Wegesrand erstreckenden Str\u00e4nde zu erkunden. \u201eDer Weg ist das Ziel\u201c hei\u00dft es immer wieder f\u00fcr Jakobspilger, dies gilt ganz besonders auf dem Portugiesischen K\u00fcstenweg, der &#8211; im Gegensatz zum inl\u00e4ndischen Weg &#8211; keinerlei historischen Bezug besitzt, sondern eher als (offenbar gelungener) Vorsto\u00df der K\u00fcstengemeinden zu&hellip;<\/p>\n","protected":false},"author":2,"featured_media":23747,"comment_status":"open","ping_status":"open","sticky":false,"template":"","format":"standard","meta":{"footnotes":""},"categories":[27,39,24,26,23,33],"tags":[],"class_list":["post-23746","post","type-post","status-publish","format-standard","has-post-thumbnail","hentry","category-alle-bilder","category-arbeit","category-duenen","category-strand","category-winter","category-woanders"],"jetpack_featured_media_url":"https:\/\/jessel.de\/365-tage-sylt\/wp-content\/uploads\/2026\/03\/IMG_4845.jpeg","_links":{"self":[{"href":"https:\/\/jessel.de\/365-tage-sylt\/wp-json\/wp\/v2\/posts\/23746","targetHints":{"allow":["GET"]}}],"collection":[{"href":"https:\/\/jessel.de\/365-tage-sylt\/wp-json\/wp\/v2\/posts"}],"about":[{"href":"https:\/\/jessel.de\/365-tage-sylt\/wp-json\/wp\/v2\/types\/post"}],"author":[{"embeddable":true,"href":"https:\/\/jessel.de\/365-tage-sylt\/wp-json\/wp\/v2\/users\/2"}],"replies":[{"embeddable":true,"href":"https:\/\/jessel.de\/365-tage-sylt\/wp-json\/wp\/v2\/comments?post=23746"}],"version-history":[{"count":20,"href":"https:\/\/jessel.de\/365-tage-sylt\/wp-json\/wp\/v2\/posts\/23746\/revisions"}],"predecessor-version":[{"id":23779,"href":"https:\/\/jessel.de\/365-tage-sylt\/wp-json\/wp\/v2\/posts\/23746\/revisions\/23779"}],"wp:featuredmedia":[{"embeddable":true,"href":"https:\/\/jessel.de\/365-tage-sylt\/wp-json\/wp\/v2\/media\/23747"}],"wp:attachment":[{"href":"https:\/\/jessel.de\/365-tage-sylt\/wp-json\/wp\/v2\/media?parent=23746"}],"wp:term":[{"taxonomy":"category","embeddable":true,"href":"https:\/\/jessel.de\/365-tage-sylt\/wp-json\/wp\/v2\/categories?post=23746"},{"taxonomy":"post_tag","embeddable":true,"href":"https:\/\/jessel.de\/365-tage-sylt\/wp-json\/wp\/v2\/tags?post=23746"}],"curies":[{"name":"wp","href":"https:\/\/api.w.org\/{rel}","templated":true}]}}