{"id":23780,"date":"2026-03-17T20:45:16","date_gmt":"2026-03-17T20:45:16","guid":{"rendered":"https:\/\/jessel.de\/365-tage-sylt\/?p=23780"},"modified":"2026-03-17T21:26:43","modified_gmt":"2026-03-17T21:26:43","slug":"17-maerz-gestern-abend-abendstimmung-ueber-dem-watt-vor-caminho","status":"publish","type":"post","link":"https:\/\/jessel.de\/365-tage-sylt\/17-maerz-gestern-abend-abendstimmung-ueber-dem-watt-vor-caminho\/","title":{"rendered":"17. M\u00e4rz: Gestern Abend &#8211; Abendstimmung \u00fcber dem Watt vor Caminha"},"content":{"rendered":"<p>Hatte ich eigentlich erz\u00e4hlt, dass ich vor exakt 50 Jahren, im Sommer 1976, das erste, und bislang auch letzte Mal in Caminha gewesen bin?<\/p>\n<p>Heute Nachmittag fahre ich abermals per Zug hier ein. Ich glaube, ich sollte kurz berichten, wie es dazu kam:<\/p>\n<p><img loading=\"lazy\" decoding=\"async\" class=\"size-full wp-image-23785\" src=\"https:\/\/jessel.de\/365-tage-sylt\/wp-content\/uploads\/2026\/03\/IMG_4880.jpeg\" alt=\"\" width=\"1100\" height=\"800\" srcset=\"https:\/\/jessel.de\/365-tage-sylt\/wp-content\/uploads\/2026\/03\/IMG_4880.jpeg 1100w, https:\/\/jessel.de\/365-tage-sylt\/wp-content\/uploads\/2026\/03\/IMG_4880-300x218.jpeg 300w, https:\/\/jessel.de\/365-tage-sylt\/wp-content\/uploads\/2026\/03\/IMG_4880-1024x745.jpeg 1024w, https:\/\/jessel.de\/365-tage-sylt\/wp-content\/uploads\/2026\/03\/IMG_4880-768x559.jpeg 768w\" sizes=\"auto, (max-width: 1100px) 100vw, 1100px\" \/><\/p>\n<p>Als ich gestern Abend die Farb-Orgie \u00fcber den Flusswatten fotografierte, entschied ich spontan, hier noch eine zus\u00e4tzliche \u00dcbernachtung einzuplanen. Da ich mein geplantes Pilgerprogramm, n\u00e4mlich die Wanderung von Porto bis Valen\u00e7a, jedoch auf keinen Fall schm\u00e4lern wollte, kam ich auf den geniaaalen Gedanken, heute die n\u00e4chste Etappe mit kleinem Gep\u00e4ck bis nach VILA NOVA DE CERVEIRA wie geplant zu pilgern, und von dort per Zug zur\u00fcckzufahren.<\/p>\n<p>Also startete ich bald nach 9 Uhr in Caminha\u2026:<\/p>\n<p><img loading=\"lazy\" decoding=\"async\" class=\"size-full wp-image-23782\" src=\"https:\/\/jessel.de\/365-tage-sylt\/wp-content\/uploads\/2026\/03\/IMG_4890.jpeg\" alt=\"\" width=\"1200\" height=\"800\" srcset=\"https:\/\/jessel.de\/365-tage-sylt\/wp-content\/uploads\/2026\/03\/IMG_4890.jpeg 1200w, https:\/\/jessel.de\/365-tage-sylt\/wp-content\/uploads\/2026\/03\/IMG_4890-300x200.jpeg 300w, https:\/\/jessel.de\/365-tage-sylt\/wp-content\/uploads\/2026\/03\/IMG_4890-1024x683.jpeg 1024w, https:\/\/jessel.de\/365-tage-sylt\/wp-content\/uploads\/2026\/03\/IMG_4890-768x512.jpeg 768w\" sizes=\"auto, (max-width: 1200px) 100vw, 1200px\" \/><\/p>\n<p>\u2026 folgte den gelben Pfeilen dann entlang der Flusswatten\u2026:<\/p>\n<p><img loading=\"lazy\" decoding=\"async\" class=\"size-full wp-image-23783\" src=\"https:\/\/jessel.de\/365-tage-sylt\/wp-content\/uploads\/2026\/03\/IMG_4888.jpeg\" alt=\"\" width=\"1100\" height=\"800\" srcset=\"https:\/\/jessel.de\/365-tage-sylt\/wp-content\/uploads\/2026\/03\/IMG_4888.jpeg 1100w, https:\/\/jessel.de\/365-tage-sylt\/wp-content\/uploads\/2026\/03\/IMG_4888-300x218.jpeg 300w, https:\/\/jessel.de\/365-tage-sylt\/wp-content\/uploads\/2026\/03\/IMG_4888-1024x745.jpeg 1024w, https:\/\/jessel.de\/365-tage-sylt\/wp-content\/uploads\/2026\/03\/IMG_4888-768x559.jpeg 768w\" sizes=\"auto, (max-width: 1100px) 100vw, 1100px\" \/><\/p>\n<p>\u2026 und querte schliesslich die alte Steinbr\u00fccke \u00fcber den Nebenfluss COURA, der unmittelbar vor Caminha in den MINHO flie\u00dft &#8211; hier abgebildet als Fliesen-Tableau am Bahnhofsgeb\u00e4ude:<\/p>\n<p><img loading=\"lazy\" decoding=\"async\" class=\"size-full wp-image-23784\" src=\"https:\/\/jessel.de\/365-tage-sylt\/wp-content\/uploads\/2026\/03\/IMG_4881.jpeg\" alt=\"\" width=\"1100\" height=\"800\" srcset=\"https:\/\/jessel.de\/365-tage-sylt\/wp-content\/uploads\/2026\/03\/IMG_4881.jpeg 1100w, https:\/\/jessel.de\/365-tage-sylt\/wp-content\/uploads\/2026\/03\/IMG_4881-300x218.jpeg 300w, https:\/\/jessel.de\/365-tage-sylt\/wp-content\/uploads\/2026\/03\/IMG_4881-1024x745.jpeg 1024w, https:\/\/jessel.de\/365-tage-sylt\/wp-content\/uploads\/2026\/03\/IMG_4881-768x559.jpeg 768w\" sizes=\"auto, (max-width: 1100px) 100vw, 1100px\" \/><\/p>\n<p>Im Weiteren lief ich vorbei an vielen in Bl\u00fcte stehenden Vorg\u00e4rten\u2026:<\/p>\n<p><img loading=\"lazy\" decoding=\"async\" class=\"size-full wp-image-23790\" src=\"https:\/\/jessel.de\/365-tage-sylt\/wp-content\/uploads\/2026\/03\/IMG_4884.jpeg\" alt=\"\" width=\"1100\" height=\"800\" srcset=\"https:\/\/jessel.de\/365-tage-sylt\/wp-content\/uploads\/2026\/03\/IMG_4884.jpeg 1100w, https:\/\/jessel.de\/365-tage-sylt\/wp-content\/uploads\/2026\/03\/IMG_4884-300x218.jpeg 300w, https:\/\/jessel.de\/365-tage-sylt\/wp-content\/uploads\/2026\/03\/IMG_4884-1024x745.jpeg 1024w, https:\/\/jessel.de\/365-tage-sylt\/wp-content\/uploads\/2026\/03\/IMG_4884-768x559.jpeg 768w\" sizes=\"auto, (max-width: 1100px) 100vw, 1100px\" \/><\/p>\n<p>\u2026 blickte immer wieder zur\u00fcck auf die M\u00fcndung des Minhos, wo ich gestern vorbeikam\u2026:<\/p>\n<p><img loading=\"lazy\" decoding=\"async\" class=\"size-full wp-image-23788\" src=\"https:\/\/jessel.de\/365-tage-sylt\/wp-content\/uploads\/2026\/03\/IMG_4886.jpeg\" alt=\"\" width=\"1100\" height=\"800\" srcset=\"https:\/\/jessel.de\/365-tage-sylt\/wp-content\/uploads\/2026\/03\/IMG_4886.jpeg 1100w, https:\/\/jessel.de\/365-tage-sylt\/wp-content\/uploads\/2026\/03\/IMG_4886-300x218.jpeg 300w, https:\/\/jessel.de\/365-tage-sylt\/wp-content\/uploads\/2026\/03\/IMG_4886-1024x745.jpeg 1024w, https:\/\/jessel.de\/365-tage-sylt\/wp-content\/uploads\/2026\/03\/IMG_4886-768x559.jpeg 768w\" sizes=\"auto, (max-width: 1100px) 100vw, 1100px\" \/><\/p>\n<p>\u2026 versuchte, die Kunstwerke neben der \u201eEcopista do Minho\u201c zu begreifen, die parallel zum Caminho Portugu\u00eas verl\u00e4uft, aber viel dichter am Fluss\u2026 und erreichte gegen 12:30 Uhr den wirklich entz\u00fcckenden Marktflecken VILA NOVA DE CERVEIRA\u2026:<\/p>\n<p><img loading=\"lazy\" decoding=\"async\" class=\"size-full wp-image-23798\" src=\"https:\/\/jessel.de\/365-tage-sylt\/wp-content\/uploads\/2026\/03\/IMG_4882-2.jpeg\" alt=\"\" width=\"800\" height=\"1100\" srcset=\"https:\/\/jessel.de\/365-tage-sylt\/wp-content\/uploads\/2026\/03\/IMG_4882-2.jpeg 800w, https:\/\/jessel.de\/365-tage-sylt\/wp-content\/uploads\/2026\/03\/IMG_4882-2-218x300.jpeg 218w, https:\/\/jessel.de\/365-tage-sylt\/wp-content\/uploads\/2026\/03\/IMG_4882-2-745x1024.jpeg 745w, https:\/\/jessel.de\/365-tage-sylt\/wp-content\/uploads\/2026\/03\/IMG_4882-2-768x1056.jpeg 768w\" sizes=\"auto, (max-width: 800px) 100vw, 800px\" \/><\/p>\n<p>\u2026 in dem ich mich bis zur Abfahrt meines Zuges gerne ein wenig umgesehen habe:<\/p>\n<p><img loading=\"lazy\" decoding=\"async\" class=\"size-full wp-image-23800\" src=\"https:\/\/jessel.de\/365-tage-sylt\/wp-content\/uploads\/2026\/03\/IMG_4883.jpeg\" alt=\"\" width=\"1200\" height=\"800\" srcset=\"https:\/\/jessel.de\/365-tage-sylt\/wp-content\/uploads\/2026\/03\/IMG_4883.jpeg 1200w, https:\/\/jessel.de\/365-tage-sylt\/wp-content\/uploads\/2026\/03\/IMG_4883-300x200.jpeg 300w, https:\/\/jessel.de\/365-tage-sylt\/wp-content\/uploads\/2026\/03\/IMG_4883-1024x683.jpeg 1024w, https:\/\/jessel.de\/365-tage-sylt\/wp-content\/uploads\/2026\/03\/IMG_4883-768x512.jpeg 768w\" sizes=\"auto, (max-width: 1200px) 100vw, 1200px\" \/><\/p>\n<p>Der Zug kommt p\u00fcnktlich, und nur 11 Minuten sp\u00e4ter fahre ich in Caminha ein\u2026. wo ich mich zum Sonnenuntergang (nat\u00fcrlich) wieder am Watt einfinde:<\/p>\n<p><img loading=\"lazy\" decoding=\"async\" class=\"size-full wp-image-23801\" src=\"https:\/\/jessel.de\/365-tage-sylt\/wp-content\/uploads\/2026\/03\/IMG_4879.jpeg\" alt=\"\" width=\"1100\" height=\"800\" srcset=\"https:\/\/jessel.de\/365-tage-sylt\/wp-content\/uploads\/2026\/03\/IMG_4879.jpeg 1100w, https:\/\/jessel.de\/365-tage-sylt\/wp-content\/uploads\/2026\/03\/IMG_4879-300x218.jpeg 300w, https:\/\/jessel.de\/365-tage-sylt\/wp-content\/uploads\/2026\/03\/IMG_4879-1024x745.jpeg 1024w, https:\/\/jessel.de\/365-tage-sylt\/wp-content\/uploads\/2026\/03\/IMG_4879-768x559.jpeg 768w\" sizes=\"auto, (max-width: 1100px) 100vw, 1100px\" \/><\/p>\n<p>Heiliger Bimbam! Da gr\u00e4bt sogar noch einer nach Wattw\u00fcrmern\u2026<\/p>\n<p>&nbsp;<\/p>\n<p>&nbsp;<\/p>\n<p>&nbsp;<\/p>\n<p>&nbsp;<\/p>\n<p>&nbsp;<\/p>\n<p>&nbsp;<\/p>\n<p>&nbsp;<\/p>\n","protected":false},"excerpt":{"rendered":"<p>Hatte ich eigentlich erz\u00e4hlt, dass ich vor exakt 50 Jahren, im Sommer 1976, das erste, und bislang auch letzte Mal in Caminha gewesen bin? Heute Nachmittag fahre ich abermals per Zug hier ein. Ich glaube, ich sollte kurz berichten, wie es dazu kam: Als ich gestern Abend die Farb-Orgie \u00fcber den Flusswatten fotografierte, entschied ich spontan, hier noch eine zus\u00e4tzliche \u00dcbernachtung einzuplanen. Da ich mein geplantes Pilgerprogramm, n\u00e4mlich die Wanderung&hellip;<\/p>\n","protected":false},"author":2,"featured_media":23781,"comment_status":"open","ping_status":"open","sticky":false,"template":"","format":"standard","meta":{"footnotes":""},"categories":[27,39,42,23,33],"tags":[],"class_list":["post-23780","post","type-post","status-publish","format-standard","has-post-thumbnail","hentry","category-alle-bilder","category-arbeit","category-watt","category-winter","category-woanders"],"jetpack_featured_media_url":"https:\/\/jessel.de\/365-tage-sylt\/wp-content\/uploads\/2026\/03\/IMG_4889.jpeg","_links":{"self":[{"href":"https:\/\/jessel.de\/365-tage-sylt\/wp-json\/wp\/v2\/posts\/23780","targetHints":{"allow":["GET"]}}],"collection":[{"href":"https:\/\/jessel.de\/365-tage-sylt\/wp-json\/wp\/v2\/posts"}],"about":[{"href":"https:\/\/jessel.de\/365-tage-sylt\/wp-json\/wp\/v2\/types\/post"}],"author":[{"embeddable":true,"href":"https:\/\/jessel.de\/365-tage-sylt\/wp-json\/wp\/v2\/users\/2"}],"replies":[{"embeddable":true,"href":"https:\/\/jessel.de\/365-tage-sylt\/wp-json\/wp\/v2\/comments?post=23780"}],"version-history":[{"count":12,"href":"https:\/\/jessel.de\/365-tage-sylt\/wp-json\/wp\/v2\/posts\/23780\/revisions"}],"predecessor-version":[{"id":23805,"href":"https:\/\/jessel.de\/365-tage-sylt\/wp-json\/wp\/v2\/posts\/23780\/revisions\/23805"}],"wp:featuredmedia":[{"embeddable":true,"href":"https:\/\/jessel.de\/365-tage-sylt\/wp-json\/wp\/v2\/media\/23781"}],"wp:attachment":[{"href":"https:\/\/jessel.de\/365-tage-sylt\/wp-json\/wp\/v2\/media?parent=23780"}],"wp:term":[{"taxonomy":"category","embeddable":true,"href":"https:\/\/jessel.de\/365-tage-sylt\/wp-json\/wp\/v2\/categories?post=23780"},{"taxonomy":"post_tag","embeddable":true,"href":"https:\/\/jessel.de\/365-tage-sylt\/wp-json\/wp\/v2\/tags?post=23780"}],"curies":[{"name":"wp","href":"https:\/\/api.w.org\/{rel}","templated":true}]}}