{"id":240,"date":"2017-02-25T08:13:28","date_gmt":"2017-02-25T08:13:28","guid":{"rendered":"http:\/\/jessel.de\/365-tage-sylt\/?p=240"},"modified":"2017-02-25T08:17:25","modified_gmt":"2017-02-25T08:17:25","slug":"sylt-ach-sylt","status":"publish","type":"post","link":"https:\/\/jessel.de\/365-tage-sylt\/sylt-ach-sylt\/","title":{"rendered":"Sylt, ach Sylt&#8230;"},"content":{"rendered":"<p>Sylt, ach Sylt&#8230;.<\/p>\n<p>&#8230;. manchmal gef\u00e4llst Du mir aus der Ferne am besten. Ich wandere dann in Gedanken Deinen endlosen und stets einsamen Strand entlang, atme die von der Wellengischt so wunderbar aromatisierte Luft, erg\u00f6tze mich am Angesp\u00fcl der letzten Flut, empfinde tief das Gef\u00fchl geradezu \u00fcberbordender Freiheit und Kraft, erklimme einen D\u00fcnen\u00fcbergang, &#8230;und m\u00f6chte dem heranst\u00fcrmendem Meer am liebsten mit lautem Gebr\u00fcll Paroli bieten &#8211; ach wie l\u00e4cherlich unm\u00f6glich, wie klein und k\u00fcmmerlich gedacht, und doch ein so bereicherndes Gef\u00fchl: Deine St\u00e4rke zu sp\u00fcren. Was Du hier vor mir\/vor uns spielst, Sylt, ist das gro\u00dfe Theater der Ewigkeit, das Theater vom Werden, Sein und immer auch vom Vergehen. Mit jeder Deiner brechenden Wellen, die besonders in den windarmen Stunden dieser letzten Tage mit ihrem donnernden Get\u00f6se die ganze Insel in Bann halten, mit jeder vorbeiziehenden Wolke, mit jedem vom Wind gepeitschten Strandhaferhalm, mit dem Heulen des Windes&#8230; und ich wandere in Gedanken Deinen endlosen und stets einsamen Strand entlang, und sp\u00fcre ergriffener als irgendwann, dass ICH in diesem DEINEM Theater keine Rolle spiele &#8211; sondern nur Zuschauer bin. Mit einer Eintrittskarte versehen f\u00fcr die Restzeit meines Lebens.<\/p>\n<p>Wenn Ihr MICH fragt, warum ich Sylt so manisch fotografiere, dann sehe ich den Grund genau hier. Ich banne Sylts Protagonisten der Ewigkeit: die Wellen, die Wolken, den Wind und den Strandhafer &#8222;auf Celluloid&#8220;, ich verewige magische Ausschnitte Deines Auftretens einzig, um teilzunehmen an dieser Vorstellung. Ich fotografiere MEINE Sicht auf die Ewigkeit, indem ich Sekundenausschnitte davon in Bildern den Zeitl\u00e4uften entrei\u00dfe.<\/p>\n","protected":false},"excerpt":{"rendered":"<p>Sylt, ach Sylt&#8230;. &#8230;. manchmal gef\u00e4llst Du mir aus der Ferne am besten. Ich wandere dann in Gedanken Deinen endlosen und stets einsamen Strand entlang, atme die von der Wellengischt so wunderbar aromatisierte Luft, erg\u00f6tze mich am Angesp\u00fcl der letzten Flut, empfinde tief das Gef\u00fchl geradezu \u00fcberbordender Freiheit und Kraft, erklimme einen D\u00fcnen\u00fcbergang, &#8230;und m\u00f6chte dem heranst\u00fcrmendem Meer am liebsten mit lautem Gebr\u00fcll Paroli bieten &#8211; ach wie l\u00e4cherlich unm\u00f6glich,&hellip;<\/p>\n","protected":false},"author":2,"featured_media":241,"comment_status":"open","ping_status":"open","sticky":false,"template":"","format":"standard","meta":{"footnotes":""},"categories":[27,24,25,26,23],"tags":[],"class_list":["post-240","post","type-post","status-publish","format-standard","has-post-thumbnail","hentry","category-alle-bilder","category-duenen","category-kampen","category-strand","category-winter"],"jetpack_featured_media_url":"https:\/\/jessel.de\/365-tage-sylt\/wp-content\/uploads\/2017\/02\/IMG_0192.jpg","_links":{"self":[{"href":"https:\/\/jessel.de\/365-tage-sylt\/wp-json\/wp\/v2\/posts\/240","targetHints":{"allow":["GET"]}}],"collection":[{"href":"https:\/\/jessel.de\/365-tage-sylt\/wp-json\/wp\/v2\/posts"}],"about":[{"href":"https:\/\/jessel.de\/365-tage-sylt\/wp-json\/wp\/v2\/types\/post"}],"author":[{"embeddable":true,"href":"https:\/\/jessel.de\/365-tage-sylt\/wp-json\/wp\/v2\/users\/2"}],"replies":[{"embeddable":true,"href":"https:\/\/jessel.de\/365-tage-sylt\/wp-json\/wp\/v2\/comments?post=240"}],"version-history":[{"count":4,"href":"https:\/\/jessel.de\/365-tage-sylt\/wp-json\/wp\/v2\/posts\/240\/revisions"}],"predecessor-version":[{"id":245,"href":"https:\/\/jessel.de\/365-tage-sylt\/wp-json\/wp\/v2\/posts\/240\/revisions\/245"}],"wp:featuredmedia":[{"embeddable":true,"href":"https:\/\/jessel.de\/365-tage-sylt\/wp-json\/wp\/v2\/media\/241"}],"wp:attachment":[{"href":"https:\/\/jessel.de\/365-tage-sylt\/wp-json\/wp\/v2\/media?parent=240"}],"wp:term":[{"taxonomy":"category","embeddable":true,"href":"https:\/\/jessel.de\/365-tage-sylt\/wp-json\/wp\/v2\/categories?post=240"},{"taxonomy":"post_tag","embeddable":true,"href":"https:\/\/jessel.de\/365-tage-sylt\/wp-json\/wp\/v2\/tags?post=240"}],"curies":[{"name":"wp","href":"https:\/\/api.w.org\/{rel}","templated":true}]}}