{"id":2406,"date":"2017-09-07T18:24:25","date_gmt":"2017-09-07T18:24:25","guid":{"rendered":"http:\/\/jessel.de\/365-tage-sylt\/?p=2406"},"modified":"2017-09-07T18:44:29","modified_gmt":"2017-09-07T18:44:29","slug":"ein-strandspaziergang","status":"publish","type":"post","link":"https:\/\/jessel.de\/365-tage-sylt\/ein-strandspaziergang\/","title":{"rendered":"Strandspaziergang Rantum &#8211; Westerland"},"content":{"rendered":"<p>Es ist ein ganz \u00fcberwiegend bedeckter Tag angek\u00fcndigt, aber siehe da: Schon vor 9 Uhr reisst es auf &#8211; und ein herrlicher Sp\u00e4tsommertag nimmt seinen Lauf. Am Rantumer Nordstrand bekommt die n\u00e4chste Wellenreiter-Generation die letzten Instruktionen vorm anstehenden Waschgang&#8230;:<\/p>\n<p><img loading=\"lazy\" decoding=\"async\" class=\"alignnone size-full wp-image-2407\" src=\"http:\/\/jessel.de\/365-tage-sylt\/wp-content\/uploads\/2017\/09\/L1010419.jpg\" alt=\"\" width=\"1202\" height=\"800\" srcset=\"https:\/\/jessel.de\/365-tage-sylt\/wp-content\/uploads\/2017\/09\/L1010419.jpg 1202w, https:\/\/jessel.de\/365-tage-sylt\/wp-content\/uploads\/2017\/09\/L1010419-300x200.jpg 300w, https:\/\/jessel.de\/365-tage-sylt\/wp-content\/uploads\/2017\/09\/L1010419-768x511.jpg 768w, https:\/\/jessel.de\/365-tage-sylt\/wp-content\/uploads\/2017\/09\/L1010419-1024x682.jpg 1024w\" sizes=\"auto, (max-width: 1202px) 100vw, 1202px\" \/><\/p>\n<p>&#8230; w\u00e4hrend 500m weiter ein einsamer Nackedonie die Wellen f\u00fcr die Ewigkeit konserviert:<\/p>\n<p><img loading=\"lazy\" decoding=\"async\" class=\"alignnone size-full wp-image-2410\" src=\"http:\/\/jessel.de\/365-tage-sylt\/wp-content\/uploads\/2017\/09\/L1010438.jpg\" alt=\"\" width=\"1202\" height=\"800\" srcset=\"https:\/\/jessel.de\/365-tage-sylt\/wp-content\/uploads\/2017\/09\/L1010438.jpg 1202w, https:\/\/jessel.de\/365-tage-sylt\/wp-content\/uploads\/2017\/09\/L1010438-300x200.jpg 300w, https:\/\/jessel.de\/365-tage-sylt\/wp-content\/uploads\/2017\/09\/L1010438-768x511.jpg 768w, https:\/\/jessel.de\/365-tage-sylt\/wp-content\/uploads\/2017\/09\/L1010438-1024x682.jpg 1024w\" sizes=\"auto, (max-width: 1202px) 100vw, 1202px\" \/><\/p>\n<p>Eigentlich war ich davon ausgegangen, diese Buhne noch erreichen zu k\u00f6nnen, aber die Springtide jetzt nach dem Vollmond l\u00e4sst die Flut schneller als erwartet auflaufen:<\/p>\n<p><img loading=\"lazy\" decoding=\"async\" class=\"alignnone size-full wp-image-2408\" src=\"http:\/\/jessel.de\/365-tage-sylt\/wp-content\/uploads\/2017\/09\/L1010424.jpg\" alt=\"\" width=\"1200\" height=\"800\" srcset=\"https:\/\/jessel.de\/365-tage-sylt\/wp-content\/uploads\/2017\/09\/L1010424.jpg 1200w, https:\/\/jessel.de\/365-tage-sylt\/wp-content\/uploads\/2017\/09\/L1010424-300x200.jpg 300w, https:\/\/jessel.de\/365-tage-sylt\/wp-content\/uploads\/2017\/09\/L1010424-768x512.jpg 768w, https:\/\/jessel.de\/365-tage-sylt\/wp-content\/uploads\/2017\/09\/L1010424-1024x683.jpg 1024w\" sizes=\"auto, (max-width: 1200px) 100vw, 1200px\" \/><\/p>\n<p>Eine junge Silberm\u00f6we \u00fcbt sich im Senkrechtstart (Fake! Sie landet gerade!)&#8230;:<\/p>\n<p><img loading=\"lazy\" decoding=\"async\" class=\"alignnone size-full wp-image-2411\" src=\"http:\/\/jessel.de\/365-tage-sylt\/wp-content\/uploads\/2017\/09\/L1010442.jpg\" alt=\"\" width=\"1202\" height=\"800\" srcset=\"https:\/\/jessel.de\/365-tage-sylt\/wp-content\/uploads\/2017\/09\/L1010442.jpg 1202w, https:\/\/jessel.de\/365-tage-sylt\/wp-content\/uploads\/2017\/09\/L1010442-300x200.jpg 300w, https:\/\/jessel.de\/365-tage-sylt\/wp-content\/uploads\/2017\/09\/L1010442-768x511.jpg 768w, https:\/\/jessel.de\/365-tage-sylt\/wp-content\/uploads\/2017\/09\/L1010442-1024x682.jpg 1024w\" sizes=\"auto, (max-width: 1202px) 100vw, 1202px\" \/><\/p>\n<p>&#8230; und meine geliebte Strandh\u00fctte, die schon zweimal in diesem Blog auftauchte, zeigt sich geschm\u00fcckter denn je:<\/p>\n<p><img loading=\"lazy\" decoding=\"async\" class=\"alignnone size-full wp-image-2409\" src=\"http:\/\/jessel.de\/365-tage-sylt\/wp-content\/uploads\/2017\/09\/L1010430.jpg\" alt=\"\" width=\"1202\" height=\"800\" srcset=\"https:\/\/jessel.de\/365-tage-sylt\/wp-content\/uploads\/2017\/09\/L1010430.jpg 1202w, https:\/\/jessel.de\/365-tage-sylt\/wp-content\/uploads\/2017\/09\/L1010430-300x200.jpg 300w, https:\/\/jessel.de\/365-tage-sylt\/wp-content\/uploads\/2017\/09\/L1010430-768x511.jpg 768w, https:\/\/jessel.de\/365-tage-sylt\/wp-content\/uploads\/2017\/09\/L1010430-1024x682.jpg 1024w\" sizes=\"auto, (max-width: 1202px) 100vw, 1202px\" \/><\/p>\n<p>Herrliches Wanderwetter. 14 Grad, dazu eine steife Brise, perfekt! Eigentlich wollte ich noch baden, aber es wird doch etwas k\u00fchl in kurzer Hose&#8230;<\/p>\n<p>&nbsp;<\/p>\n","protected":false},"excerpt":{"rendered":"<p>Es ist ein ganz \u00fcberwiegend bedeckter Tag angek\u00fcndigt, aber siehe da: Schon vor 9 Uhr reisst es auf &#8211; und ein herrlicher Sp\u00e4tsommertag nimmt seinen Lauf. Am Rantumer Nordstrand bekommt die n\u00e4chste Wellenreiter-Generation die letzten Instruktionen vorm anstehenden Waschgang&#8230;: &#8230; w\u00e4hrend 500m weiter ein einsamer Nackedonie die Wellen f\u00fcr die Ewigkeit konserviert: Eigentlich war ich davon ausgegangen, diese Buhne noch erreichen zu k\u00f6nnen, aber die Springtide jetzt nach dem Vollmond&hellip;<\/p>\n","protected":false},"author":2,"featured_media":2412,"comment_status":"open","ping_status":"open","sticky":false,"template":"","format":"standard","meta":{"footnotes":""},"categories":[27,39,3,46,4,26,2,7],"tags":[],"class_list":["post-2406","post","type-post","status-publish","format-standard","has-post-thumbnail","hentry","category-alle-bilder","category-arbeit","category-menschen","category-sommer","category-spuren","category-strand","category-tourismus","category-westerland"],"jetpack_featured_media_url":"https:\/\/jessel.de\/365-tage-sylt\/wp-content\/uploads\/2017\/09\/L1010447.jpg","_links":{"self":[{"href":"https:\/\/jessel.de\/365-tage-sylt\/wp-json\/wp\/v2\/posts\/2406","targetHints":{"allow":["GET"]}}],"collection":[{"href":"https:\/\/jessel.de\/365-tage-sylt\/wp-json\/wp\/v2\/posts"}],"about":[{"href":"https:\/\/jessel.de\/365-tage-sylt\/wp-json\/wp\/v2\/types\/post"}],"author":[{"embeddable":true,"href":"https:\/\/jessel.de\/365-tage-sylt\/wp-json\/wp\/v2\/users\/2"}],"replies":[{"embeddable":true,"href":"https:\/\/jessel.de\/365-tage-sylt\/wp-json\/wp\/v2\/comments?post=2406"}],"version-history":[{"count":4,"href":"https:\/\/jessel.de\/365-tage-sylt\/wp-json\/wp\/v2\/posts\/2406\/revisions"}],"predecessor-version":[{"id":2416,"href":"https:\/\/jessel.de\/365-tage-sylt\/wp-json\/wp\/v2\/posts\/2406\/revisions\/2416"}],"wp:featuredmedia":[{"embeddable":true,"href":"https:\/\/jessel.de\/365-tage-sylt\/wp-json\/wp\/v2\/media\/2412"}],"wp:attachment":[{"href":"https:\/\/jessel.de\/365-tage-sylt\/wp-json\/wp\/v2\/media?parent=2406"}],"wp:term":[{"taxonomy":"category","embeddable":true,"href":"https:\/\/jessel.de\/365-tage-sylt\/wp-json\/wp\/v2\/categories?post=2406"},{"taxonomy":"post_tag","embeddable":true,"href":"https:\/\/jessel.de\/365-tage-sylt\/wp-json\/wp\/v2\/tags?post=2406"}],"curies":[{"name":"wp","href":"https:\/\/api.w.org\/{rel}","templated":true}]}}