{"id":2417,"date":"2017-09-08T19:32:17","date_gmt":"2017-09-08T19:32:17","guid":{"rendered":"http:\/\/jessel.de\/365-tage-sylt\/?p=2417"},"modified":"2017-09-08T19:51:25","modified_gmt":"2017-09-08T19:51:25","slug":"auf-zum-kliffkieken","status":"publish","type":"post","link":"https:\/\/jessel.de\/365-tage-sylt\/auf-zum-kliffkieken\/","title":{"rendered":"Auf zum Kliffkieken&#8230;"},"content":{"rendered":"<p>WAS(!) f\u00fcr ein Regen! Es sch\u00fcttet vormittags lang und andauernd wie aus K\u00fcbeln. Gegen Mittag erste Aufheiterungen &#8211; immerhin. Ich radel&#8216; flugs einmal ums Rantum Becken, aber fotografisch tut sich da nix. Heftiger Westwind, ziemlich diesig, unkonturierte Wolken, graubraunes Watt, schreckhafte Vogelwelt&#8230; ich fahre bald wieder nach Hause&#8230;<\/p>\n<p>&#8230; und springe um 17:45 Uhr in den Bus Richtung Norden. Mit Gl\u00fcck k\u00f6nnte sich dort noch was tun, sagt mir der Satellitenfilm. So ist es:<\/p>\n<p><img loading=\"lazy\" decoding=\"async\" class=\"alignnone size-full wp-image-2420\" src=\"http:\/\/jessel.de\/365-tage-sylt\/wp-content\/uploads\/2017\/09\/L1010479.jpg\" alt=\"\" width=\"1202\" height=\"800\" srcset=\"https:\/\/jessel.de\/365-tage-sylt\/wp-content\/uploads\/2017\/09\/L1010479.jpg 1202w, https:\/\/jessel.de\/365-tage-sylt\/wp-content\/uploads\/2017\/09\/L1010479-300x200.jpg 300w, https:\/\/jessel.de\/365-tage-sylt\/wp-content\/uploads\/2017\/09\/L1010479-768x511.jpg 768w, https:\/\/jessel.de\/365-tage-sylt\/wp-content\/uploads\/2017\/09\/L1010479-1024x682.jpg 1024w\" sizes=\"auto, (max-width: 1202px) 100vw, 1202px\" \/><\/p>\n<p>Pl\u00f6tzlich gute Sicht, aber nur f\u00fcr Minuten jeweils. Schaut euch mal die Schlamm-Massen an, die sich \u00fcber den Strand ergossen haben:<\/p>\n<p><img loading=\"lazy\" decoding=\"async\" class=\"alignnone size-full wp-image-2418\" src=\"http:\/\/jessel.de\/365-tage-sylt\/wp-content\/uploads\/2017\/09\/L1010471.jpg\" alt=\"\" width=\"1202\" height=\"800\" srcset=\"https:\/\/jessel.de\/365-tage-sylt\/wp-content\/uploads\/2017\/09\/L1010471.jpg 1202w, https:\/\/jessel.de\/365-tage-sylt\/wp-content\/uploads\/2017\/09\/L1010471-300x200.jpg 300w, https:\/\/jessel.de\/365-tage-sylt\/wp-content\/uploads\/2017\/09\/L1010471-768x511.jpg 768w, https:\/\/jessel.de\/365-tage-sylt\/wp-content\/uploads\/2017\/09\/L1010471-1024x682.jpg 1024w\" sizes=\"auto, (max-width: 1202px) 100vw, 1202px\" \/><\/p>\n<p>Egal. Die Abendstimmung hat&#8217;s in sich. Im Westen bereits die n\u00e4chste Regenfront:<\/p>\n<p><img loading=\"lazy\" decoding=\"async\" class=\"alignnone size-full wp-image-2419\" src=\"http:\/\/jessel.de\/365-tage-sylt\/wp-content\/uploads\/2017\/09\/L1010477.jpg\" alt=\"\" width=\"1202\" height=\"800\" srcset=\"https:\/\/jessel.de\/365-tage-sylt\/wp-content\/uploads\/2017\/09\/L1010477.jpg 1202w, https:\/\/jessel.de\/365-tage-sylt\/wp-content\/uploads\/2017\/09\/L1010477-300x200.jpg 300w, https:\/\/jessel.de\/365-tage-sylt\/wp-content\/uploads\/2017\/09\/L1010477-768x511.jpg 768w, https:\/\/jessel.de\/365-tage-sylt\/wp-content\/uploads\/2017\/09\/L1010477-1024x682.jpg 1024w\" sizes=\"auto, (max-width: 1202px) 100vw, 1202px\" \/><\/p>\n<p>Es wird fast noch heimelig:<\/p>\n<p><img loading=\"lazy\" decoding=\"async\" class=\"alignnone size-full wp-image-2421\" src=\"http:\/\/jessel.de\/365-tage-sylt\/wp-content\/uploads\/2017\/09\/L1010489.jpg\" alt=\"\" width=\"1202\" height=\"800\" srcset=\"https:\/\/jessel.de\/365-tage-sylt\/wp-content\/uploads\/2017\/09\/L1010489.jpg 1202w, https:\/\/jessel.de\/365-tage-sylt\/wp-content\/uploads\/2017\/09\/L1010489-300x200.jpg 300w, https:\/\/jessel.de\/365-tage-sylt\/wp-content\/uploads\/2017\/09\/L1010489-768x511.jpg 768w, https:\/\/jessel.de\/365-tage-sylt\/wp-content\/uploads\/2017\/09\/L1010489-1024x682.jpg 1024w\" sizes=\"auto, (max-width: 1202px) 100vw, 1202px\" \/><\/p>\n<p>Und eeendlich ist auch diese sch\u00f6ne Stelle im Kliff mal optimal beleuchtet:<\/p>\n<p><img loading=\"lazy\" decoding=\"async\" class=\"alignnone size-full wp-image-2422\" src=\"http:\/\/jessel.de\/365-tage-sylt\/wp-content\/uploads\/2017\/09\/L1010502.jpg\" alt=\"\" width=\"1466\" height=\"800\" srcset=\"https:\/\/jessel.de\/365-tage-sylt\/wp-content\/uploads\/2017\/09\/L1010502.jpg 1466w, https:\/\/jessel.de\/365-tage-sylt\/wp-content\/uploads\/2017\/09\/L1010502-300x164.jpg 300w, https:\/\/jessel.de\/365-tage-sylt\/wp-content\/uploads\/2017\/09\/L1010502-768x419.jpg 768w, https:\/\/jessel.de\/365-tage-sylt\/wp-content\/uploads\/2017\/09\/L1010502-1024x559.jpg 1024w\" sizes=\"auto, (max-width: 1466px) 100vw, 1466px\" \/><\/p>\n<p>Da freut sich das Geographen-\/Geologenherz&#8230; und zieht dankbar ab:<\/p>\n<p><img loading=\"lazy\" decoding=\"async\" class=\"alignnone size-full wp-image-2424\" src=\"http:\/\/jessel.de\/365-tage-sylt\/wp-content\/uploads\/2017\/09\/L1010512.jpg\" alt=\"\" width=\"1202\" height=\"800\" srcset=\"https:\/\/jessel.de\/365-tage-sylt\/wp-content\/uploads\/2017\/09\/L1010512.jpg 1202w, https:\/\/jessel.de\/365-tage-sylt\/wp-content\/uploads\/2017\/09\/L1010512-300x200.jpg 300w, https:\/\/jessel.de\/365-tage-sylt\/wp-content\/uploads\/2017\/09\/L1010512-768x511.jpg 768w, https:\/\/jessel.de\/365-tage-sylt\/wp-content\/uploads\/2017\/09\/L1010512-1024x682.jpg 1024w\" sizes=\"auto, (max-width: 1202px) 100vw, 1202px\" \/><\/p>\n","protected":false},"excerpt":{"rendered":"<p>WAS(!) f\u00fcr ein Regen! Es sch\u00fcttet vormittags lang und andauernd wie aus K\u00fcbeln. Gegen Mittag erste Aufheiterungen &#8211; immerhin. Ich radel&#8216; flugs einmal ums Rantum Becken, aber fotografisch tut sich da nix. Heftiger Westwind, ziemlich diesig, unkonturierte Wolken, graubraunes Watt, schreckhafte Vogelwelt&#8230; ich fahre bald wieder nach Hause&#8230; &#8230; und springe um 17:45 Uhr in den Bus Richtung Norden. Mit Gl\u00fcck k\u00f6nnte sich dort noch was tun, sagt mir der&hellip;<\/p>\n","protected":false},"author":2,"featured_media":2423,"comment_status":"open","ping_status":"open","sticky":false,"template":"","format":"standard","meta":{"footnotes":""},"categories":[27,24,3,44,35,46,4,26,2,38],"tags":[],"class_list":["post-2417","post","type-post","status-publish","format-standard","has-post-thumbnail","hentry","category-alle-bilder","category-duenen","category-menschen","category-pflanzen","category-schlechtes-wetter","category-sommer","category-spuren","category-strand","category-tourismus","category-wenningstedt"],"jetpack_featured_media_url":"https:\/\/jessel.de\/365-tage-sylt\/wp-content\/uploads\/2017\/09\/L1010505.jpg","_links":{"self":[{"href":"https:\/\/jessel.de\/365-tage-sylt\/wp-json\/wp\/v2\/posts\/2417","targetHints":{"allow":["GET"]}}],"collection":[{"href":"https:\/\/jessel.de\/365-tage-sylt\/wp-json\/wp\/v2\/posts"}],"about":[{"href":"https:\/\/jessel.de\/365-tage-sylt\/wp-json\/wp\/v2\/types\/post"}],"author":[{"embeddable":true,"href":"https:\/\/jessel.de\/365-tage-sylt\/wp-json\/wp\/v2\/users\/2"}],"replies":[{"embeddable":true,"href":"https:\/\/jessel.de\/365-tage-sylt\/wp-json\/wp\/v2\/comments?post=2417"}],"version-history":[{"count":3,"href":"https:\/\/jessel.de\/365-tage-sylt\/wp-json\/wp\/v2\/posts\/2417\/revisions"}],"predecessor-version":[{"id":2429,"href":"https:\/\/jessel.de\/365-tage-sylt\/wp-json\/wp\/v2\/posts\/2417\/revisions\/2429"}],"wp:featuredmedia":[{"embeddable":true,"href":"https:\/\/jessel.de\/365-tage-sylt\/wp-json\/wp\/v2\/media\/2423"}],"wp:attachment":[{"href":"https:\/\/jessel.de\/365-tage-sylt\/wp-json\/wp\/v2\/media?parent=2417"}],"wp:term":[{"taxonomy":"category","embeddable":true,"href":"https:\/\/jessel.de\/365-tage-sylt\/wp-json\/wp\/v2\/categories?post=2417"},{"taxonomy":"post_tag","embeddable":true,"href":"https:\/\/jessel.de\/365-tage-sylt\/wp-json\/wp\/v2\/tags?post=2417"}],"curies":[{"name":"wp","href":"https:\/\/api.w.org\/{rel}","templated":true}]}}