{"id":24174,"date":"2026-04-27T03:17:19","date_gmt":"2026-04-27T03:17:19","guid":{"rendered":"https:\/\/jessel.de\/365-tage-sylt\/?p=24174"},"modified":"2026-04-27T04:08:07","modified_gmt":"2026-04-27T04:08:07","slug":"26-april-ein-frueher-morgen-im-norden","status":"publish","type":"post","link":"https:\/\/jessel.de\/365-tage-sylt\/26-april-ein-frueher-morgen-im-norden\/","title":{"rendered":"26. April: Ein fr\u00fcher Morgen im Norden\u2026"},"content":{"rendered":"<p>Bin zum Sonnenaufgang in List, ich fahnde immer noch nach einem Titelmotiv f\u00fcr den MEERLANDSCHAFT-Kalender 2028\u2026 und da l\u00e4uft dann des Nachts das Kopfkino: Ich bl\u00e4ttere sozusagen aus meiner Ortskenntnis und den Witterungsbedingungen meine Foto-M\u00f6glichkeiten durch &#8211; und versuche dann, diese umzusetzen\u2026 ein anstrengendes, aber letztlich meist erfolgreiches Verfahren, weil ich sehr zielgerichtet arbeiten kann. Und die Konzentration auf den Punkt, das ist meine St\u00e4rke, jepp!<\/p>\n<p>Und ich habe tats\u00e4chlich Erfolg! \u201eMein\u201c Foto ist im Kasten, aber ich m\u00f6chte es hier im Blog aus verschiedenen Gr\u00fcnden noch nicht zeigen. Also bitte noch \u201eetwas\u201c Geduld!<\/p>\n<p>Nach dem fast st\u00fcrmischem Wind der vergangenen Tage haben sich ganz traumhafte Sandmuster gebildet &#8211; mit gelegentlich auch mir nicht erkl\u00e4rlichen Strukturen:<\/p>\n<p><img loading=\"lazy\" decoding=\"async\" class=\"alignnone size-full wp-image-24179\" src=\"https:\/\/jessel.de\/365-tage-sylt\/wp-content\/uploads\/2026\/04\/IMG_5237.jpeg\" alt=\"\" width=\"1205\" height=\"800\" srcset=\"https:\/\/jessel.de\/365-tage-sylt\/wp-content\/uploads\/2026\/04\/IMG_5237.jpeg 1205w, https:\/\/jessel.de\/365-tage-sylt\/wp-content\/uploads\/2026\/04\/IMG_5237-300x199.jpeg 300w, https:\/\/jessel.de\/365-tage-sylt\/wp-content\/uploads\/2026\/04\/IMG_5237-1024x680.jpeg 1024w, https:\/\/jessel.de\/365-tage-sylt\/wp-content\/uploads\/2026\/04\/IMG_5237-768x510.jpeg 768w\" sizes=\"auto, (max-width: 1205px) 100vw, 1205px\" \/><\/p>\n<p>Die zauberhaften Zeichnungen in dieser Detail-Studie kommen in der kleinen Blog-Aufl\u00f6sung kaum zur Geltung &#8211; leider:<\/p>\n<p><img loading=\"lazy\" decoding=\"async\" class=\"alignnone size-full wp-image-24180\" src=\"https:\/\/jessel.de\/365-tage-sylt\/wp-content\/uploads\/2026\/04\/IMG_5238.jpeg\" alt=\"\" width=\"1201\" height=\"800\" srcset=\"https:\/\/jessel.de\/365-tage-sylt\/wp-content\/uploads\/2026\/04\/IMG_5238.jpeg 1201w, https:\/\/jessel.de\/365-tage-sylt\/wp-content\/uploads\/2026\/04\/IMG_5238-300x200.jpeg 300w, https:\/\/jessel.de\/365-tage-sylt\/wp-content\/uploads\/2026\/04\/IMG_5238-1024x682.jpeg 1024w, https:\/\/jessel.de\/365-tage-sylt\/wp-content\/uploads\/2026\/04\/IMG_5238-768x512.jpeg 768w\" sizes=\"auto, (max-width: 1201px) 100vw, 1201px\" \/><\/p>\n<p>Auf dem R\u00fcckweg von List radel\u2018 ich an weiteren \u201eChristo\u201c &#8211; D\u00fcnenlandschaften vorbei. Auch an diesem Kampener Parkplatz wurden die Kamtchatkarosen gro\u00dffl\u00e4chig entfernt\u2026:<\/p>\n<p><img loading=\"lazy\" decoding=\"async\" class=\"alignnone size-full wp-image-24181\" src=\"https:\/\/jessel.de\/365-tage-sylt\/wp-content\/uploads\/2026\/04\/IMG_5232.jpeg\" alt=\"\" width=\"1205\" height=\"800\" srcset=\"https:\/\/jessel.de\/365-tage-sylt\/wp-content\/uploads\/2026\/04\/IMG_5232.jpeg 1205w, https:\/\/jessel.de\/365-tage-sylt\/wp-content\/uploads\/2026\/04\/IMG_5232-300x199.jpeg 300w, https:\/\/jessel.de\/365-tage-sylt\/wp-content\/uploads\/2026\/04\/IMG_5232-1024x680.jpeg 1024w, https:\/\/jessel.de\/365-tage-sylt\/wp-content\/uploads\/2026\/04\/IMG_5232-768x510.jpeg 768w\" sizes=\"auto, (max-width: 1205px) 100vw, 1205px\" \/><\/p>\n<p>\u2026 und dieses Motiv vom Radweg vor dem Kampener Quermarkenfeuer mutet wie eine \u00fcber einen Deich schwappende Sturmwelle an:<\/p>\n<p><img loading=\"lazy\" decoding=\"async\" class=\"alignnone size-full wp-image-24182\" src=\"https:\/\/jessel.de\/365-tage-sylt\/wp-content\/uploads\/2026\/04\/IMG_5235.jpeg\" alt=\"\" width=\"1205\" height=\"800\" srcset=\"https:\/\/jessel.de\/365-tage-sylt\/wp-content\/uploads\/2026\/04\/IMG_5235.jpeg 1205w, https:\/\/jessel.de\/365-tage-sylt\/wp-content\/uploads\/2026\/04\/IMG_5235-300x199.jpeg 300w, https:\/\/jessel.de\/365-tage-sylt\/wp-content\/uploads\/2026\/04\/IMG_5235-1024x680.jpeg 1024w, https:\/\/jessel.de\/365-tage-sylt\/wp-content\/uploads\/2026\/04\/IMG_5235-768x510.jpeg 768w\" sizes=\"auto, (max-width: 1205px) 100vw, 1205px\" \/><\/p>\n<p>&nbsp;<\/p>\n","protected":false},"excerpt":{"rendered":"<p>Bin zum Sonnenaufgang in List, ich fahnde immer noch nach einem Titelmotiv f\u00fcr den MEERLANDSCHAFT-Kalender 2028\u2026 und da l\u00e4uft dann des Nachts das Kopfkino: Ich bl\u00e4ttere sozusagen aus meiner Ortskenntnis und den Witterungsbedingungen meine Foto-M\u00f6glichkeiten durch &#8211; und versuche dann, diese umzusetzen\u2026 ein anstrengendes, aber letztlich meist erfolgreiches Verfahren, weil ich sehr zielgerichtet arbeiten kann. Und die Konzentration auf den Punkt, das ist meine St\u00e4rke, jepp! Und ich habe tats\u00e4chlich&hellip;<\/p>\n","protected":false},"author":2,"featured_media":24175,"comment_status":"open","ping_status":"open","sticky":false,"template":"","format":"standard","meta":{"footnotes":""},"categories":[27,39,24,41,11,44],"tags":[],"class_list":["post-24174","post","type-post","status-publish","format-standard","has-post-thumbnail","hentry","category-alle-bilder","category-arbeit","category-duenen","category-fruehling","category-list","category-pflanzen"],"jetpack_featured_media_url":"https:\/\/jessel.de\/365-tage-sylt\/wp-content\/uploads\/2026\/04\/IMG_5233.jpeg","_links":{"self":[{"href":"https:\/\/jessel.de\/365-tage-sylt\/wp-json\/wp\/v2\/posts\/24174","targetHints":{"allow":["GET"]}}],"collection":[{"href":"https:\/\/jessel.de\/365-tage-sylt\/wp-json\/wp\/v2\/posts"}],"about":[{"href":"https:\/\/jessel.de\/365-tage-sylt\/wp-json\/wp\/v2\/types\/post"}],"author":[{"embeddable":true,"href":"https:\/\/jessel.de\/365-tage-sylt\/wp-json\/wp\/v2\/users\/2"}],"replies":[{"embeddable":true,"href":"https:\/\/jessel.de\/365-tage-sylt\/wp-json\/wp\/v2\/comments?post=24174"}],"version-history":[{"count":5,"href":"https:\/\/jessel.de\/365-tage-sylt\/wp-json\/wp\/v2\/posts\/24174\/revisions"}],"predecessor-version":[{"id":24184,"href":"https:\/\/jessel.de\/365-tage-sylt\/wp-json\/wp\/v2\/posts\/24174\/revisions\/24184"}],"wp:featuredmedia":[{"embeddable":true,"href":"https:\/\/jessel.de\/365-tage-sylt\/wp-json\/wp\/v2\/media\/24175"}],"wp:attachment":[{"href":"https:\/\/jessel.de\/365-tage-sylt\/wp-json\/wp\/v2\/media?parent=24174"}],"wp:term":[{"taxonomy":"category","embeddable":true,"href":"https:\/\/jessel.de\/365-tage-sylt\/wp-json\/wp\/v2\/categories?post=24174"},{"taxonomy":"post_tag","embeddable":true,"href":"https:\/\/jessel.de\/365-tage-sylt\/wp-json\/wp\/v2\/tags?post=24174"}],"curies":[{"name":"wp","href":"https:\/\/api.w.org\/{rel}","templated":true}]}}