{"id":24196,"date":"2026-04-28T19:45:32","date_gmt":"2026-04-28T19:45:32","guid":{"rendered":"https:\/\/jessel.de\/365-tage-sylt\/?p=24196"},"modified":"2026-04-28T21:50:31","modified_gmt":"2026-04-28T21:50:31","slug":"28-april-morgengrauen-am-wattufer","status":"publish","type":"post","link":"https:\/\/jessel.de\/365-tage-sylt\/28-april-morgengrauen-am-wattufer\/","title":{"rendered":"28. April: Morgengrauen am Wattufer"},"content":{"rendered":"<p>Mittlerweile geht die Sonne bereits um 5:50 Uhr auf, und es beginnen meine liebsten Fotomonate, in deren fr\u00fchen Morgenstunden ich viel Stille tanken kann.<\/p>\n<p>Noch nervt die nahe Stra\u00dfe nach List ziemlich, besonders die stets mit 100 Klamotten rasenden Lieferwagen, aber bald\u2026 aber bald werde ich vor denen hier sein.<\/p>\n<p>Immer wieder beeindruckend, die von den ersten Sonnenstrahlen beleckte Landschaft:<\/p>\n<p><img loading=\"lazy\" decoding=\"async\" class=\"alignnone size-full wp-image-24199\" src=\"https:\/\/jessel.de\/365-tage-sylt\/wp-content\/uploads\/2026\/04\/IMG_5248.jpeg\" alt=\"\" width=\"1205\" height=\"800\" srcset=\"https:\/\/jessel.de\/365-tage-sylt\/wp-content\/uploads\/2026\/04\/IMG_5248.jpeg 1205w, https:\/\/jessel.de\/365-tage-sylt\/wp-content\/uploads\/2026\/04\/IMG_5248-300x199.jpeg 300w, https:\/\/jessel.de\/365-tage-sylt\/wp-content\/uploads\/2026\/04\/IMG_5248-1024x680.jpeg 1024w, https:\/\/jessel.de\/365-tage-sylt\/wp-content\/uploads\/2026\/04\/IMG_5248-768x510.jpeg 768w\" sizes=\"auto, (max-width: 1205px) 100vw, 1205px\" \/><\/p>\n<p>Hier, n\u00f6rdlich der Vogelkoje, registriere ich seit vielen Jahren die st\u00e4rksten Ostk\u00fcstenabbr\u00fcche der Insel\u2026:<\/p>\n<p><img loading=\"lazy\" decoding=\"async\" class=\"alignnone size-full wp-image-24197\" src=\"https:\/\/jessel.de\/365-tage-sylt\/wp-content\/uploads\/2026\/04\/IMG_5250.jpeg\" alt=\"\" width=\"1205\" height=\"800\" srcset=\"https:\/\/jessel.de\/365-tage-sylt\/wp-content\/uploads\/2026\/04\/IMG_5250.jpeg 1205w, https:\/\/jessel.de\/365-tage-sylt\/wp-content\/uploads\/2026\/04\/IMG_5250-300x199.jpeg 300w, https:\/\/jessel.de\/365-tage-sylt\/wp-content\/uploads\/2026\/04\/IMG_5250-1024x680.jpeg 1024w, https:\/\/jessel.de\/365-tage-sylt\/wp-content\/uploads\/2026\/04\/IMG_5250-768x510.jpeg 768w\" sizes=\"auto, (max-width: 1205px) 100vw, 1205px\" \/><\/p>\n<p>Wo heute die unter Sand gelegene Klei-Abbruchkante abgetragen wird, lagen vor wenigen Jahren noch die rechterhand zur\u00fcckgewichenen D\u00fcnen\u2026<\/p>\n","protected":false},"excerpt":{"rendered":"<p>Mittlerweile geht die Sonne bereits um 5:50 Uhr auf, und es beginnen meine liebsten Fotomonate, in deren fr\u00fchen Morgenstunden ich viel Stille tanken kann. Noch nervt die nahe Stra\u00dfe nach List ziemlich, besonders die stets mit 100 Klamotten rasenden Lieferwagen, aber bald\u2026 aber bald werde ich vor denen hier sein. Immer wieder beeindruckend, die von den ersten Sonnenstrahlen beleckte Landschaft: Hier, n\u00f6rdlich der Vogelkoje, registriere ich seit vielen Jahren die&hellip;<\/p>\n","protected":false},"author":2,"featured_media":24198,"comment_status":"open","ping_status":"open","sticky":false,"template":"","format":"standard","meta":{"footnotes":""},"categories":[27,39,24,41,25,42],"tags":[],"class_list":["post-24196","post","type-post","status-publish","format-standard","has-post-thumbnail","hentry","category-alle-bilder","category-arbeit","category-duenen","category-fruehling","category-kampen","category-watt"],"jetpack_featured_media_url":"https:\/\/jessel.de\/365-tage-sylt\/wp-content\/uploads\/2026\/04\/IMG_5249.jpeg","_links":{"self":[{"href":"https:\/\/jessel.de\/365-tage-sylt\/wp-json\/wp\/v2\/posts\/24196","targetHints":{"allow":["GET"]}}],"collection":[{"href":"https:\/\/jessel.de\/365-tage-sylt\/wp-json\/wp\/v2\/posts"}],"about":[{"href":"https:\/\/jessel.de\/365-tage-sylt\/wp-json\/wp\/v2\/types\/post"}],"author":[{"embeddable":true,"href":"https:\/\/jessel.de\/365-tage-sylt\/wp-json\/wp\/v2\/users\/2"}],"replies":[{"embeddable":true,"href":"https:\/\/jessel.de\/365-tage-sylt\/wp-json\/wp\/v2\/comments?post=24196"}],"version-history":[{"count":4,"href":"https:\/\/jessel.de\/365-tage-sylt\/wp-json\/wp\/v2\/posts\/24196\/revisions"}],"predecessor-version":[{"id":24205,"href":"https:\/\/jessel.de\/365-tage-sylt\/wp-json\/wp\/v2\/posts\/24196\/revisions\/24205"}],"wp:featuredmedia":[{"embeddable":true,"href":"https:\/\/jessel.de\/365-tage-sylt\/wp-json\/wp\/v2\/media\/24198"}],"wp:attachment":[{"href":"https:\/\/jessel.de\/365-tage-sylt\/wp-json\/wp\/v2\/media?parent=24196"}],"wp:term":[{"taxonomy":"category","embeddable":true,"href":"https:\/\/jessel.de\/365-tage-sylt\/wp-json\/wp\/v2\/categories?post=24196"},{"taxonomy":"post_tag","embeddable":true,"href":"https:\/\/jessel.de\/365-tage-sylt\/wp-json\/wp\/v2\/tags?post=24196"}],"curies":[{"name":"wp","href":"https:\/\/api.w.org\/{rel}","templated":true}]}}