{"id":24206,"date":"2026-04-29T18:46:35","date_gmt":"2026-04-29T18:46:35","guid":{"rendered":"https:\/\/jessel.de\/365-tage-sylt\/?p=24206"},"modified":"2026-04-29T18:48:17","modified_gmt":"2026-04-29T18:48:17","slug":"28-april-nachmittags-wo-bin-ich","status":"publish","type":"post","link":"https:\/\/jessel.de\/365-tage-sylt\/28-april-nachmittags-wo-bin-ich\/","title":{"rendered":"28. April nachmittags\u2026 Wo bin ich!?"},"content":{"rendered":"<p>Im Moment komme ich nicht hinterher mit dem Blog. Bin in der Fr\u00fche und ab sp\u00e4ten Nachmittag zum Fotografieren unterwegs, dazwischen sitze ich am projektierten Sylt-Bildband. Au\u00dferdem k\u00fcmmere ich mich um Eink\u00e4ufe und Mittagessen\u2026 Deshalb ist nun erstmal die gestrige Abend-Exkursion dran\u2026:<\/p>\n<p>Also ich war nochmals im Listland, diesmal allerdings am Weststrand, hier vor der Bambus-Bar\u2026:<\/p>\n<p><img loading=\"lazy\" decoding=\"async\" class=\"alignnone size-full wp-image-24207\" src=\"https:\/\/jessel.de\/365-tage-sylt\/wp-content\/uploads\/2026\/04\/IMG_5258.jpeg\" alt=\"\" width=\"1205\" height=\"800\" srcset=\"https:\/\/jessel.de\/365-tage-sylt\/wp-content\/uploads\/2026\/04\/IMG_5258.jpeg 1205w, https:\/\/jessel.de\/365-tage-sylt\/wp-content\/uploads\/2026\/04\/IMG_5258-300x199.jpeg 300w, https:\/\/jessel.de\/365-tage-sylt\/wp-content\/uploads\/2026\/04\/IMG_5258-1024x680.jpeg 1024w, https:\/\/jessel.de\/365-tage-sylt\/wp-content\/uploads\/2026\/04\/IMG_5258-768x510.jpeg 768w\" sizes=\"auto, (max-width: 1205px) 100vw, 1205px\" \/><\/p>\n<p>\u2026 wo ich gleich nette Begleitung fand:<\/p>\n<p><img loading=\"lazy\" decoding=\"async\" class=\"alignnone size-full wp-image-24211\" src=\"https:\/\/jessel.de\/365-tage-sylt\/wp-content\/uploads\/2026\/04\/IMG_5254.jpeg\" alt=\"\" width=\"1201\" height=\"800\" srcset=\"https:\/\/jessel.de\/365-tage-sylt\/wp-content\/uploads\/2026\/04\/IMG_5254.jpeg 1201w, https:\/\/jessel.de\/365-tage-sylt\/wp-content\/uploads\/2026\/04\/IMG_5254-300x200.jpeg 300w, https:\/\/jessel.de\/365-tage-sylt\/wp-content\/uploads\/2026\/04\/IMG_5254-1024x682.jpeg 1024w, https:\/\/jessel.de\/365-tage-sylt\/wp-content\/uploads\/2026\/04\/IMG_5254-768x512.jpeg 768w\" sizes=\"auto, (max-width: 1201px) 100vw, 1201px\" \/><\/p>\n<p>Ziel war jedoch der Strand\u2026:<\/p>\n<p><img loading=\"lazy\" decoding=\"async\" class=\"alignnone size-full wp-image-24208\" src=\"https:\/\/jessel.de\/365-tage-sylt\/wp-content\/uploads\/2026\/04\/IMG_5257.jpeg\" alt=\"\" width=\"1205\" height=\"800\" srcset=\"https:\/\/jessel.de\/365-tage-sylt\/wp-content\/uploads\/2026\/04\/IMG_5257.jpeg 1205w, https:\/\/jessel.de\/365-tage-sylt\/wp-content\/uploads\/2026\/04\/IMG_5257-300x199.jpeg 300w, https:\/\/jessel.de\/365-tage-sylt\/wp-content\/uploads\/2026\/04\/IMG_5257-1024x680.jpeg 1024w, https:\/\/jessel.de\/365-tage-sylt\/wp-content\/uploads\/2026\/04\/IMG_5257-768x510.jpeg 768w\" sizes=\"auto, (max-width: 1205px) 100vw, 1205px\" \/><\/p>\n<p>\u2026 wo ich es &#8211; bei aufkommender Flut &#8211; geraaade noch schaffte, eine Sandbank zu erreichen, von wo ich einen phantastischen Blick \u00fcber den menschenleeren Strand bis nach Kampen erhaschte:<\/p>\n<p><img loading=\"lazy\" decoding=\"async\" class=\"alignnone size-full wp-image-24213\" src=\"https:\/\/jessel.de\/365-tage-sylt\/wp-content\/uploads\/2026\/04\/IMG_5253.jpeg\" alt=\"\" width=\"1205\" height=\"800\" srcset=\"https:\/\/jessel.de\/365-tage-sylt\/wp-content\/uploads\/2026\/04\/IMG_5253.jpeg 1205w, https:\/\/jessel.de\/365-tage-sylt\/wp-content\/uploads\/2026\/04\/IMG_5253-300x199.jpeg 300w, https:\/\/jessel.de\/365-tage-sylt\/wp-content\/uploads\/2026\/04\/IMG_5253-1024x680.jpeg 1024w, https:\/\/jessel.de\/365-tage-sylt\/wp-content\/uploads\/2026\/04\/IMG_5253-768x510.jpeg 768w\" sizes=\"auto, (max-width: 1205px) 100vw, 1205px\" \/><\/p>\n<p>Und dann ging\u2019s noch hinauf auf den \u02cbEllenbogenberg\u00b4, die h\u00f6chste D\u00fcne in der Ecke der Insel\u2026:<\/p>\n<p><img loading=\"lazy\" decoding=\"async\" class=\"alignnone size-full wp-image-24209\" src=\"https:\/\/jessel.de\/365-tage-sylt\/wp-content\/uploads\/2026\/04\/IMG_5256.jpeg\" alt=\"\" width=\"1201\" height=\"800\" srcset=\"https:\/\/jessel.de\/365-tage-sylt\/wp-content\/uploads\/2026\/04\/IMG_5256.jpeg 1201w, https:\/\/jessel.de\/365-tage-sylt\/wp-content\/uploads\/2026\/04\/IMG_5256-300x200.jpeg 300w, https:\/\/jessel.de\/365-tage-sylt\/wp-content\/uploads\/2026\/04\/IMG_5256-1024x682.jpeg 1024w, https:\/\/jessel.de\/365-tage-sylt\/wp-content\/uploads\/2026\/04\/IMG_5256-768x512.jpeg 768w\" sizes=\"auto, (max-width: 1201px) 100vw, 1201px\" \/><\/p>\n<p>\u2026 von wo ich nicht nur das heutige Titelmotiv fotografierte, sondern auch noch eine weitere \u201eChristo-D\u00fcne\u201c, wo nun auch die Kamtchatkarosen entnommen wurden, incl. anschlie\u00dfender Abdeckung mit Geotextilien:<\/p>\n<p><img loading=\"lazy\" decoding=\"async\" class=\"alignnone size-full wp-image-24210\" src=\"https:\/\/jessel.de\/365-tage-sylt\/wp-content\/uploads\/2026\/04\/IMG_5255.jpeg\" alt=\"\" width=\"1205\" height=\"800\" srcset=\"https:\/\/jessel.de\/365-tage-sylt\/wp-content\/uploads\/2026\/04\/IMG_5255.jpeg 1205w, https:\/\/jessel.de\/365-tage-sylt\/wp-content\/uploads\/2026\/04\/IMG_5255-300x199.jpeg 300w, https:\/\/jessel.de\/365-tage-sylt\/wp-content\/uploads\/2026\/04\/IMG_5255-1024x680.jpeg 1024w, https:\/\/jessel.de\/365-tage-sylt\/wp-content\/uploads\/2026\/04\/IMG_5255-768x510.jpeg 768w\" sizes=\"auto, (max-width: 1205px) 100vw, 1205px\" \/><\/p>\n","protected":false},"excerpt":{"rendered":"<p>Im Moment komme ich nicht hinterher mit dem Blog. Bin in der Fr\u00fche und ab sp\u00e4ten Nachmittag zum Fotografieren unterwegs, dazwischen sitze ich am projektierten Sylt-Bildband. Au\u00dferdem k\u00fcmmere ich mich um Eink\u00e4ufe und Mittagessen\u2026 Deshalb ist nun erstmal die gestrige Abend-Exkursion dran\u2026: Also ich war nochmals im Listland, diesmal allerdings am Weststrand, hier vor der Bambus-Bar\u2026: \u2026 wo ich gleich nette Begleitung fand: Ziel war jedoch der Strand\u2026: \u2026 wo&hellip;<\/p>\n","protected":false},"author":2,"featured_media":24212,"comment_status":"open","ping_status":"open","sticky":false,"template":"","format":"standard","meta":{"footnotes":""},"categories":[27,39,24,41,28,11,26],"tags":[],"class_list":["post-24206","post","type-post","status-publish","format-standard","has-post-thumbnail","hentry","category-alle-bilder","category-arbeit","category-duenen","category-fruehling","category-haeuser","category-list","category-strand"],"jetpack_featured_media_url":"https:\/\/jessel.de\/365-tage-sylt\/wp-content\/uploads\/2026\/04\/IMG_5251.jpeg","_links":{"self":[{"href":"https:\/\/jessel.de\/365-tage-sylt\/wp-json\/wp\/v2\/posts\/24206","targetHints":{"allow":["GET"]}}],"collection":[{"href":"https:\/\/jessel.de\/365-tage-sylt\/wp-json\/wp\/v2\/posts"}],"about":[{"href":"https:\/\/jessel.de\/365-tage-sylt\/wp-json\/wp\/v2\/types\/post"}],"author":[{"embeddable":true,"href":"https:\/\/jessel.de\/365-tage-sylt\/wp-json\/wp\/v2\/users\/2"}],"replies":[{"embeddable":true,"href":"https:\/\/jessel.de\/365-tage-sylt\/wp-json\/wp\/v2\/comments?post=24206"}],"version-history":[{"count":3,"href":"https:\/\/jessel.de\/365-tage-sylt\/wp-json\/wp\/v2\/posts\/24206\/revisions"}],"predecessor-version":[{"id":24216,"href":"https:\/\/jessel.de\/365-tage-sylt\/wp-json\/wp\/v2\/posts\/24206\/revisions\/24216"}],"wp:featuredmedia":[{"embeddable":true,"href":"https:\/\/jessel.de\/365-tage-sylt\/wp-json\/wp\/v2\/media\/24212"}],"wp:attachment":[{"href":"https:\/\/jessel.de\/365-tage-sylt\/wp-json\/wp\/v2\/media?parent=24206"}],"wp:term":[{"taxonomy":"category","embeddable":true,"href":"https:\/\/jessel.de\/365-tage-sylt\/wp-json\/wp\/v2\/categories?post=24206"},{"taxonomy":"post_tag","embeddable":true,"href":"https:\/\/jessel.de\/365-tage-sylt\/wp-json\/wp\/v2\/tags?post=24206"}],"curies":[{"name":"wp","href":"https:\/\/api.w.org\/{rel}","templated":true}]}}