{"id":24217,"date":"2026-04-30T22:51:58","date_gmt":"2026-04-30T22:51:58","guid":{"rendered":"https:\/\/jessel.de\/365-tage-sylt\/?p=24217"},"modified":"2026-04-30T22:54:54","modified_gmt":"2026-04-30T22:54:54","slug":"29-30-april-viele-titelbilder","status":"publish","type":"post","link":"https:\/\/jessel.de\/365-tage-sylt\/29-30-april-viele-titelbilder\/","title":{"rendered":"29,\/30. April: Viele Titelbilder"},"content":{"rendered":"<p>Schaue ich mir die Fotos dieser beiden Tage an, f\u00e4llt mir die Titelbild-Auswahl nicht leicht. Soll ich \u00fcber die plietschen M\u00f6wen berichten, die den Fischbr\u00f6tchen-K\u00e4ufern am Lister Hafen &#8211; mit gro\u00dfem Erfolg &#8211; die just erstandenen Leckerbissen abjagen?<\/p>\n<p>Oder soll ich erz\u00e4hlen von den j\u00fcngsten \u201eChristo-Aktionen\u201c in der naturgesch\u00fctzten D\u00fcnenwelt?<\/p>\n<p><img loading=\"lazy\" decoding=\"async\" class=\"alignnone size-full wp-image-24222\" src=\"https:\/\/jessel.de\/365-tage-sylt\/wp-content\/uploads\/2026\/04\/IMG_5267.jpeg\" alt=\"\" width=\"1205\" height=\"800\" srcset=\"https:\/\/jessel.de\/365-tage-sylt\/wp-content\/uploads\/2026\/04\/IMG_5267.jpeg 1205w, https:\/\/jessel.de\/365-tage-sylt\/wp-content\/uploads\/2026\/04\/IMG_5267-300x199.jpeg 300w, https:\/\/jessel.de\/365-tage-sylt\/wp-content\/uploads\/2026\/04\/IMG_5267-1024x680.jpeg 1024w, https:\/\/jessel.de\/365-tage-sylt\/wp-content\/uploads\/2026\/04\/IMG_5267-768x510.jpeg 768w\" sizes=\"auto, (max-width: 1205px) 100vw, 1205px\" \/><\/p>\n<p>Oder m\u00f6chtet Ihr raten, wo ich wohl gerade bin?<\/p>\n<p><img loading=\"lazy\" decoding=\"async\" class=\"alignnone size-full wp-image-24224\" src=\"https:\/\/jessel.de\/365-tage-sylt\/wp-content\/uploads\/2026\/04\/IMG_5265.jpeg\" alt=\"\" width=\"1205\" height=\"800\" srcset=\"https:\/\/jessel.de\/365-tage-sylt\/wp-content\/uploads\/2026\/04\/IMG_5265.jpeg 1205w, https:\/\/jessel.de\/365-tage-sylt\/wp-content\/uploads\/2026\/04\/IMG_5265-300x199.jpeg 300w, https:\/\/jessel.de\/365-tage-sylt\/wp-content\/uploads\/2026\/04\/IMG_5265-1024x680.jpeg 1024w, https:\/\/jessel.de\/365-tage-sylt\/wp-content\/uploads\/2026\/04\/IMG_5265-768x510.jpeg 768w\" sizes=\"auto, (max-width: 1205px) 100vw, 1205px\" \/><\/p>\n<p>Antwort: Rein beruflich in der Kampener Kupferkanne:<\/p>\n<p><img loading=\"lazy\" decoding=\"async\" class=\"alignnone size-full wp-image-24223\" src=\"https:\/\/jessel.de\/365-tage-sylt\/wp-content\/uploads\/2026\/04\/IMG_5266.jpeg\" alt=\"\" width=\"1242\" height=\"800\" srcset=\"https:\/\/jessel.de\/365-tage-sylt\/wp-content\/uploads\/2026\/04\/IMG_5266.jpeg 1242w, https:\/\/jessel.de\/365-tage-sylt\/wp-content\/uploads\/2026\/04\/IMG_5266-300x193.jpeg 300w, https:\/\/jessel.de\/365-tage-sylt\/wp-content\/uploads\/2026\/04\/IMG_5266-1024x660.jpeg 1024w, https:\/\/jessel.de\/365-tage-sylt\/wp-content\/uploads\/2026\/04\/IMG_5266-768x495.jpeg 768w\" sizes=\"auto, (max-width: 1242px) 100vw, 1242px\" \/><\/p>\n<p>Ich k\u00f6nnte auch von dem makellosen Wetter schw\u00e4rmen\u2026:<\/p>\n<p><img loading=\"lazy\" decoding=\"async\" class=\"alignnone size-full wp-image-24221\" src=\"https:\/\/jessel.de\/365-tage-sylt\/wp-content\/uploads\/2026\/04\/IMG_5268.jpeg\" alt=\"\" width=\"1205\" height=\"800\" srcset=\"https:\/\/jessel.de\/365-tage-sylt\/wp-content\/uploads\/2026\/04\/IMG_5268.jpeg 1205w, https:\/\/jessel.de\/365-tage-sylt\/wp-content\/uploads\/2026\/04\/IMG_5268-300x199.jpeg 300w, https:\/\/jessel.de\/365-tage-sylt\/wp-content\/uploads\/2026\/04\/IMG_5268-1024x680.jpeg 1024w, https:\/\/jessel.de\/365-tage-sylt\/wp-content\/uploads\/2026\/04\/IMG_5268-768x510.jpeg 768w\" sizes=\"auto, (max-width: 1205px) 100vw, 1205px\" \/><\/p>\n<p>\u2026 oder dem Duft des bl\u00fchenden Ginsters an den Wegesr\u00e4ndern:<\/p>\n<p><img loading=\"lazy\" decoding=\"async\" class=\"alignnone size-full wp-image-24225\" src=\"https:\/\/jessel.de\/365-tage-sylt\/wp-content\/uploads\/2026\/04\/IMG_5264.jpeg\" alt=\"\" width=\"1205\" height=\"800\" srcset=\"https:\/\/jessel.de\/365-tage-sylt\/wp-content\/uploads\/2026\/04\/IMG_5264.jpeg 1205w, https:\/\/jessel.de\/365-tage-sylt\/wp-content\/uploads\/2026\/04\/IMG_5264-300x199.jpeg 300w, https:\/\/jessel.de\/365-tage-sylt\/wp-content\/uploads\/2026\/04\/IMG_5264-1024x680.jpeg 1024w, https:\/\/jessel.de\/365-tage-sylt\/wp-content\/uploads\/2026\/04\/IMG_5264-768x510.jpeg 768w\" sizes=\"auto, (max-width: 1205px) 100vw, 1205px\" \/><\/p>\n<p>Und wo bin ich nun?<\/p>\n<p><img loading=\"lazy\" decoding=\"async\" class=\"alignnone size-full wp-image-24219\" src=\"https:\/\/jessel.de\/365-tage-sylt\/wp-content\/uploads\/2026\/04\/IMG_5270.jpeg\" alt=\"\" width=\"1205\" height=\"800\" srcset=\"https:\/\/jessel.de\/365-tage-sylt\/wp-content\/uploads\/2026\/04\/IMG_5270.jpeg 1205w, https:\/\/jessel.de\/365-tage-sylt\/wp-content\/uploads\/2026\/04\/IMG_5270-300x199.jpeg 300w, https:\/\/jessel.de\/365-tage-sylt\/wp-content\/uploads\/2026\/04\/IMG_5270-1024x680.jpeg 1024w, https:\/\/jessel.de\/365-tage-sylt\/wp-content\/uploads\/2026\/04\/IMG_5270-768x510.jpeg 768w\" sizes=\"auto, (max-width: 1205px) 100vw, 1205px\" \/><\/p>\n<p>Tja, DAS erz\u00e4hle ich erst morgen\u2026<\/p>\n<p>&nbsp;<\/p>\n","protected":false},"excerpt":{"rendered":"<p>Schaue ich mir die Fotos dieser beiden Tage an, f\u00e4llt mir die Titelbild-Auswahl nicht leicht. Soll ich \u00fcber die plietschen M\u00f6wen berichten, die den Fischbr\u00f6tchen-K\u00e4ufern am Lister Hafen &#8211; mit gro\u00dfem Erfolg &#8211; die just erstandenen Leckerbissen abjagen? Oder soll ich erz\u00e4hlen von den j\u00fcngsten \u201eChristo-Aktionen\u201c in der naturgesch\u00fctzten D\u00fcnenwelt? Oder m\u00f6chtet Ihr raten, wo ich wohl gerade bin? Antwort: Rein beruflich in der Kampener Kupferkanne: Ich k\u00f6nnte auch von&hellip;<\/p>\n","protected":false},"author":2,"featured_media":24220,"comment_status":"open","ping_status":"open","sticky":false,"template":"","format":"standard","meta":{"footnotes":""},"categories":[27,39,41,28,43,11,3,40,2],"tags":[],"class_list":["post-24217","post","type-post","status-publish","format-standard","has-post-thumbnail","hentry","category-alle-bilder","category-arbeit","category-fruehling","category-haeuser","category-kulinarik","category-list","category-menschen","category-tiere","category-tourismus"],"jetpack_featured_media_url":"https:\/\/jessel.de\/365-tage-sylt\/wp-content\/uploads\/2026\/04\/IMG_5269.jpeg","_links":{"self":[{"href":"https:\/\/jessel.de\/365-tage-sylt\/wp-json\/wp\/v2\/posts\/24217","targetHints":{"allow":["GET"]}}],"collection":[{"href":"https:\/\/jessel.de\/365-tage-sylt\/wp-json\/wp\/v2\/posts"}],"about":[{"href":"https:\/\/jessel.de\/365-tage-sylt\/wp-json\/wp\/v2\/types\/post"}],"author":[{"embeddable":true,"href":"https:\/\/jessel.de\/365-tage-sylt\/wp-json\/wp\/v2\/users\/2"}],"replies":[{"embeddable":true,"href":"https:\/\/jessel.de\/365-tage-sylt\/wp-json\/wp\/v2\/comments?post=24217"}],"version-history":[{"count":3,"href":"https:\/\/jessel.de\/365-tage-sylt\/wp-json\/wp\/v2\/posts\/24217\/revisions"}],"predecessor-version":[{"id":24230,"href":"https:\/\/jessel.de\/365-tage-sylt\/wp-json\/wp\/v2\/posts\/24217\/revisions\/24230"}],"wp:featuredmedia":[{"embeddable":true,"href":"https:\/\/jessel.de\/365-tage-sylt\/wp-json\/wp\/v2\/media\/24220"}],"wp:attachment":[{"href":"https:\/\/jessel.de\/365-tage-sylt\/wp-json\/wp\/v2\/media?parent=24217"}],"wp:term":[{"taxonomy":"category","embeddable":true,"href":"https:\/\/jessel.de\/365-tage-sylt\/wp-json\/wp\/v2\/categories?post=24217"},{"taxonomy":"post_tag","embeddable":true,"href":"https:\/\/jessel.de\/365-tage-sylt\/wp-json\/wp\/v2\/tags?post=24217"}],"curies":[{"name":"wp","href":"https:\/\/api.w.org\/{rel}","templated":true}]}}