{"id":24231,"date":"2026-05-01T19:51:26","date_gmt":"2026-05-01T19:51:26","guid":{"rendered":"https:\/\/jessel.de\/365-tage-sylt\/?p=24231"},"modified":"2026-05-01T20:11:38","modified_gmt":"2026-05-01T20:11:38","slug":"1-mai-gaeaeaehn-schon-wiiieeeder-ein-spektakulaerer-sonnenaufgang","status":"publish","type":"post","link":"https:\/\/jessel.de\/365-tage-sylt\/1-mai-gaeaeaehn-schon-wiiieeeder-ein-spektakulaerer-sonnenaufgang\/","title":{"rendered":"1. Mai: \u201eG\u00e4\u00e4\u00e4hn, schon wiiieeeder ein spektakul\u00e4rer Sonnenaufgang!\u201c"},"content":{"rendered":"<p>Es ist an der Zeit, mal wieder \u201aadieu\u2018 bzw. \u201atschaui\u2018 zu sagen, um sich &#8211; zumindest f\u00fcr einen Tag &#8211; mal fremden Kulturen und seltenen Spezies zu widmen. Also nehmen wir mal die F\u00e4hre ab List &#8211; nehmen ein z\u00fcnftiges Bordfr\u00fchst\u00fcck ein\u2026:<\/p>\n<p><img loading=\"lazy\" decoding=\"async\" class=\"size-full wp-image-24242\" src=\"https:\/\/jessel.de\/365-tage-sylt\/wp-content\/uploads\/2026\/05\/IMG_5293.jpeg\" alt=\"\" width=\"1300\" height=\"800\" srcset=\"https:\/\/jessel.de\/365-tage-sylt\/wp-content\/uploads\/2026\/05\/IMG_5293.jpeg 1300w, https:\/\/jessel.de\/365-tage-sylt\/wp-content\/uploads\/2026\/05\/IMG_5293-300x185.jpeg 300w, https:\/\/jessel.de\/365-tage-sylt\/wp-content\/uploads\/2026\/05\/IMG_5293-1024x630.jpeg 1024w, https:\/\/jessel.de\/365-tage-sylt\/wp-content\/uploads\/2026\/05\/IMG_5293-768x473.jpeg 768w\" sizes=\"auto, (max-width: 1300px) 100vw, 1300px\" \/><\/p>\n<p>\u2026 und landen hier &#8211; wohlgen\u00e4hrt &#8211; gerade in Havneby auf der n\u00f6rdlichen Nachbarinsel R\u00f8m\u00f8:<\/p>\n<p><img loading=\"lazy\" decoding=\"async\" class=\"alignnone size-full wp-image-24234\" src=\"https:\/\/jessel.de\/365-tage-sylt\/wp-content\/uploads\/2026\/05\/IMG_5290.jpeg\" alt=\"\" width=\"1300\" height=\"800\" srcset=\"https:\/\/jessel.de\/365-tage-sylt\/wp-content\/uploads\/2026\/05\/IMG_5290.jpeg 1300w, https:\/\/jessel.de\/365-tage-sylt\/wp-content\/uploads\/2026\/05\/IMG_5290-300x185.jpeg 300w, https:\/\/jessel.de\/365-tage-sylt\/wp-content\/uploads\/2026\/05\/IMG_5290-1024x630.jpeg 1024w, https:\/\/jessel.de\/365-tage-sylt\/wp-content\/uploads\/2026\/05\/IMG_5290-768x473.jpeg 768w\" sizes=\"auto, (max-width: 1300px) 100vw, 1300px\" \/><\/p>\n<p>Vom Hafen aus geht\u2019s per pedales bis an den S\u00f8nderstrand, dann hinter den D\u00fcnen entlang nach Nooorden, bis zu diesem herrlichen Weg durch Marschen, Feuchtwiesen und D\u00fcnen\u2026:<\/p>\n<p><img loading=\"lazy\" decoding=\"async\" class=\"size-full wp-image-24233\" src=\"https:\/\/jessel.de\/365-tage-sylt\/wp-content\/uploads\/2026\/05\/IMG_5291.jpeg\" alt=\"\" width=\"1200\" height=\"800\" srcset=\"https:\/\/jessel.de\/365-tage-sylt\/wp-content\/uploads\/2026\/05\/IMG_5291.jpeg 1200w, https:\/\/jessel.de\/365-tage-sylt\/wp-content\/uploads\/2026\/05\/IMG_5291-300x200.jpeg 300w, https:\/\/jessel.de\/365-tage-sylt\/wp-content\/uploads\/2026\/05\/IMG_5291-1024x683.jpeg 1024w, https:\/\/jessel.de\/365-tage-sylt\/wp-content\/uploads\/2026\/05\/IMG_5291-768x512.jpeg 768w\" sizes=\"auto, (max-width: 1200px) 100vw, 1200px\" \/><\/p>\n<p><img loading=\"lazy\" decoding=\"async\" class=\"size-full wp-image-24243\" src=\"https:\/\/jessel.de\/365-tage-sylt\/wp-content\/uploads\/2026\/05\/IMG_5292.jpeg\" alt=\"\" width=\"1300\" height=\"800\" srcset=\"https:\/\/jessel.de\/365-tage-sylt\/wp-content\/uploads\/2026\/05\/IMG_5292.jpeg 1300w, https:\/\/jessel.de\/365-tage-sylt\/wp-content\/uploads\/2026\/05\/IMG_5292-300x185.jpeg 300w, https:\/\/jessel.de\/365-tage-sylt\/wp-content\/uploads\/2026\/05\/IMG_5292-1024x630.jpeg 1024w, https:\/\/jessel.de\/365-tage-sylt\/wp-content\/uploads\/2026\/05\/IMG_5292-768x473.jpeg 768w\" sizes=\"auto, (max-width: 1300px) 100vw, 1300px\" \/><\/p>\n<p>\u2026 bis nach Lakolk, wo f\u00fcr kalorisch unterversorgte Reisende immer noch die L\u00f6sung aller Probleme gefunden wurde:<\/p>\n<p><img loading=\"lazy\" decoding=\"async\" class=\"size-full wp-image-24245\" src=\"https:\/\/jessel.de\/365-tage-sylt\/wp-content\/uploads\/2026\/05\/IMG_5294-1.jpeg\" alt=\"\" width=\"800\" height=\"1100\" srcset=\"https:\/\/jessel.de\/365-tage-sylt\/wp-content\/uploads\/2026\/05\/IMG_5294-1.jpeg 800w, https:\/\/jessel.de\/365-tage-sylt\/wp-content\/uploads\/2026\/05\/IMG_5294-1-218x300.jpeg 218w, https:\/\/jessel.de\/365-tage-sylt\/wp-content\/uploads\/2026\/05\/IMG_5294-1-745x1024.jpeg 745w, https:\/\/jessel.de\/365-tage-sylt\/wp-content\/uploads\/2026\/05\/IMG_5294-1-768x1056.jpeg 768w\" sizes=\"auto, (max-width: 800px) 100vw, 800px\" \/><\/p>\n<p>Einen Hot Dog sp\u00e4ter geht\u2019s wieder zur\u00fcck aufs die Heimatinsel &#8211; und sooo sieht die Ann\u00e4herung nach Sylt aus, wenn die F\u00e4hre an der \u00f6stlichen Ellenbogenspitze vorbei zieht:<\/p>\n<p><img loading=\"lazy\" decoding=\"async\" class=\"alignnone size-full wp-image-24244\" src=\"https:\/\/jessel.de\/365-tage-sylt\/wp-content\/uploads\/2026\/05\/IMG_5295-1.jpeg\" alt=\"\" width=\"1100\" height=\"800\" srcset=\"https:\/\/jessel.de\/365-tage-sylt\/wp-content\/uploads\/2026\/05\/IMG_5295-1.jpeg 1100w, https:\/\/jessel.de\/365-tage-sylt\/wp-content\/uploads\/2026\/05\/IMG_5295-1-300x218.jpeg 300w, https:\/\/jessel.de\/365-tage-sylt\/wp-content\/uploads\/2026\/05\/IMG_5295-1-1024x745.jpeg 1024w, https:\/\/jessel.de\/365-tage-sylt\/wp-content\/uploads\/2026\/05\/IMG_5295-1-768x559.jpeg 768w\" sizes=\"auto, (max-width: 1100px) 100vw, 1100px\" \/><\/p>\n<p>Was f\u00fcr ein herrlicher \u201aTag der Arbeit\u2018 &#8211; und auch sch\u00f6n, wieder daheim zu sein bei Haus &amp; H\u00fchnern\u2026<\/p>\n","protected":false},"excerpt":{"rendered":"<p>Es ist an der Zeit, mal wieder \u201aadieu\u2018 bzw. \u201atschaui\u2018 zu sagen, um sich &#8211; zumindest f\u00fcr einen Tag &#8211; mal fremden Kulturen und seltenen Spezies zu widmen. Also nehmen wir mal die F\u00e4hre ab List &#8211; nehmen ein z\u00fcnftiges Bordfr\u00fchst\u00fcck ein\u2026: \u2026 und landen hier &#8211; wohlgen\u00e4hrt &#8211; gerade in Havneby auf der n\u00f6rdlichen Nachbarinsel R\u00f8m\u00f8: Vom Hafen aus geht\u2019s per pedales bis an den S\u00f8nderstrand, dann hinter den&hellip;<\/p>\n","protected":false},"author":2,"featured_media":24235,"comment_status":"open","ping_status":"open","sticky":false,"template":"","format":"standard","meta":{"footnotes":""},"categories":[27,39,41,1,31],"tags":[],"class_list":["post-24231","post","type-post","status-publish","format-standard","has-post-thumbnail","hentry","category-alle-bilder","category-arbeit","category-fruehling","category-uncategorized","category-tinnum"],"jetpack_featured_media_url":"https:\/\/jessel.de\/365-tage-sylt\/wp-content\/uploads\/2026\/05\/IMG_5287.jpeg","_links":{"self":[{"href":"https:\/\/jessel.de\/365-tage-sylt\/wp-json\/wp\/v2\/posts\/24231","targetHints":{"allow":["GET"]}}],"collection":[{"href":"https:\/\/jessel.de\/365-tage-sylt\/wp-json\/wp\/v2\/posts"}],"about":[{"href":"https:\/\/jessel.de\/365-tage-sylt\/wp-json\/wp\/v2\/types\/post"}],"author":[{"embeddable":true,"href":"https:\/\/jessel.de\/365-tage-sylt\/wp-json\/wp\/v2\/users\/2"}],"replies":[{"embeddable":true,"href":"https:\/\/jessel.de\/365-tage-sylt\/wp-json\/wp\/v2\/comments?post=24231"}],"version-history":[{"count":7,"href":"https:\/\/jessel.de\/365-tage-sylt\/wp-json\/wp\/v2\/posts\/24231\/revisions"}],"predecessor-version":[{"id":24247,"href":"https:\/\/jessel.de\/365-tage-sylt\/wp-json\/wp\/v2\/posts\/24231\/revisions\/24247"}],"wp:featuredmedia":[{"embeddable":true,"href":"https:\/\/jessel.de\/365-tage-sylt\/wp-json\/wp\/v2\/media\/24235"}],"wp:attachment":[{"href":"https:\/\/jessel.de\/365-tage-sylt\/wp-json\/wp\/v2\/media?parent=24231"}],"wp:term":[{"taxonomy":"category","embeddable":true,"href":"https:\/\/jessel.de\/365-tage-sylt\/wp-json\/wp\/v2\/categories?post=24231"},{"taxonomy":"post_tag","embeddable":true,"href":"https:\/\/jessel.de\/365-tage-sylt\/wp-json\/wp\/v2\/tags?post=24231"}],"curies":[{"name":"wp","href":"https:\/\/api.w.org\/{rel}","templated":true}]}}